{"id":49723,"date":"2025-11-15T06:34:08","date_gmt":"2025-11-15T06:34:08","guid":{"rendered":"https:\/\/www.europesays.com\/lv\/49723\/"},"modified":"2025-11-15T06:34:08","modified_gmt":"2025-11-15T06:34:08","slug":"vairakas-valstis-pastiprinas-cinu-pret-hibriddraudiem","status":"publish","type":"post","link":"https:\/\/www.europesays.com\/lv\/49723\/","title":{"rendered":"Vair\u0101kas valstis pastiprin\u0101s c\u012b\u0146u pret hibr\u012bddraudiem"},"content":{"rendered":"<p>Piecas valstis ar\u012b uzsv\u0113ra, ka nelok\u0101mi atbalsta Ukrainu t\u0101s kar\u0101 ar Krieviju, k\u0101 ar\u012b pauda ap\u0146\u0113m\u012bbu stiprin\u0101t savas armijas.<\/p>\n<p>&#8220;M\u0113s pastiprin\u0101sim sadarb\u012bbu, lai nov\u0113rstu hibr\u012bddraudus pret sabiedrotajiem, tostarp risinot probl\u0113mas, ko rada bezpilota lidapar\u0101ti, kiberuzbrukumi un dezinform\u0101cija,&#8221; teikts piecu valstu kop\u012bgaj\u0101 pazi\u0146ojum\u0101.<\/p>\n<p>Tas ietver aizsardz\u012bbas pas\u0101kumu, piem\u0113ram, pretdronu aizsardz\u012bbas sist\u0113mu, izp\u0113ti, k\u0101 ar\u012b inform\u0101cijas apmai\u0146as uzlabo\u0161anu starp Eiropas sabiedrotajiem, nor\u0101d\u012bts pazi\u0146ojum\u0101.<\/p>\n<p>P\u0113d\u0113jos m\u0113ne\u0161os vair\u0101k\u0101s Eiropas valst\u012bs lidostu un milit\u0101ro objektu tuvum\u0101 man\u012bti aizdom\u012bgi droni. Lai gan konkr\u0113tu pier\u0101d\u012bjumu par Krievijas saist\u012bbu ar \u0161iem incidentiem nav, tiek uzskat\u012bts, ka aiz tiem st\u0101v Maskava.<\/p>\n<p>V\u0101cijas aizsardz\u012bbas ministrs Boriss Pistoriuss p\u0113c tik\u0161an\u0101s izteic\u0101s, ka \u0161\u0101du darb\u012bbu m\u0113r\u0137is ir nov\u0113rst uzman\u012bbu no Krievijas probl\u0113m\u0101m, vienlaikus m\u0113\u0123inot iebied\u0113t Eiropas valstu sabiedr\u012bbu.<\/p>\n<p>Pieci aizsardz\u012bbas ministri, kam pievienoj\u0101s ar\u012b Eiropas Savien\u012bbas (ES) augst\u0101k\u0101 \u0101rlietu p\u0101rst\u0101ve Kaja Kallasa, sol\u012bja turpin\u0101t atbalst\u012bt Ukrainu. &#8220;M\u016bsu nelok\u0101mais atbalsts Ukrainai ar\u012b turpm\u0101k b\u016bs m\u016bsu darba centr\u0101lais p\u012bl\u0101rs,&#8221; pazi\u0146oja ministri, ap\u0146emoties maksim\u0101li palielin\u0101t milit\u0101ro atbalstu Ukrainai.<\/p>\n<p>Vi\u0146i ar\u012b ap\u0146\u0113m\u0101s pastiprin\u0101t r\u016bpniecisko sadarb\u012bbu ar Ukrainu, k\u0101 ar\u012b &#8220;integr\u0113t Ukrainas aizsardz\u012bbas nozari Eiropas iniciat\u012bv\u0101s un v\u0113rt\u012bbu \u0137\u0113d\u0113s&#8221;.<\/p>\n<p>Ministri ar\u012b apsol\u012bja koncentr\u0113ties uz NATO milit\u0101ro sp\u0113ju m\u0113r\u0137u sasnieg\u0161anu un aizsardz\u012bbas r\u016bpniec\u012bbas att\u012bst\u012bbu.<\/p>\n<p>&#8220;Krievijas agresija pieaug. Kar\u0161 Ukrain\u0101 turpina plos\u012bties. ASV ir pamatoti aicin\u0101ju\u0161as Eiropas valstis dar\u012bt vair\u0101k un t\u0113r\u0113t vair\u0101k aizsardz\u012bbai,&#8221; atzina Lielbrit\u0101nijas aizsardz\u012bbas ministrs D\u017eons H\u012blijs.<\/p>\n<p>&#8220;Nek\u013c\u016bdieties &#8211; m\u0113s atrodamies jaun\u0101 draudu laikmet\u0101, un tas prasa jaunu laikmetu aizsardz\u012bbai,&#8221; vi\u0146\u0161 piebilda.<\/p>\n","protected":false},"excerpt":{"rendered":"Piecas valstis ar\u012b uzsv\u0113ra, ka nelok\u0101mi atbalsta Ukrainu t\u0101s kar\u0101 ar Krieviju, k\u0101 ar\u012b pauda ap\u0146\u0113m\u012bbu stiprin\u0101t savas&hellip;\n","protected":false},"author":2,"featured_media":49724,"comment_status":"","ping_status":"","sticky":false,"template":"","format":"standard","meta":{"footnotes":""},"categories":[14],"tags":[23,57,63,28,29,32,33,22,10932,30,31,35,39,38,36,37,34,40,20,26,27,24,25,54,55,56,21,58],"class_list":{"0":"post-49723","1":"post","2":"type-post","3":"status-publish","4":"format-standard","5":"has-post-thumbnail","7":"category-zinas-no-arvalstim","8":"tag-aktualitates","9":"tag-arvalstim","10":"tag-arvalstis","11":"tag-breaking-news","12":"tag-breakingnews","13":"tag-featured-news","14":"tag-featurednews","15":"tag-headlines","16":"tag-hibriddraudi","17":"tag-latest-news","18":"tag-latestnews","19":"tag-latvia","20":"tag-latvian","21":"tag-latviesu","22":"tag-latviesu-valoda","23":"tag-latviesuvaloda","24":"tag-latvija","25":"tag-lv","26":"tag-news","27":"tag-popularakas-zinas","28":"tag-popularakaszinas","29":"tag-top-stories","30":"tag-topstories","31":"tag-world","32":"tag-world-news","33":"tag-worldnews","34":"tag-zinas","35":"tag-zinas-no-arvalstim"},"share_on_mastodon":{"url":"https:\/\/pubeurope.com\/@lv\/115552325648078018","error":""},"_links":{"self":[{"href":"https:\/\/www.europesays.com\/lv\/wp-json\/wp\/v2\/posts\/49723","targetHints":{"allow":["GET"]}}],"collection":[{"href":"https:\/\/www.europesays.com\/lv\/wp-json\/wp\/v2\/posts"}],"about":[{"href":"https:\/\/www.europesays.com\/lv\/wp-json\/wp\/v2\/types\/post"}],"author":[{"embeddable":true,"href":"https:\/\/www.europesays.com\/lv\/wp-json\/wp\/v2\/users\/2"}],"replies":[{"embeddable":true,"href":"https:\/\/www.europesays.com\/lv\/wp-json\/wp\/v2\/comments?post=49723"}],"version-history":[{"count":0,"href":"https:\/\/www.europesays.com\/lv\/wp-json\/wp\/v2\/posts\/49723\/revisions"}],"wp:featuredmedia":[{"embeddable":true,"href":"https:\/\/www.europesays.com\/lv\/wp-json\/wp\/v2\/media\/49724"}],"wp:attachment":[{"href":"https:\/\/www.europesays.com\/lv\/wp-json\/wp\/v2\/media?parent=49723"}],"wp:term":[{"taxonomy":"category","embeddable":true,"href":"https:\/\/www.europesays.com\/lv\/wp-json\/wp\/v2\/categories?post=49723"},{"taxonomy":"post_tag","embeddable":true,"href":"https:\/\/www.europesays.com\/lv\/wp-json\/wp\/v2\/tags?post=49723"}],"curies":[{"name":"wp","href":"https:\/\/api.w.org\/{rel}","templated":true}]}}