{"id":49742,"date":"2025-11-15T07:07:26","date_gmt":"2025-11-15T07:07:26","guid":{"rendered":"https:\/\/www.europesays.com\/lv\/49742\/"},"modified":"2025-11-15T07:07:26","modified_gmt":"2025-11-15T07:07:26","slug":"latviesu-maksliniece-katrina-levane-ieguvusi-grand-prix-ziemelvalstu-un-baltijas-jauna-makslinieka-konkursa-lente-lv","status":"publish","type":"post","link":"https:\/\/www.europesays.com\/lv\/49742\/","title":{"rendered":"Latvie\u0161u m\u0101ksliniece Katr\u012bna Lev\u0101ne ieguvusi \u00abGrand Prix\u00bb Zieme\u013cvalstu un Baltijas jaun\u0101 m\u0101kslinieka konkurs\u0101\u00a0\u2014\u00a0Lente.lv"},"content":{"rendered":"<p>Latvie\u0161u m\u0101ksliniece Katr\u012bna Lev\u0101ne iekarojusi \u00abGrand Prix\u00bb Zieme\u013cvalstu un Baltijas jaun\u0101 m\u0101kslinieka konkurs\u0101<\/p>\n<p>Lieliska zi\u0146a Latvijas m\u0101kslas pasaul\u0113! \u017d\u016brijas s\u0113d\u0113, kas notika 7. novembr\u012b Helsinku M\u0101kslas akad\u0113mij\u0101, tika pasludin\u0101ti Zieme\u013cvalstu un Baltijas Jaun\u0101 m\u0101kslinieka 2025. gada konkursa laure\u0101ti. \u0160\u012b presti\u017e\u0101 \u00abGrand Prix\u00bb balva, kas \u0161ogad tiek pasniegta jau desmito reizi un tiek uzskat\u012bta par noz\u012bm\u012bg\u0101ko laikmet\u012bg\u0101s m\u0101kslas konkursu Zieme\u013ceirop\u0101 jaunajiem m\u0101ksliniekiem, \u0161ogad pie\u0161\u0137irta diviem talantiem: Latvijas M\u0101kslas akad\u0113mijas glezniec\u012bbas ma\u0123istrant\u016bras studentei Katr\u012bnai Lev\u0101nei un zviedru m\u0101ksliniekam Adamam Gidlundam.<\/p>\n<p>\u0160is ir pirmais gads, kad konkursa v\u0113stur\u0113 galven\u0101 balva tiek sadal\u012bta starp diviem m\u0101ksliniekiem. \u017d\u016brija atzin\u012bgi nov\u0113rt\u0113jusi abu laure\u0101tu rado\u0161o pieeju un sp\u0113ju papla\u0161in\u0101t laikmet\u012bg\u0101s m\u0101kslas robe\u017eas, izmantojot eksperimentus da\u017e\u0101dos m\u0101kslas medijos. \u0160\u0101ds atzinums ir ne tikai liels gods, bet ar\u012b apliecin\u0101jums m\u0101kslinieku sp\u0113jai rad\u012bt darbus, kas aizrauj un liek aizdom\u0101ties.<\/p>\n<p>Katr\u012bnas Lev\u0101nes darbs \u00abForest Floor\u00bb \u2013 dzi\u013c\u0161 ieskats cilv\u0113ka dv\u0113sel\u0113<\/p>\n<p>\u012apa\u0161u saj\u016bsmu izrais\u012bjis Katr\u012bnas Lev\u0101nes apbalvotais darbs \u00abForest Floor\u00bb (2025). \u017d\u016brija to raksturo k\u0101 darbu, kas dzi\u013ci p\u0113ta cilv\u0113ka bailes no n\u0101ves, izmantojot Latvijas nemateri\u0101l\u0101 kult\u016bras mantojuma un dabas ciklu simbolismu. Lev\u0101ne veidojusi vidi, kas aicina skat\u012bt\u0101ju uz mirkli apst\u0101ties un p\u0101rdom\u0101t dz\u012bves un n\u0101ves neizb\u0113gam\u012bbu, att\u0113lojot n\u0101vi k\u0101 b\u016btisku, lai gan bie\u017ei vien ar nepat\u012bkam\u0101m saj\u016bt\u0101m saist\u012btu, dz\u012bves sast\u0101vda\u013cu. Vi\u0146as darba smalkie ska\u0146as un smar\u017eas sl\u0101\u0146i rada klusu, nedaudz nemierpilnu noska\u0146u, kas vedina skat\u012bt\u0101ju iepaz\u012bt dabu gan tuvpl\u0101n\u0101, gan no dist\u0101l\u0101s distances, radot unik\u0101lu un dzi\u013ci personisku pieredzi.<\/p>\n<p>\u0160is darbs izce\u013cas ar savu daudzsl\u0101\u0146ain\u012bbu un sp\u0113ju uzrun\u0101t da\u017e\u0101dos ma\u0146u l\u012bme\u0146os. T\u0101 ir m\u0101ksla, kas nebaid\u0101s pieskarties eksistenci\u0101l\u0101m t\u0113m\u0101m, pied\u0101v\u0101jot jaunu perspekt\u012bvu uz vienu no visb\u016btisk\u0101kajiem cilv\u0113ka pieredzes aspektiem.<\/p>\n<p>Konkursa v\u0113sture un noz\u012bm\u012bba<\/p>\n<p>Zieme\u013cvalstu un Baltijas Jaun\u0101 m\u0101kslinieka balva ir iev\u0113rojams notikums m\u0101kslas pasaul\u0113, pulc\u0113jot talantus no re\u0123iona. Katru gadu konkurs\u0101 piedal\u0101s simtiem jauno m\u0101kslinieku, iesniedzot simtiem darbu, kas apliecina \u0161\u012b pas\u0101kuma lielo noz\u012bm\u012bgumu un popularit\u0101ti. \u0160ogad konkurs\u0101 kopum\u0101 piedal\u012bj\u0101s 154 m\u0101kslinieki, iesniedzot 299 darbus, kas apliecina t\u0101 lielo atpaz\u012bstam\u012bbu un presti\u017eu.<\/p>\n<p>Starptautisk\u0101 \u017e\u016brija, kur\u0101 no Latvijas darboj\u0101s ar\u012b Andris V\u012btoli\u0146\u0161 no Latvijas M\u0101kslas akad\u0113mijas un Solvita Krese no Latvijas Laikmet\u012bg\u0101s m\u0101kslas centra, r\u016bp\u012bgi izv\u0113rt\u0113ja iesniegtos darbus. Vi\u0146u darbs ir \u013coti svar\u012bgs, lai nodro\u0161in\u0101tu god\u012bgu un kompetentu v\u0113rt\u0113\u0161anu, izce\u013cot patiesi izcil\u0101kos jaun\u0101s paaudzes talantus.<\/p>\n<p>Katr\u012bna Lev\u0101ne \u2013 daudzpus\u012bga m\u0101ksliniece ar unik\u0101lu skat\u012bjumu<\/p>\n<p>Katr\u012bna Lev\u0101ne nav tikai gleznot\u0101ja. Vi\u0146as rado\u0161\u0101 prakse ir cie\u0161i saist\u012bta ar starpdisciplin\u0101ru pieeju, bie\u017ei vien papla\u0161inot glezniec\u012bbas robe\u017eas un radot daudzsensoriskas instal\u0101cijas, kas iek\u013cauj ska\u0146u, smar\u017eu un pat taustes elementus. Vi\u0146as darbi ir paz\u012bstami ar sav\u0101m lielform\u0101ta kanv\u0101m, kas sp\u0113j skat\u012bt\u0101ju iegremd\u0113t bag\u0101t\u012bg\u0101s atmosf\u0113r\u0101s un main\u012bg\u0101s uztver\u0113s. Neseno solo izst\u0101di \u00abVad\u0101t\u0101js\/Vaj\u0101t\u0101js\u00bb galerij\u0101 \u00abCentrs\u00bb var\u0113ja uzskat\u012bt par br\u012bni\u0161\u0137\u012bgu piem\u0113ru tam, k\u0101 gleznojumi k\u013c\u016bst par da\u013cu no visaptvero\u0161a st\u0101st\u012bjuma.<\/p>\n<p>Lev\u0101nes darbi ir iek\u013cauti ar\u012b VV fonda kolekcij\u0101, kas apliecina vi\u0146as darbu noz\u012bm\u012bgumu un nov\u0113rt\u0113jumu m\u0101kslas aprit\u0113. Vi\u0146as sp\u0113ja iedzi\u013cin\u0101ties un att\u0113lot dabas smalkumus, p\u0101rv\u0113r\u0161ot tos glezn\u0101s, kur\u0101s j\u016btams gan v\u0113ja pl\u016bdums, gan \u016bdens sp\u012bdums, ir patie\u0161\u0101m apbr\u012bnojama. Vi\u0146a bie\u017ei vien savos darbos piev\u0113r\u0161as ar\u012b ilgtsp\u0113j\u012bbai, izmantojot p\u0101rstr\u0101d\u0101tus materi\u0101lus, piem\u0113ram, audekla atgriezumus un pa\u0161gatavotus koka r\u0101mjus.<\/p>\n<p>N\u0101kotnes perspekt\u012bvas un iedvesma<\/p>\n<p>\u0160\u012b \u00abGrand Prix\u00bb balva ir ne tikai noz\u012bm\u012bgs solis Katr\u012bnas Lev\u0101nes karjer\u0101, bet ar\u012b apliecin\u0101jums Latvijas jaunajai m\u0101kslas paaudzei. T\u0101 ir iedvesma citiem jaunajiem m\u0101ksliniekiem drosm\u012bgi sekot sav\u0101m idej\u0101m un rado\u0161aj\u0101m iecer\u0113m, nebaidoties eksperiment\u0113t un p\u0101rk\u0101pt ierast\u0101s robe\u017eas. Lev\u0101nes darbu emocion\u0101l\u0101 intensit\u0101te un sp\u0113c\u012bg\u0101 vizu\u0101l\u0101 kl\u0101tb\u016btne nodro\u0161ina, ka vi\u0146as m\u0101ksla paliek skat\u012bt\u0101ja atmi\u0146\u0101 ilgi p\u0113c apskates.<\/p>\n<p>\u0160\u012b uzvara ir spo\u017es piem\u0113rs tam, k\u0101 latvie\u0161u m\u0101ksla sp\u0113j konkur\u0113t un g\u016bt pan\u0101kumus starptautisk\u0101 m\u0113rog\u0101, nesot Latvijas v\u0101rdu pasaul\u0113 un bag\u0101tinot glob\u0101lo kult\u016bras telpu ar savu unik\u0101lo skat\u012bjumu un dzi\u013cumu.<\/p>\n","protected":false},"excerpt":{"rendered":"Latvie\u0161u m\u0101ksliniece Katr\u012bna Lev\u0101ne iekarojusi \u00abGrand Prix\u00bb Zieme\u013cvalstu un Baltijas jaun\u0101 m\u0101kslinieka konkurs\u0101 Lieliska zi\u0146a Latvijas m\u0101kslas pasaul\u0113!&hellip;\n","protected":false},"author":2,"featured_media":49743,"comment_status":"","ping_status":"","sticky":false,"template":"","format":"standard","meta":{"footnotes":""},"categories":[19],"tags":[89,339,90,13603,3127,35,39,38,36,37,34,505,40,13604],"class_list":{"0":"post-49742","1":"post","2":"type-post","3":"status-publish","4":"format-standard","5":"has-post-thumbnail","7":"category-izklaide","8":"tag-entertainment","9":"tag-grand-prix","10":"tag-izklaide","11":"tag-katrina-levane","12":"tag-laikmetiga-maksla","13":"tag-latvia","14":"tag-latvian","15":"tag-latviesu","16":"tag-latviesu-valoda","17":"tag-latviesuvaloda","18":"tag-latvija","19":"tag-latvijas-makslas-akademija","20":"tag-lv","21":"tag-ziemelvalstu-un-baltijas-jauna-makslinieka-balva"},"share_on_mastodon":{"url":"https:\/\/pubeurope.com\/@lv\/115552455413718541","error":""},"_links":{"self":[{"href":"https:\/\/www.europesays.com\/lv\/wp-json\/wp\/v2\/posts\/49742","targetHints":{"allow":["GET"]}}],"collection":[{"href":"https:\/\/www.europesays.com\/lv\/wp-json\/wp\/v2\/posts"}],"about":[{"href":"https:\/\/www.europesays.com\/lv\/wp-json\/wp\/v2\/types\/post"}],"author":[{"embeddable":true,"href":"https:\/\/www.europesays.com\/lv\/wp-json\/wp\/v2\/users\/2"}],"replies":[{"embeddable":true,"href":"https:\/\/www.europesays.com\/lv\/wp-json\/wp\/v2\/comments?post=49742"}],"version-history":[{"count":0,"href":"https:\/\/www.europesays.com\/lv\/wp-json\/wp\/v2\/posts\/49742\/revisions"}],"wp:featuredmedia":[{"embeddable":true,"href":"https:\/\/www.europesays.com\/lv\/wp-json\/wp\/v2\/media\/49743"}],"wp:attachment":[{"href":"https:\/\/www.europesays.com\/lv\/wp-json\/wp\/v2\/media?parent=49742"}],"wp:term":[{"taxonomy":"category","embeddable":true,"href":"https:\/\/www.europesays.com\/lv\/wp-json\/wp\/v2\/categories?post=49742"},{"taxonomy":"post_tag","embeddable":true,"href":"https:\/\/www.europesays.com\/lv\/wp-json\/wp\/v2\/tags?post=49742"}],"curies":[{"name":"wp","href":"https:\/\/api.w.org\/{rel}","templated":true}]}}