{"id":49760,"date":"2025-11-15T07:26:21","date_gmt":"2025-11-15T07:26:21","guid":{"rendered":"https:\/\/www.europesays.com\/lv\/49760\/"},"modified":"2025-11-15T07:26:21","modified_gmt":"2025-11-15T07:26:21","slug":"ogre-united-ceribas-un-metta-izaicinajumi-lente-lv","status":"publish","type":"post","link":"https:\/\/www.europesays.com\/lv\/49760\/","title":{"rendered":"&#8220;Ogre United&#8221; Cer\u012bbas un &#8220;Metta&#8221; Izaicin\u0101jumi\u00a0\u2014\u00a0Lente.lv"},"content":{"rendered":"<p>Futbola Virsl\u012bgas Perip\u0113ti\u200b\u200b\u200b\u200b\u200b\u200b\u200bjas: Ko Tas Noz\u012bm\u0113 Komand\u0101m?<\/p>\n<p>Latvijas futbola virsl\u012bgas sezona tuvojas nosl\u0113gumam, un pirms p\u0113d\u0113j\u0101s k\u0101rtas intriga saglab\u0101jusies vien par izkrit\u0113ju un potenci\u0101lo p\u0101rsp\u0113\u013cu dal\u012bbnieku. \u0160\u0101da situ\u0101cija, kad liel\u0101k\u0101 da\u013ca jaut\u0101jumu ir atrisin\u0101ti, neizb\u0113gami ietekm\u0113 komandu motiv\u0101ciju un sniegumu p\u0113d\u0113j\u0101s sp\u0113l\u0113s. Neviens sportists nev\u0113las nosl\u0113gt sezonu ar zaud\u0113jumu, ta\u010du ir gr\u016bti mobiliz\u0113t maksim\u0101lu ener\u0123iju, kad sezonas m\u0113r\u0137i ir sasniegti vai, glu\u017ei pret\u0113ji, zaud\u0113ti.<\/p>\n<p>Kreip\u0101na Skat\u012bjums: &#8220;Ogre United&#8221; Cer\u012bbas un &#8220;Metta&#8221; Realit\u0101te<\/p>\n<p>Par \u0161o un cit\u0101m aktualit\u0101t\u0113m Latvijas futbola vid\u0113 sav\u0101 koment\u0101r\u0101 dal\u0101s J\u0101nis Kreip\u0101ns. Vi\u0146a ieskat\u0101, pozit\u012bvs akcents \u0161obr\u012bd ir jaunpien\u0101c\u0113ja &#8220;Ogre United&#8221; komandas sniegums. Lai gan &#8220;Ogre United&#8221; pagaid\u0101m v\u0113l nav nodro\u0161in\u0101ju\u0161i vietu virsl\u012bg\u0101, vi\u0146u progresu un c\u012b\u0146assparu ir gr\u016bti nenov\u0113rt\u0113t. Tas ir k\u0101 svaiga v\u0113ja p\u016btiena efekts l\u012bg\u0101, kas var\u0113tu rosin\u0101t ar\u012b citas komandas uzlabot savu sniegumu.<\/p>\n<p>Savuk\u0101rt negat\u012bv\u0101 tendence, p\u0113c Kreip\u0101na dom\u0101m, ir saist\u012bta ar FK &#8220;Metta&#8221; komandu. Prec\u012bzi iemesli &#8220;Mettas&#8221; pasliktin\u0101tajai situ\u0101cijai netiek atkl\u0101ti, ta\u010du tiek nor\u0101d\u012bts, ka \u0161\u012b dinamika pagaid\u0101m nav iepriecino\u0161a. &#8220;Metta&#8221;, kas iepriek\u0161 bie\u017ei vien bijusi sezona &#8220;garlaic\u012bg\u0101ka&#8221;, \u0161oreiz saskaras ar saviem izaicin\u0101jumiem, kas prasa r\u016bp\u012bgu anal\u012bzi un risin\u0101jumu mekl\u0113\u0161anu.<\/p>\n<p>Sezonas Nosl\u0113guma Sp\u0113\u013cu Intriga un T\u0101s Ietekme<\/p>\n<p>Ar\u012b tad, kad visas galven\u0101s c\u012b\u0146as par \u010dempiona titulu ir aizvad\u012btas, p\u0113d\u0113j\u0101s k\u0101rtas sp\u0113l\u0113m ir sava v\u0113rt\u012bba. T\u0101s ir iesp\u0113ja komand\u0101m par\u0101d\u012bt savu raksturu, nov\u0113rt\u0113t individu\u0101lo sp\u0113l\u0113t\u0101ju sniegumu un dot iesp\u0113ju jaunajiem talantiem apliecin\u0101t sevi. Turkl\u0101t, k\u0101 jau min\u0113ts, svar\u012bgs paliek jaut\u0101jums par izkrit\u0113ju un p\u0101rsp\u0113\u013cu dal\u012bbnieku. \u0160\u012b spriedze var\u0113tu padar\u012bt p\u0113d\u0113jo k\u0101rtu \u012bpa\u0161i aizraujo\u0161u.<\/p>\n<p>Tiek uzsv\u0113rts, ka p\u0113d\u0113jo sp\u0113\u013cu izn\u0101kumi, visticam\u0101k, neb\u016bs piln\u012bgi neietekm\u0113ti no kop\u0113j\u0101s situ\u0101cijas. Kad sezona praktiski ir gal\u0101, komand\u0101m un sp\u0113l\u0113t\u0101jiem ir at\u0161\u0137ir\u012bga motiv\u0101cija. K\u0101dam tas ir p\u0113d\u0113jais p\u0101rbaud\u012bjums pirms n\u0101kam\u0101s sezonas pl\u0101niem, citam \u2013 izmis\u012bga c\u012b\u0146a par katru punktu, lai saglab\u0101tu vietu elit\u0113. \u0160\u012b da\u017e\u0101d\u012bba veicina interesant\u0101ku skat\u012bjumu uz sp\u0113les gaitu un rezult\u0101tiem.<\/p>\n<p>N\u0101kotnes Perspekt\u012bvas: K\u0101 Virsl\u012bga Var Att\u012bst\u012bties?<\/p>\n<p>Lai gan \u0161obr\u012bd galven\u0101 uzman\u012bba piev\u0113rsta eso\u0161\u0101s sezonas nosl\u0113gumam, futbola sabiedr\u012bb\u0101 jau ros\u0101s domas par n\u0101kotni. &#8220;Ogre United&#8221; piem\u0113rs liecina, ka jaunpien\u0101c\u0113ji var sp\u0113t konkur\u0113t un sniegt jaunas v\u0113smas. Tas ir vesel\u012bgs sign\u0101ls l\u012bgai kopum\u0101, nor\u0101dot uz att\u012bst\u012bbas potenci\u0101lu.<\/p>\n<p>FK &#8220;Mettas&#8221; situ\u0101cija, protams, ir j\u0101analiz\u0113 r\u016bp\u012bgi, lai saprastu, k\u0101di korekt\u012bvi j\u0101veic. Vai runa ir par taktiskiem risin\u0101jumiem, sp\u0113l\u0113t\u0101ju sast\u0101vu vai ko citu, ir j\u0101mekl\u0113 atbildes, lai komanda atg\u016btu savu agr\u0101ko sp\u0113ku. Latvijas futbola virsl\u012bgas att\u012bst\u012bba ir nep\u0101rtraukts process, kur\u0101 katra komanda, katra sp\u0113le un katrs koment\u0101rs veicina kop\u0113jo progresu.<\/p>\n","protected":false},"excerpt":{"rendered":"Futbola Virsl\u012bgas Perip\u0113ti\u200b\u200b\u200b\u200b\u200b\u200b\u200bjas: Ko Tas Noz\u012bm\u0113 Komand\u0101m? Latvijas futbola virsl\u012bgas sezona tuvojas nosl\u0113gumam, un pirms p\u0113d\u0113j\u0101s k\u0101rtas intriga&hellip;\n","protected":false},"author":2,"featured_media":49761,"comment_status":"","ping_status":"","sticky":false,"template":"","format":"standard","meta":{"footnotes":""},"categories":[17],"tags":[9987,713,13608,35,39,38,36,37,34,1940,40,12637,67],"class_list":{"0":"post-49760","1":"post","2":"type-post","3":"status-publish","4":"format-standard","5":"has-post-thumbnail","7":"category-sports","8":"tag-fk-metta","9":"tag-futbola-virsliga","10":"tag-janis-kreipans","11":"tag-latvia","12":"tag-latvian","13":"tag-latviesu","14":"tag-latviesu-valoda","15":"tag-latviesuvaloda","16":"tag-latvija","17":"tag-latvijas-futbols","18":"tag-lv","19":"tag-ogre-united","20":"tag-sports"},"share_on_mastodon":{"url":"https:\/\/pubeurope.com\/@lv\/115552530173930473","error":""},"_links":{"self":[{"href":"https:\/\/www.europesays.com\/lv\/wp-json\/wp\/v2\/posts\/49760","targetHints":{"allow":["GET"]}}],"collection":[{"href":"https:\/\/www.europesays.com\/lv\/wp-json\/wp\/v2\/posts"}],"about":[{"href":"https:\/\/www.europesays.com\/lv\/wp-json\/wp\/v2\/types\/post"}],"author":[{"embeddable":true,"href":"https:\/\/www.europesays.com\/lv\/wp-json\/wp\/v2\/users\/2"}],"replies":[{"embeddable":true,"href":"https:\/\/www.europesays.com\/lv\/wp-json\/wp\/v2\/comments?post=49760"}],"version-history":[{"count":0,"href":"https:\/\/www.europesays.com\/lv\/wp-json\/wp\/v2\/posts\/49760\/revisions"}],"wp:featuredmedia":[{"embeddable":true,"href":"https:\/\/www.europesays.com\/lv\/wp-json\/wp\/v2\/media\/49761"}],"wp:attachment":[{"href":"https:\/\/www.europesays.com\/lv\/wp-json\/wp\/v2\/media?parent=49760"}],"wp:term":[{"taxonomy":"category","embeddable":true,"href":"https:\/\/www.europesays.com\/lv\/wp-json\/wp\/v2\/categories?post=49760"},{"taxonomy":"post_tag","embeddable":true,"href":"https:\/\/www.europesays.com\/lv\/wp-json\/wp\/v2\/tags?post=49760"}],"curies":[{"name":"wp","href":"https:\/\/api.w.org\/{rel}","templated":true}]}}