{"id":49788,"date":"2025-11-15T08:12:10","date_gmt":"2025-11-15T08:12:10","guid":{"rendered":"https:\/\/www.europesays.com\/lv\/49788\/"},"modified":"2025-11-15T08:12:10","modified_gmt":"2025-11-15T08:12:10","slug":"valsts-svetku-brivdienas-saksies-ar-mainigu-laiku-un-slapju-sniegu","status":"publish","type":"post","link":"https:\/\/www.europesays.com\/lv\/49788\/","title":{"rendered":"Valsts sv\u0113tku br\u012bvdienas s\u0101ksies ar main\u012bgu laiku un slapju sniegu"},"content":{"rendered":"<p>Sestdien, 15. novembr\u012b, gaid\u0101mi main\u012bgi laikapst\u0101k\u013ci, dien\u0101 saule m\u012bsies ar m\u0101ko\u0146iem, kas viet\u0101m nes\u012bs \u012bslaic\u012bgus nokri\u0161\u0146us, p\u0101rsvar\u0101 slapju sniegu, liecina Latvijas Vides, \u0123eolo\u0123ijas un meteorolo\u0123ijas centra prognozes.<\/p>\n<p>R\u012bg\u0101 dien\u0101 gaid\u0101ma gan saule, gan m\u0101ko\u0146i. No r\u012bta un priek\u0161pusdien\u0101 m\u0101ko\u0146i v\u0113l nes\u012bs \u012bslaic\u012bgu lietu, slapju sniegu, bet dienas otr\u0101 puse aizrit\u0113s bez nokri\u0161\u0146iem. L\u012bdz priek\u0161pusdienai p\u016bt\u012bs br\u0101zmains zieme\u013crietumu v\u0113j\u0161, bet dienas otraj\u0101 pus\u0113 v\u0113j\u0161 pierims. <\/p>\n<p>Gaisa temperat\u016bra neb\u016bs augst\u0101ka par +3&#8230;+5\u00b0.<\/p>\n<p class=\"m-0\">Seko &#8220;Delfi&#8221; ar\u012b  <a target=\"_blank\" href=\"https:\/\/www.instagram.com\/delfi.lv\/\" rel=\"nofollow noopener\">Instagram<\/a>  un <a target=\"_blank\" href=\"https:\/\/www.youtube.com\/channel\/UCw5foWtcJvAbUm64rv7jwUQ\" rel=\"nofollow noopener\">YouTube<\/a>  profil\u0101 \u2013 pievienojies, lai uzzin\u0101tu svar\u012bg\u0101ko un interesant\u0101ko pirmais!<\/p>\n<p>Publik\u0101cijas saturs vai t\u0101s jebk\u0101da apjoma da\u013ca ir aizsarg\u0101ts autorties\u012bbu objekts Autorties\u012bbu likuma izpratn\u0113, un t\u0101 izmanto\u0161ana bez izdev\u0113ja at\u013caujas ir aizliegta. Vair\u0101k lasi  <a target=\"_blank\" href=\"https:\/\/www.delfi.lv\/noteikumi#autortiesibas\" rel=\"nofollow noopener\">\u0161eit<\/a><script async src=\"\/\/www.instagram.com\/embed.js\"><\/script><\/p>\n","protected":false},"excerpt":{"rendered":"Sestdien, 15. novembr\u012b, gaid\u0101mi main\u012bgi laikapst\u0101k\u013ci, dien\u0101 saule m\u012bsies ar m\u0101ko\u0146iem, kas viet\u0101m nes\u012bs \u012bslaic\u012bgus nokri\u0161\u0146us, p\u0101rsvar\u0101 slapju&hellip;\n","protected":false},"author":2,"featured_media":49789,"comment_status":"","ping_status":"","sticky":false,"template":"","format":"standard","meta":{"footnotes":""},"categories":[5],"tags":[23,28,29,32,33,3375,22,30,31,35,39,38,36,37,34,7186,40,20,26,27,24,25,21],"class_list":{"0":"post-49788","1":"post","2":"type-post","3":"status-publish","4":"format-standard","5":"has-post-thumbnail","7":"category-aktualitates","8":"tag-aktualitates","9":"tag-breaking-news","10":"tag-breakingnews","11":"tag-featured-news","12":"tag-featurednews","13":"tag-geologijas-un-meteorologijas-centrs","14":"tag-headlines","15":"tag-latest-news","16":"tag-latestnews","17":"tag-latvia","18":"tag-latvian","19":"tag-latviesu","20":"tag-latviesu-valoda","21":"tag-latviesuvaloda","22":"tag-latvija","23":"tag-latvijas-vides","24":"tag-lv","25":"tag-news","26":"tag-popularakas-zinas","27":"tag-popularakaszinas","28":"tag-top-stories","29":"tag-topstories","30":"tag-zinas"},"share_on_mastodon":{"url":"https:\/\/pubeurope.com\/@lv\/115552711052107200","error":""},"_links":{"self":[{"href":"https:\/\/www.europesays.com\/lv\/wp-json\/wp\/v2\/posts\/49788","targetHints":{"allow":["GET"]}}],"collection":[{"href":"https:\/\/www.europesays.com\/lv\/wp-json\/wp\/v2\/posts"}],"about":[{"href":"https:\/\/www.europesays.com\/lv\/wp-json\/wp\/v2\/types\/post"}],"author":[{"embeddable":true,"href":"https:\/\/www.europesays.com\/lv\/wp-json\/wp\/v2\/users\/2"}],"replies":[{"embeddable":true,"href":"https:\/\/www.europesays.com\/lv\/wp-json\/wp\/v2\/comments?post=49788"}],"version-history":[{"count":0,"href":"https:\/\/www.europesays.com\/lv\/wp-json\/wp\/v2\/posts\/49788\/revisions"}],"wp:featuredmedia":[{"embeddable":true,"href":"https:\/\/www.europesays.com\/lv\/wp-json\/wp\/v2\/media\/49789"}],"wp:attachment":[{"href":"https:\/\/www.europesays.com\/lv\/wp-json\/wp\/v2\/media?parent=49788"}],"wp:term":[{"taxonomy":"category","embeddable":true,"href":"https:\/\/www.europesays.com\/lv\/wp-json\/wp\/v2\/categories?post=49788"},{"taxonomy":"post_tag","embeddable":true,"href":"https:\/\/www.europesays.com\/lv\/wp-json\/wp\/v2\/tags?post=49788"}],"curies":[{"name":"wp","href":"https:\/\/api.w.org\/{rel}","templated":true}]}}