{"id":49790,"date":"2025-11-15T08:13:08","date_gmt":"2025-11-15T08:13:08","guid":{"rendered":"https:\/\/www.europesays.com\/lv\/49790\/"},"modified":"2025-11-15T08:13:08","modified_gmt":"2025-11-15T08:13:08","slug":"kristina-kavaleri-skaidro-kadel-nekad-nesatiktos-ar-aktieri","status":"publish","type":"post","link":"https:\/\/www.europesays.com\/lv\/49790\/","title":{"rendered":"Krist\u012bna Kaval\u0113ri skaidro, k\u0101d\u0113\u013c nekad nesatiktos ar aktieri"},"content":{"rendered":"<p>\u201cVi\u0146\u0161 ir tik pievilc\u012bgs, un tie\u0161i t\u0101ds v\u012brietis, k\u0101du es v\u0113los,\u201d skaidroja Kaval\u0113ri. \u201cBet, manupr\u0101t, vi\u0146\u0161 ir attiec\u012bb\u0101s. Un vi\u0146\u0161 ir aktieris, bet es nekad netiktos ar aktieri.\u201d<\/p>\n<p>\u201cLaguna Beach\u201d zvaigzne ar\u012b nor\u0101d\u012bja uz aktieru aiz\u0146emtajiem grafikiem k\u0101 iemeslu, k\u0101p\u0113c vi\u0146a nav ieinteres\u0113ta attiec\u012bb\u0101s ar k\u0101du no vi\u0146iem. \u201cLo\u0123iski, tas b\u016btu murgs,\u201d vi\u0146a sac\u012bja klaus\u012bt\u0101jiem.<\/p>\n<p>Kaval\u0113ri kritiz\u0113ja aktierus kopum\u0101. \u201cParasti aktieri ir \u013coti nedro\u0161i, un es dom\u0101ju, ka tie\u0161i t\u0101p\u0113c vi\u0146i k\u013c\u016bst par aktieriem \u2013 jo mekl\u0113 \u0101r\u0113ju apstiprin\u0101jumu,\u201d vi\u0146a nor\u0101d\u012bja. \u201cUn, manupr\u0101t, daudzi no vi\u0146iem var b\u016bt diezgan ban\u0101li un vienk\u0101r\u0161i bari\u0146\u0161 n\u016b\u0123u.\u201d<\/p>\n<p>            <img loading=\"lazy\" decoding=\"async\" class=\"size-full wp-image-3672760 skaties-content-image\" src=\"https:\/\/www.europesays.com\/lv\/wp-content\/uploads\/2025\/11\/834b-69173ba034458.jpg\" alt=\"\" width=\"1179\" height=\"1179\"  \/><\/p>\n<p>                FOTO: INSTAGRAM<\/p>\n<p>Kaval\u0113ri iepriek\u0161 bija prec\u0113jusies ar biju\u0161o NFL sasp\u0113les vad\u012bt\u0101ju D\u017eeju Katleru. 2020. gad\u0101 p\u0101ris pazi\u0146oja par \u0161\u0137ir\u0161anos.<\/p>\n<p class=\"ad-desc ad-desc-main\">Saturs turpin\u0101s p\u0113c rekl\u0101mas<\/p>\n<p class=\"ad-desc ad-desc-sec\">Rekl\u0101ma<\/p>\n<p>\u201cAr liel\u0101m skumj\u0101m, p\u0113c desmit kop\u0101 pavad\u012btiem gadiem m\u0113s esam pie\u0146\u0113mu\u0161i l\u0113mumu \u0161\u0137irties,\u201d taj\u0101 laik\u0101 soci\u0101lajos medijos rakst\u012bja Krist\u012bna. \u201cMums vienam pret otru ir tikai m\u012blest\u012bba un cie\u0146a, un m\u0113s esam dzi\u013ci pateic\u012bgi par kop\u0101 piedz\u012bvotajiem gadiem, kop\u012bgaj\u0101m atmi\u0146\u0101m un b\u0113rniem, ar kuriem tik \u013coti lepojamies.\u201d<\/p>\n<p>\u0160aj\u0101 laul\u012bb\u0101 pasaul\u0113 n\u0101ca tr\u012bs b\u0113rni: meita Seilora un d\u0113li D\u017eeksons un Kemdens.<\/p>\n<p class=\"tv3-fw-500\">Zi\u0146o par k\u013c\u016bdu rakst\u0101<\/p>\n<p class=\"d-md-block d-none\">Iez\u012bm\u0113 k\u013c\u016bdaino tekstu un spied Ctrl+Enter.<\/p>\n<p class=\"d-md-none d-block\">Iez\u012bm\u0113 k\u013c\u016bdaino tekstu un zi\u0146o par to!<\/p>\n","protected":false},"excerpt":{"rendered":"\u201cVi\u0146\u0161 ir tik pievilc\u012bgs, un tie\u0161i t\u0101ds v\u012brietis, k\u0101du es v\u0113los,\u201d skaidroja Kaval\u0113ri. \u201cBet, manupr\u0101t, vi\u0146\u0161 ir attiec\u012bb\u0101s.&hellip;\n","protected":false},"author":2,"featured_media":49791,"comment_status":"","ping_status":"","sticky":false,"template":"","format":"standard","meta":{"footnotes":""},"categories":[19],"tags":[89,90,13618,35,39,38,36,37,34,40],"class_list":{"0":"post-49790","1":"post","2":"type-post","3":"status-publish","4":"format-standard","5":"has-post-thumbnail","7":"category-izklaide","8":"tag-entertainment","9":"tag-izklaide","10":"tag-kristina-kavaleri","11":"tag-latvia","12":"tag-latvian","13":"tag-latviesu","14":"tag-latviesu-valoda","15":"tag-latviesuvaloda","16":"tag-latvija","17":"tag-lv"},"share_on_mastodon":{"url":"https:\/\/pubeurope.com\/@lv\/115552715030196822","error":""},"_links":{"self":[{"href":"https:\/\/www.europesays.com\/lv\/wp-json\/wp\/v2\/posts\/49790","targetHints":{"allow":["GET"]}}],"collection":[{"href":"https:\/\/www.europesays.com\/lv\/wp-json\/wp\/v2\/posts"}],"about":[{"href":"https:\/\/www.europesays.com\/lv\/wp-json\/wp\/v2\/types\/post"}],"author":[{"embeddable":true,"href":"https:\/\/www.europesays.com\/lv\/wp-json\/wp\/v2\/users\/2"}],"replies":[{"embeddable":true,"href":"https:\/\/www.europesays.com\/lv\/wp-json\/wp\/v2\/comments?post=49790"}],"version-history":[{"count":0,"href":"https:\/\/www.europesays.com\/lv\/wp-json\/wp\/v2\/posts\/49790\/revisions"}],"wp:featuredmedia":[{"embeddable":true,"href":"https:\/\/www.europesays.com\/lv\/wp-json\/wp\/v2\/media\/49791"}],"wp:attachment":[{"href":"https:\/\/www.europesays.com\/lv\/wp-json\/wp\/v2\/media?parent=49790"}],"wp:term":[{"taxonomy":"category","embeddable":true,"href":"https:\/\/www.europesays.com\/lv\/wp-json\/wp\/v2\/categories?post=49790"},{"taxonomy":"post_tag","embeddable":true,"href":"https:\/\/www.europesays.com\/lv\/wp-json\/wp\/v2\/tags?post=49790"}],"curies":[{"name":"wp","href":"https:\/\/api.w.org\/{rel}","templated":true}]}}