{"id":49794,"date":"2025-11-15T08:19:07","date_gmt":"2025-11-15T08:19:07","guid":{"rendered":"https:\/\/www.europesays.com\/lv\/49794\/"},"modified":"2025-11-15T08:19:07","modified_gmt":"2025-11-15T08:19:07","slug":"katrina-levane-ieguvusi-prestizo-nordic-baltic-young-artist-award-galveno-balvu-lente-lv","status":"publish","type":"post","link":"https:\/\/www.europesays.com\/lv\/49794\/","title":{"rendered":"Katr\u012bna Lev\u0101ne ieguvusi presti\u017eo Nordic &#038; Baltic Young Artist Award galveno balvu\u00a0\u2014\u00a0Lente.lv"},"content":{"rendered":"<p>Latvie\u0161u m\u0101kslas spo\u017eums: Katr\u012bna Lev\u0101ne ieguvusi presti\u017eo Nordic &amp; Baltic Young Artist Award<\/p>\n<p>Apsveicam Latvijas M\u0101kslas akad\u0113mijas (LMA) ma\u0123istrant\u016bras studentes Katr\u012bnu Lev\u0101ni ar iev\u0113rojamo pan\u0101kumu \u2013 galven\u0101s balvas (Grand Prix) sa\u0146em\u0161anu presti\u017eaj\u0101 Nordic &amp; Baltic Young Artist Award 2025 konkurs\u0101. \u0160is triumfs ir ne tikai personisks sasniegums m\u0101ksliniecei, bet ar\u012b noz\u012bm\u012bgs notikums Latvijas laikmet\u012bg\u0101s m\u0101kslas kopain\u0101, apliecinot t\u0101s sp\u0113ju konkur\u0113t un izcelties starptautisk\u0101 l\u012bmen\u012b. Lev\u0101ne balvu sa\u0146\u0113ma kop\u0101 ar zviedru m\u0101kslinieku Adamu Gidlundu, pirmo reizi konkursa v\u0113stur\u0113, kad Grand Prix tika pie\u0161\u0137irts diviem m\u0101ksliniekiem.<\/p>\n<p>Inovat\u012bva pieeja un daudzsaj\u016btu pieredze<\/p>\n<p>Katr\u012bnas Lev\u0101nes rado\u0161\u0101 darb\u012bba izce\u013cas ar sp\u0113ju papla\u0161in\u0101t glezniec\u012bbas tradicion\u0101l\u0101s robe\u017eas. Vi\u0146as starpdisciplin\u0101r\u0101 prakse ietver glezniec\u012bbu k\u0101 pamatu, ko papildina ar citiem elementiem, radot immers\u012bvas, daudzsaj\u016btu vides. \u0160aj\u0101s vid\u0113s tiek harmoniski apvienota redze, ska\u0146a, smar\u017ea un tauste, radot unik\u0101lu un dzi\u013cu skat\u012bt\u0101ja pieredzi. \u0160\u012b pieeja demonstr\u0113 m\u0101kslinieces v\u0113lmi eksperiment\u0113t un mekl\u0113t jaunus izpausmes veidus laikmet\u012bgaj\u0101 m\u0101ksl\u0101, izmantojot inovat\u012bvus pa\u0146\u0113mienus un konceptu\u0101las strat\u0113\u0123ijas.<\/p>\n<p>Darba \u201cForest Floor\u201d dzi\u013cums un simbolisms<\/p>\n<p>Konkursa \u017e\u016brija \u012bpa\u0161i nov\u0113rt\u0113ja Lev\u0101nes darbu \u201cForest Floor\u201d (2025). \u0160is darbs ir spilgts piem\u0113rs m\u0101kslinieces sp\u0113jai savienot person\u012bgo izj\u016btu ar kult\u016bras mantojumu un dabas procesiem. \u201cForest Floor\u201d p\u0113ta n\u0101ves bailes, dzi\u013ci iesak\u0146oju\u0161os cilv\u0113cisk\u0101s eksistences aspektu, izmantojot latvie\u0161u folkloras mot\u012bvus un ekolo\u0123isko ciklu simbolismu. Lev\u0101ne rada telpu, kas aicina uz p\u0101rdom\u0101m, kur\u0101 n\u0101ve tiek att\u0113lota nevis k\u0101 drauds, bet k\u0101 dabiska un neat\u0146emama dz\u012bves sast\u0101vda\u013ca. Darb\u0101 izmantotie ska\u0146u un smar\u017eu sl\u0101\u0146i pastiprina \u0161o kontemplat\u012bvo noska\u0146u, radot vidi, kas ir gan paz\u012bstama, gan mistiski ne\u0137\u012btra, aicinot skat\u012bt\u0101ju izjust dabu gan fizisk\u0101 tuvum\u0101, gan simbolisk\u0101 distanc\u0113.<\/p>\n<p>Nordic &amp; Baltic Young Artist Award \u2013 platforma jaunajiem talantiem<\/p>\n<p>Nordic &amp; Baltic Young Artist Award, kas \u0161ogad atz\u012bm\u0113 savu 10. gadadienu, ir liel\u0101kais un noz\u012bm\u012bg\u0101kais laikmet\u012bg\u0101s m\u0101kslas konkurss jaunajiem absolventiem Zieme\u013ceirop\u0101. T\u0101 m\u0113r\u0137is ir nodro\u0161in\u0101t platformu m\u0101kslinieku redzam\u012bbai, veicin\u0101t dialogu starp da\u017e\u0101d\u0101m m\u0101kslas akad\u0113mij\u0101m un veidot starpdisciplin\u0101ru sadarb\u012bbu. Konkurs\u0101 piedal\u0101s jaunie m\u0101kslinieki no asto\u0146\u0101m Zieme\u013cvalstu un Baltijas re\u0123iona m\u0101kslas augstskol\u0101m, prezent\u0113jot savus jaun\u0101kos darbus. \u0160ogad konkurs\u0101 tika iesniegti 299 m\u0101kslas darbi no 154 jaunajiem m\u0101ksliniekiem. Uzvar\u0113t\u0101ji tika noteikti 7. novembr\u012b \u017e\u016brijas s\u0113d\u0113 Helsinku M\u0101kslas akad\u0113mij\u0101 (Uniarts Helsinki). \u017d\u016brij\u0101 darboj\u0101s vado\u0161ie kuratori, profesori un m\u0101kslas kriti\u0137i no re\u0123iona m\u0101kslas akad\u0113mij\u0101m un citiem iev\u0113rojamiem m\u0101kslas profesion\u0101\u013ciem.<\/p>\n<p>Latvijas M\u0101kslas akad\u0113mijas trad\u012bcijas un pan\u0101kumi<\/p>\n<p>\u0160is pan\u0101kums apliecina ne tikai Katr\u012bnas Lev\u0101nes talantu, bet ar\u012b Latvijas M\u0101kslas akad\u0113mijas (LMA) ilggad\u0113j\u0101s trad\u012bcijas un centienus audzin\u0101t jaunus, talant\u012bgus m\u0101ksliniekus. LMA ir devusi ieguld\u012bjumu daudzu veiksm\u012bgu m\u0101kslinieku karjeras veido\u0161an\u0101, pied\u0101v\u0101jot studiju programmas m\u0101ksl\u0101 un dizain\u0101, kas atbilst m\u016bsdienu pras\u012bb\u0101m. Akad\u0113mijas absolventi ir ieguvu\u0161i atzin\u012bbu gan Latvij\u0101, gan starptautisk\u0101 m\u0113rog\u0101, apliecinot augsto m\u0101kslas izgl\u012bt\u012bbas l\u012bmeni. Organiz\u0101cijas k\u0101 Borisa un In\u0101ras Teterevu fonds un citi atbalst\u012bt\u0101ji ir sniegu\u0161i b\u016btisku atbalstu LMA un t\u0101s studentiem, veicinot vi\u0146u profesion\u0101lo izaugsmi un starptautisko karjeru veido\u0161anu.<\/p>\n<p>N\u0101kotnes perspekt\u012bvas un rado\u0161\u0101 izaugsme<\/p>\n<p>Katr\u012bnas Lev\u0101nes Grand Prix balva ir ne tikai pagodin\u0101jums, bet ar\u012b iedro\u0161in\u0101jums turpin\u0101t mekl\u0113t un att\u012bst\u012bt savu unik\u0101lo m\u0101ksliniecisko valodu. Vi\u0146as sp\u0113ja rad\u012bt daudzsl\u0101\u0146ainus, konceptu\u0101li dzi\u013cus un emocion\u0101li pies\u0101tin\u0101tus darbus liecina par spilgtu potenci\u0101lu laikmet\u012bg\u0101s m\u0101kslas pasaul\u0113. Turpm\u0101kaj\u0101s izst\u0101d\u0113s un projektos b\u016bs interesanti v\u0113rot, k\u0101 vi\u0146a att\u012bst\u012bs savu m\u0101ksliniecisko praksi un k\u0101dus jaunus konceptus un pieredzes pied\u0101v\u0101s skat\u012bt\u0101jiem. Nordic &amp; Baltic Young Artist Award konkursa ietvaros, da\u013ca no nomin\u0113to darbiem tiks izst\u0101d\u012bta 2026. gad\u0101 Uniarts Helsinki galerij\u0101, turpinot dialogu starp Zieme\u013cvalstu un Baltijas m\u0101kslas skol\u0101m.<\/p>\n","protected":false},"excerpt":{"rendered":"Latvie\u0161u m\u0101kslas spo\u017eums: Katr\u012bna Lev\u0101ne ieguvusi presti\u017eo Nordic &amp; Baltic Young Artist Award Apsveicam Latvijas M\u0101kslas akad\u0113mijas (LMA)&hellip;\n","protected":false},"author":2,"featured_media":49795,"comment_status":"","ping_status":"","sticky":false,"template":"","format":"standard","meta":{"footnotes":""},"categories":[19],"tags":[89,90,13603,3127,35,39,38,36,37,34,505,40,10470,13619],"class_list":{"0":"post-49794","1":"post","2":"type-post","3":"status-publish","4":"format-standard","5":"has-post-thumbnail","7":"category-izklaide","8":"tag-entertainment","9":"tag-izklaide","10":"tag-katrina-levane","11":"tag-laikmetiga-maksla","12":"tag-latvia","13":"tag-latvian","14":"tag-latviesu","15":"tag-latviesu-valoda","16":"tag-latviesuvaloda","17":"tag-latvija","18":"tag-latvijas-makslas-akademija","19":"tag-lv","20":"tag-makslas-balva","21":"tag-nordic-baltic-young-artist-award"},"share_on_mastodon":{"url":"https:\/\/pubeurope.com\/@lv\/115552738509461615","error":""},"_links":{"self":[{"href":"https:\/\/www.europesays.com\/lv\/wp-json\/wp\/v2\/posts\/49794","targetHints":{"allow":["GET"]}}],"collection":[{"href":"https:\/\/www.europesays.com\/lv\/wp-json\/wp\/v2\/posts"}],"about":[{"href":"https:\/\/www.europesays.com\/lv\/wp-json\/wp\/v2\/types\/post"}],"author":[{"embeddable":true,"href":"https:\/\/www.europesays.com\/lv\/wp-json\/wp\/v2\/users\/2"}],"replies":[{"embeddable":true,"href":"https:\/\/www.europesays.com\/lv\/wp-json\/wp\/v2\/comments?post=49794"}],"version-history":[{"count":0,"href":"https:\/\/www.europesays.com\/lv\/wp-json\/wp\/v2\/posts\/49794\/revisions"}],"wp:featuredmedia":[{"embeddable":true,"href":"https:\/\/www.europesays.com\/lv\/wp-json\/wp\/v2\/media\/49795"}],"wp:attachment":[{"href":"https:\/\/www.europesays.com\/lv\/wp-json\/wp\/v2\/media?parent=49794"}],"wp:term":[{"taxonomy":"category","embeddable":true,"href":"https:\/\/www.europesays.com\/lv\/wp-json\/wp\/v2\/categories?post=49794"},{"taxonomy":"post_tag","embeddable":true,"href":"https:\/\/www.europesays.com\/lv\/wp-json\/wp\/v2\/tags?post=49794"}],"curies":[{"name":"wp","href":"https:\/\/api.w.org\/{rel}","templated":true}]}}