{"id":49797,"date":"2025-11-15T08:23:07","date_gmt":"2025-11-15T08:23:07","guid":{"rendered":"https:\/\/www.europesays.com\/lv\/49797\/"},"modified":"2025-11-15T08:23:07","modified_gmt":"2025-11-15T08:23:07","slug":"video-%e2%9f%a9-1200-kvadratmetru-platiba-riga-degusi-metala-atkritumu-kaudze-apollo-lv","status":"publish","type":"post","link":"https:\/\/www.europesays.com\/lv\/49797\/","title":{"rendered":"VIDEO \u27e9 1200 kvadr\u0101tmetru plat\u012bb\u0101 R\u012bg\u0101 degusi met\u0101la atkritumu kaudze &#8211; Apollo.lv"},"content":{"rendered":"<ol>\n<li><a href=\"https:\/\/news.google.com\/rss\/articles\/CBMingFBVV95cUxNQnZMai1VYmlYZXphc0tLNWlkeDJNOTY0bTZMRU0wX2VYQVdzRU5ZdjltSlF3clRyMkFOY0o4OFNsZ1Y3RlhGOVJvTmZLb3RHbUpheVRUb0QzUlhDMDYtZTIyczctdjk1MzdtU2lKdnRpU3A3N0hWUncweHVRdTZrWmFjZXRaaFdoS09uZkotVXBxbnJKWDFySHhzUGF0QQ?oc=5\" target=\"_blank\" rel=\"nofollow noopener\">VIDEO \u27e9 1200 kvadr\u0101tmetru plat\u012bb\u0101 R\u012bg\u0101 degusi met\u0101la atkritumu kaudze<\/a>&nbsp;&nbsp;Apollo.lv<\/li>\n<li><a href=\"https:\/\/news.google.com\/rss\/articles\/CBMiqwFBVV95cUxNQXdLYnRQNUlDNGVFeTJyeG0zY0RiX3FJcXN0SmJWek91R0hhbGVfUmg5LU1VMHp4M091amRqdi16NFFVOUFScmJKa2FSbVdKTXhidkNlZDY0Q2hiU0tiSkNtR1I1STM3T2FHcFRmZTBjMEdRSVJTVVNIQ3lLTnU4ZG05S0hQQUdHdmxVbGotUUlnUVVkdm1sZWI5SE5tNXFGWFQ0NjBER2JESDA?oc=5\" target=\"_blank\" rel=\"nofollow noopener\">R\u012bg\u0101 aizdegu\u0161ies met\u0101la atkritumi liel\u0101 plat\u012bb\u0101 \/ Raksts<\/a>&nbsp;&nbsp;LSM<\/li>\n<li><a href=\"https:\/\/news.google.com\/rss\/articles\/CBMipwFBVV95cUxQUGxyT2RQQ2twZGZKaE5TdTYzajEtQlA0TlZXRld1OWw4cHYwQzRRQzFMaFhaT21LbTRGWV9td3MwOGloSlpaTDY5NFRWeWluR3RLdmhJaTJVZUl4S081YS1VY2htbDRVcjU4YzdGMXB1MjIwSTlITjdQaEN4dVBsUWU2TmZ4OVBia24tTGtoa1hpcXV5TTRxVllTeFdxT3UyOVFFZThJQQ?oc=5\" target=\"_blank\" rel=\"nofollow noopener\">Nakt\u012b R\u012bg\u0101 izc\u0113l\u0101s iespaid\u012bgs ugunsgr\u0113ks Gran\u012bta iel\u0101 \u2013 gais\u0101 pac\u0113l\u0101s biezs d\u016bmu m\u0101konis<\/a>&nbsp;&nbsp;LA.LV<\/li>\n<li><a href=\"https:\/\/news.google.com\/rss\/articles\/CBMilAFBVV95cUxNZExIR3JSY0hsZldpQS01MFVPbDlKbGZwQ0pNbXQ0WHIzOENpcXNHYjFlVkxRaThGREw2UGNjd1k2SlpZajFaQ1VCWTV6V0ZGT0pwel9UaUZVcWliVTU0dWoyU3VJa3BMa2xYWUI3T1NhbVpITzI2am1NTlFyRUV2a0J0QjNtNTRsbUpQQlVnbml4QmN6?oc=5\" target=\"_blank\" rel=\"nofollow noopener\">Gran\u012bta iel\u0101 izc\u0113lies paaugstin\u0101tas b\u012bstam\u012bbas ugunsgr\u0113ks<\/a>&nbsp;&nbsp;Ropa\u017eu novada pa\u0161vald\u012bba<\/li>\n<li><a href=\"https:\/\/news.google.com\/rss\/articles\/CBMisAFBVV95cUxNTzZKWVE1U1lzRHlhZF9iYTZqc1BkbERiaVh0ZmNJZTFFT0FOTzRHbVJ5TnpyeU9LbGpucWNzV3plWmMwenh2cXZONWVrWmVxc0VGT2xNbDhSNDkyWGF2ZUdFS0E4dFowdFZfYXFZbFozNGdpeUpwaVJTRUZSSnNjQ0pfWjZ2b2NyUXZET1dLTjMtSkpBbi1EZ3QwTHp3Rm9tNEZLTlZlMzNZTENLckZTWA?oc=5\" target=\"_blank\" rel=\"nofollow noopener\">B\u012bstams ugunsgr\u0113ks Gran\u012bta iel\u0101 \u2013 aizdegu\u0161ies met\u0101la atkritumi liel\u0101 plat\u012bb\u0101<\/a>&nbsp;&nbsp;tv3.lv<\/li>\n<\/ol>\n","protected":false},"excerpt":{"rendered":"VIDEO \u27e9 1200 kvadr\u0101tmetru plat\u012bb\u0101 R\u012bg\u0101 degusi met\u0101la atkritumu kaudze&nbsp;&nbsp;Apollo.lv R\u012bg\u0101 aizdegu\u0161ies met\u0101la atkritumi liel\u0101 plat\u012bb\u0101 \/ Raksts&nbsp;&nbsp;LSM&hellip;\n","protected":false},"author":2,"featured_media":49798,"comment_status":"","ping_status":"","sticky":false,"template":"","format":"standard","meta":{"footnotes":""},"categories":[12],"tags":[23,28,29,32,33,13620,22,30,31,35,39,38,36,37,34,40,20,26,27,24,25,377,4908,21],"class_list":{"0":"post-49797","1":"post","2":"type-post","3":"status-publish","4":"format-standard","5":"has-post-thumbnail","7":"category-latvija","8":"tag-aktualitates","9":"tag-breaking-news","10":"tag-breakingnews","11":"tag-featured-news","12":"tag-featurednews","13":"tag-granita-iela","14":"tag-headlines","15":"tag-latest-news","16":"tag-latestnews","17":"tag-latvia","18":"tag-latvian","19":"tag-latviesu","20":"tag-latviesu-valoda","21":"tag-latviesuvaloda","22":"tag-latvija","23":"tag-lv","24":"tag-news","25":"tag-popularakas-zinas","26":"tag-popularakaszinas","27":"tag-top-stories","28":"tag-topstories","29":"tag-ugunsgreks","30":"tag-vugd","31":"tag-zinas"},"share_on_mastodon":{"url":"https:\/\/pubeurope.com\/@lv\/115552754250598972","error":""},"_links":{"self":[{"href":"https:\/\/www.europesays.com\/lv\/wp-json\/wp\/v2\/posts\/49797","targetHints":{"allow":["GET"]}}],"collection":[{"href":"https:\/\/www.europesays.com\/lv\/wp-json\/wp\/v2\/posts"}],"about":[{"href":"https:\/\/www.europesays.com\/lv\/wp-json\/wp\/v2\/types\/post"}],"author":[{"embeddable":true,"href":"https:\/\/www.europesays.com\/lv\/wp-json\/wp\/v2\/users\/2"}],"replies":[{"embeddable":true,"href":"https:\/\/www.europesays.com\/lv\/wp-json\/wp\/v2\/comments?post=49797"}],"version-history":[{"count":0,"href":"https:\/\/www.europesays.com\/lv\/wp-json\/wp\/v2\/posts\/49797\/revisions"}],"wp:featuredmedia":[{"embeddable":true,"href":"https:\/\/www.europesays.com\/lv\/wp-json\/wp\/v2\/media\/49798"}],"wp:attachment":[{"href":"https:\/\/www.europesays.com\/lv\/wp-json\/wp\/v2\/media?parent=49797"}],"wp:term":[{"taxonomy":"category","embeddable":true,"href":"https:\/\/www.europesays.com\/lv\/wp-json\/wp\/v2\/categories?post=49797"},{"taxonomy":"post_tag","embeddable":true,"href":"https:\/\/www.europesays.com\/lv\/wp-json\/wp\/v2\/tags?post=49797"}],"curies":[{"name":"wp","href":"https:\/\/api.w.org\/{rel}","templated":true}]}}