{"id":49803,"date":"2025-11-15T08:28:08","date_gmt":"2025-11-15T08:28:08","guid":{"rendered":"https:\/\/www.europesays.com\/lv\/49803\/"},"modified":"2025-11-15T08:28:08","modified_gmt":"2025-11-15T08:28:08","slug":"tramps-pieprasa-izmeklet-epstina-attiecibas-ar-klintonu-un-citiem-politiskajiem-pretiniekiem","status":"publish","type":"post","link":"https:\/\/www.europesays.com\/lv\/49803\/","title":{"rendered":"Tramps pieprasa izmekl\u0113t Epst\u012bna attiec\u012bbas ar Klintonu un citiem politiskajiem pretiniekiem"},"content":{"rendered":"<p>Bondi platform\u0101 &#8220;X&#8221; pazi\u0146oja, ka uzdevusi vad\u012bt \u0161o izmekl\u0113\u0161anu Manhetenas prokuroram D\u017eejam Kleitonam.<\/p>\n<p>Republik\u0101\u0146u kongresme\u0146i \u0161oned\u0113\u013c publiskoja Epst\u012bna mantojuma dokumentus 23 000 lappu\u0161u apjom\u0101, un P\u0101rst\u0101vju pal\u0101tas dokumenti piev\u0113rsa uzman\u012bbu e-pasta v\u0113stul\u0113m, kur\u0101s piemin\u0113ts Tramps.<\/p>\n<p>Tramps, kur\u0161 gadiem ilgi bijis draugos ar Epst\u012bnu, nepaskaidroja, k\u0101dus ar Epst\u012bnu saist\u012bstus noziegumus Tieslietu ministrijai vajadz\u0113tu izmekl\u0113t.<\/p>\n<p>Soci\u0101lo mediju ierakst\u0101, kur\u0101 Tramps piepras\u012bja \u0161o izmekl\u0113\u0161anu, ir min\u0113ti vair\u0101ki v\u012brie\u0161i, bet nevienu no vi\u0146iem Epst\u012bna upuri nav aps\u016bdz\u0113ju\u0161i seksu\u0101los p\u0101rk\u0101pumos.<\/p>\n<p>Da\u017eas stundas pirms Bondi pazi\u0146ojuma Tramps sav\u0101 soci\u0101lo mediju platform\u0101 &#8220;Truth Social&#8221; ierakst\u012bja, ka vi\u0146\u0161 l\u016bgs \u0123ener\u0101lprokurori, Tieslietu ministriju un Feder\u0101lo izmekl\u0113\u0161anas biroju (FIB) izmekl\u0113t Epst\u012bna &#8220;iesaisti un attiec\u012bbas&#8221; ar Bilu Klintonu un citiem v\u012brie\u0161iem, tai skait\u0101 biju\u0161o finan\u0161u ministru Leriju Samersu un soci\u0101l\u0101 t\u012bkla &#8220;LinkedIn&#8221; dibin\u0101t\u0101ju un Demokr\u0101tu partijas ziedot\u0101ju R\u012bdu Hofmanu.<\/p>\n<p>Tramps, kur\u0161 nosaucis \u0161o lietu par &#8220;Epst\u012bna viltojumu, kur\u0101 iesaist\u012bti demokr\u0101ti, nevis republik\u0101\u0146i&#8221;, pazi\u0146oja, ka izmekl\u0113\u0161anai vajadz\u0113tu ietvert ar\u012b finan\u0161u milzi &#8220;JPMorgan Chase&#8221;, kas nodro\u0161in\u0101ja banku pakalpojumus Epst\u012bnam, un &#8220;daudzus citus cilv\u0113kus un instit\u016bcijas&#8221;.<\/p>\n<p>Epst\u012bns tika aps\u016bdz\u0113ts vair\u0101ku desmitu nepilngad\u012bgu meite\u0146u seksu\u0101l\u0101 izmanto\u0161an\u0101 un cilv\u0113ku tirdzniec\u012bb\u0101 seksu\u0101l\u0101s izmanto\u0161anas nol\u016bk\u0101.<\/p>\n<p>Tiesu t\u0101 ar\u012b nesagaid\u012bjis, Epst\u012bns izdar\u012bja pa\u0161n\u0101v\u012bbu feder\u0101laj\u0101 aiztur\u0113\u0161anas centr\u0101 \u0145ujork\u0101 2019. gada august\u0101 dienu p\u0113c tam, kad tika publiskoti dokumenti, kas dod pla\u0161\u0101ku ieskatu vi\u0146a vad\u012btaj\u0101 seksu\u0101lo pakalpojumu tirdzniec\u012bbas t\u012bkl\u0101 laik\u0101 no 2002. l\u012bdz 2005. gadam.<\/p>\n","protected":false},"excerpt":{"rendered":"Bondi platform\u0101 &#8220;X&#8221; pazi\u0146oja, ka uzdevusi vad\u012bt \u0161o izmekl\u0113\u0161anu Manhetenas prokuroram D\u017eejam Kleitonam. Republik\u0101\u0146u kongresme\u0146i \u0161oned\u0113\u013c publiskoja Epst\u012bna&hellip;\n","protected":false},"author":2,"featured_media":49804,"comment_status":"","ping_status":"","sticky":false,"template":"","format":"standard","meta":{"footnotes":""},"categories":[14],"tags":[23,57,292,13628,28,29,542,7438,32,33,22,30,31,35,39,38,36,37,34,40,20,26,27,24,25,54,55,56,21,58],"class_list":{"0":"post-49803","1":"post","2":"type-post","3":"status-publish","4":"format-standard","5":"has-post-thumbnail","7":"category-zinas-no-arvalstim","8":"tag-aktualitates","9":"tag-arvalstim","10":"tag-asv","11":"tag-bils-klintons","12":"tag-breaking-news","13":"tag-breakingnews","14":"tag-donalds-tramps","15":"tag-dzefrijs-epstins","16":"tag-featured-news","17":"tag-featurednews","18":"tag-headlines","19":"tag-latest-news","20":"tag-latestnews","21":"tag-latvia","22":"tag-latvian","23":"tag-latviesu","24":"tag-latviesu-valoda","25":"tag-latviesuvaloda","26":"tag-latvija","27":"tag-lv","28":"tag-news","29":"tag-popularakas-zinas","30":"tag-popularakaszinas","31":"tag-top-stories","32":"tag-topstories","33":"tag-world","34":"tag-world-news","35":"tag-worldnews","36":"tag-zinas","37":"tag-zinas-no-arvalstim"},"share_on_mastodon":{"url":"https:\/\/pubeurope.com\/@lv\/115552773980062995","error":""},"_links":{"self":[{"href":"https:\/\/www.europesays.com\/lv\/wp-json\/wp\/v2\/posts\/49803","targetHints":{"allow":["GET"]}}],"collection":[{"href":"https:\/\/www.europesays.com\/lv\/wp-json\/wp\/v2\/posts"}],"about":[{"href":"https:\/\/www.europesays.com\/lv\/wp-json\/wp\/v2\/types\/post"}],"author":[{"embeddable":true,"href":"https:\/\/www.europesays.com\/lv\/wp-json\/wp\/v2\/users\/2"}],"replies":[{"embeddable":true,"href":"https:\/\/www.europesays.com\/lv\/wp-json\/wp\/v2\/comments?post=49803"}],"version-history":[{"count":0,"href":"https:\/\/www.europesays.com\/lv\/wp-json\/wp\/v2\/posts\/49803\/revisions"}],"wp:featuredmedia":[{"embeddable":true,"href":"https:\/\/www.europesays.com\/lv\/wp-json\/wp\/v2\/media\/49804"}],"wp:attachment":[{"href":"https:\/\/www.europesays.com\/lv\/wp-json\/wp\/v2\/media?parent=49803"}],"wp:term":[{"taxonomy":"category","embeddable":true,"href":"https:\/\/www.europesays.com\/lv\/wp-json\/wp\/v2\/categories?post=49803"},{"taxonomy":"post_tag","embeddable":true,"href":"https:\/\/www.europesays.com\/lv\/wp-json\/wp\/v2\/tags?post=49803"}],"curies":[{"name":"wp","href":"https:\/\/api.w.org\/{rel}","templated":true}]}}