{"id":49805,"date":"2025-11-15T08:29:05","date_gmt":"2025-11-15T08:29:05","guid":{"rendered":"https:\/\/www.europesays.com\/lv\/49805\/"},"modified":"2025-11-15T08:29:05","modified_gmt":"2025-11-15T08:29:05","slug":"foto-%e2%9f%a9-bakingemas-pili-atzime-karala-carlza-iii-77-dzimsanas-dienu","status":"publish","type":"post","link":"https:\/\/www.europesays.com\/lv\/49805\/","title":{"rendered":"FOTO \u27e9 Bakingemas pil\u012b atz\u012bm\u0113 kara\u013ca \u010c\u0101rlza III 77. dzim\u0161anas dienu"},"content":{"rendered":"<p>Piektdien karalis un karaliene Kamilla dev\u0101s uz pie\u0146em\u0161anu k\u0101d\u0101 pil\u012b, aptuveni 40 kilometrus uz zieme\u013ciem no Velsas galvaspils\u0113tas Kardifas, kur vi\u0146\u0161 sagrieza milz\u012bgu dzim\u0161anas dienas torti, kas bija veidota pils form\u0101.<\/p>\n<p>V\u0113l\u0101k vi\u0146\u0161 ofici\u0101li atkl\u0101ja Dienvidvelsas metro vilcienu depo, uz neilgu br\u012bdi aps\u0113\u017eoties vilciena vad\u012bt\u0101ja s\u0113dekl\u012b un sveicot sabiedr\u012bbas p\u0101rst\u0101vjus, kuri liet\u016b gaid\u012bja vi\u0146a iera\u0161anos.<\/p>\n<p>Tikm\u0113r London\u0101 par godu kara\u013ca dzim\u0161anas dienai tika sar\u012bkots sal\u016bts.<\/p>\n<p>Ierasti monarhiem ir divas dzim\u0161anas dienas, no kur\u0101m viena ir &#8220;ofici\u0101l\u0101&#8221;. Trad\u012bcija, ka monarhs svin divas dzim\u0161anas dienas, dom\u0101jams, s\u0101k\u0101s 1748. gad\u0101 ar karali D\u017eord\u017eu II. T\u0101pat k\u0101 \u010c\u0101rlzs, ar\u012b vi\u0146\u0161 bija dzimis novembr\u012b.<\/p>\n<p>Karalim \u010c\u0101rlzam III p\u0113d\u0113j\u0101s ned\u0113\u013cas ir biju\u0161as gr\u016btas. Oktobra beig\u0101s vi\u0146\u0161 veica neparastu soli, at\u0146emot savam br\u0101lim Endr\u016b karaliskos titulus, m\u0113\u0123inot apspiest skand\u0101lu par Endr\u016b saist\u012bbu ar noties\u0101to seksu\u0101lo noziedznieku D\u017eefriju Ep\u0161teinu.<\/p>\n<p>\u010c\u0101rlzs turpina pild\u012bt savus monarha pien\u0101kumus un \u0101rst\u0113t v\u0113zi p\u0113c tam, kad 2024. gada s\u0101kum\u0101 vi\u0146am tika diagnostic\u0113ts neizpausts v\u0113\u017ea veids.<\/p>\n","protected":false},"excerpt":{"rendered":"Piektdien karalis un karaliene Kamilla dev\u0101s uz pie\u0146em\u0161anu k\u0101d\u0101 pil\u012b, aptuveni 40 kilometrus uz zieme\u013ciem no Velsas galvaspils\u0113tas&hellip;\n","protected":false},"author":2,"featured_media":49806,"comment_status":"","ping_status":"","sticky":false,"template":"","format":"standard","meta":{"footnotes":""},"categories":[12],"tags":[23,4281,63,28,29,10459,32,33,22,30,31,35,39,38,36,37,34,40,20,26,27,24,25,21],"class_list":{"0":"post-49805","1":"post","2":"type-post","3":"status-publish","4":"format-standard","5":"has-post-thumbnail","7":"category-latvija","8":"tag-aktualitates","9":"tag-anglija","10":"tag-arvalstis","11":"tag-breaking-news","12":"tag-breakingnews","13":"tag-carlzs-iii","14":"tag-featured-news","15":"tag-featurednews","16":"tag-headlines","17":"tag-latest-news","18":"tag-latestnews","19":"tag-latvia","20":"tag-latvian","21":"tag-latviesu","22":"tag-latviesu-valoda","23":"tag-latviesuvaloda","24":"tag-latvija","25":"tag-lv","26":"tag-news","27":"tag-popularakas-zinas","28":"tag-popularakaszinas","29":"tag-top-stories","30":"tag-topstories","31":"tag-zinas"},"share_on_mastodon":{"url":"https:\/\/pubeurope.com\/@lv\/115552777873659987","error":""},"_links":{"self":[{"href":"https:\/\/www.europesays.com\/lv\/wp-json\/wp\/v2\/posts\/49805","targetHints":{"allow":["GET"]}}],"collection":[{"href":"https:\/\/www.europesays.com\/lv\/wp-json\/wp\/v2\/posts"}],"about":[{"href":"https:\/\/www.europesays.com\/lv\/wp-json\/wp\/v2\/types\/post"}],"author":[{"embeddable":true,"href":"https:\/\/www.europesays.com\/lv\/wp-json\/wp\/v2\/users\/2"}],"replies":[{"embeddable":true,"href":"https:\/\/www.europesays.com\/lv\/wp-json\/wp\/v2\/comments?post=49805"}],"version-history":[{"count":0,"href":"https:\/\/www.europesays.com\/lv\/wp-json\/wp\/v2\/posts\/49805\/revisions"}],"wp:featuredmedia":[{"embeddable":true,"href":"https:\/\/www.europesays.com\/lv\/wp-json\/wp\/v2\/media\/49806"}],"wp:attachment":[{"href":"https:\/\/www.europesays.com\/lv\/wp-json\/wp\/v2\/media?parent=49805"}],"wp:term":[{"taxonomy":"category","embeddable":true,"href":"https:\/\/www.europesays.com\/lv\/wp-json\/wp\/v2\/categories?post=49805"},{"taxonomy":"post_tag","embeddable":true,"href":"https:\/\/www.europesays.com\/lv\/wp-json\/wp\/v2\/tags?post=49805"}],"curies":[{"name":"wp","href":"https:\/\/api.w.org\/{rel}","templated":true}]}}