{"id":49816,"date":"2025-11-15T08:38:07","date_gmt":"2025-11-15T08:38:07","guid":{"rendered":"https:\/\/www.europesays.com\/lv\/49816\/"},"modified":"2025-11-15T08:38:07","modified_gmt":"2025-11-15T08:38:07","slug":"krievijas-daliba-sacensibas-ir-absurds-kamer-ukraina-cinas-lente-lv","status":"publish","type":"post","link":"https:\/\/www.europesays.com\/lv\/49816\/","title":{"rendered":"Krievijas dal\u012bba sacens\u012bb\u0101s ir absurds, kam\u0113r Ukraina c\u012bn\u0101s\u00a0\u2014\u00a0Lente.lv"},"content":{"rendered":"<p>Kristers Aparjods pau\u017e sa\u0161utumu par Krievijas dal\u012bbu sacens\u012bb\u0101s<\/p>\n<p>Kamani\u0146u sportists Kristers Aparjods ir \u013coti kritisks pret Krievijas sportistu potenci\u0101lo dal\u012bbu starptautisk\u0101s sacens\u012bb\u0101s, \u012bpa\u0161i gaid\u0101maj\u0101s Mil\u0101nas-Kort\u012bnas d\u2019Ampeco olimpiskaj\u0101s sp\u0113l\u0113s. Vi\u0146\u0161 uzskata, ka tas ir piln\u012bgi absurdi un nepie\u0146emami, kam\u0113r Ukraina c\u012bn\u0101s par savu valsti.<\/p>\n<p>Aparjods sav\u0101 nost\u0101j\u0101 ir stingrs, uzsverot, ka situ\u0101cija ir radik\u0101li main\u012bjusies. Vi\u0146\u0161 pau\u017e dzi\u013cu neizpratni, k\u0101 Krievijas sportisti var\u0113tu piedal\u012bties sacens\u012bb\u0101s, kad daudzas valstis un organiz\u0101cijas ir noteiku\u0161as sankcijas pret Krieviju t\u0101s agresijas d\u0113\u013c Ukrain\u0101. &#8220;Kam\u0113r Ukrainas sportistiem ir j\u0101aizst\u0101v sava valsts kar\u0101, krievu dal\u012bba sacens\u012bb\u0101s&#8230; nav iedom\u0101jama,&#8221; vi\u0146\u0161 skaidri nor\u0101da.<\/p>\n<p>Sportistu pien\u0101kums un mor\u0101lais kompass<\/p>\n<p>Latvijas kamani\u0146u sporta izlases dal\u012bbnieks uzskata, ka sportistiem ir svar\u012bgi saglab\u0101t savu mor\u0101lo kompasu un r\u012bkoties atbild\u012bgi. Vi\u0146a viedoklis atspogu\u013co pla\u0161\u0101ku sabiedr\u012bbas noska\u0146ojumu, ka sportam nevajadz\u0113tu b\u016bt \u0161\u0137irtam no politiskajiem notikumiem, \u012bpa\u0161i tik smag\u0101 un tra\u0123isk\u0101 situ\u0101cij\u0101 k\u0101 kar\u0161 Ukrain\u0101.<\/p>\n<p>Aparjods nor\u0101da, ka ir nepie\u0146emami, ka Krievijas sportisti, iesp\u0113jams, var\u0113tu turpin\u0101t savu karjeru un baud\u012bt starptautiskos pan\u0101kumus, kam\u0113r ukrai\u0146u sportisti ir spiesti savu dzimteni aizst\u0101v\u0113t milit\u0101r\u0101 konflikt\u0101. \u0160\u0101da situ\u0101cija rada sp\u0113c\u012bgu mor\u0101lu dilemmu un liek uzdot jaut\u0101jumus par sporta organiz\u0101ciju un starptautisk\u0101s sabiedr\u012bbas r\u012bc\u012bbu.<\/p>\n<p>Starptautisko sporta feder\u0101ciju loma un n\u0101kotnes perspekt\u012bvas<\/p>\n<p>Kamani\u0146u sporta sabiedr\u012bb\u0101, t\u0101pat k\u0101 citos sporta veidos, ir izrais\u012bjusies spraiga diskusija par Krievijas un Baltkrievijas sportistu atgrie\u0161anos sacens\u012bb\u0101s. Daudzas starptautisk\u0101s sporta feder\u0101cijas ir noraid\u012bju\u0161as Krievijas sportistu dal\u012bbu, bet da\u017eas, piem\u0113ram, Starptautisk\u0101 Olimpisk\u0101 komiteja (SOK), ir paudu\u0161as atbalstu vi\u0146u individu\u0101lajai dal\u012bbai neitr\u0101lo sportistu status\u0101, lai gan tas ir pretrun\u012bgi un rada lielu neapmierin\u0101t\u012bbu.<\/p>\n<p>Aparjoda koment\u0101ri liecina par dzi\u013cu vil\u0161anos un neizpratni par \u0161iem l\u0113mumiem. Vi\u0146\u0161 uzsver, ka \u0161obr\u012bd, kad kar\u0161 Ukrain\u0101 turpin\u0101s, jebk\u0101da Krievijas sportistu dal\u012bba starptautisk\u0101s sacens\u012bb\u0101s ir ne\u0113tisks un neattaisnojams solis. Vi\u0146a viedoklis ir svar\u012bgs sign\u0101ls, kas atspogu\u013co Latvijas sporta kopienas un daudzu citu valstu attieksmi, pieprasot stingr\u0101ku nost\u0101ju pret agresorvalsts p\u0101rst\u0101vjiem.<\/p>\n<p>Kristers Aparjods: Absurds situ\u0101cij\u0101<\/p>\n<p>Kamani\u0146u sporta elites p\u0101rst\u0101vis Kristers Aparjods izsaka savu sa\u0161utumu un neizpratni par iesp\u0113jamo Krievijas sportistu dal\u012bbu starptautisk\u0101s sacens\u012bb\u0101s, tostarp ar\u012b gaid\u0101maj\u0101s Mil\u0101nas-Kort\u012bnas d\u2019Ampeco olimpiskaj\u0101s sp\u0113l\u0113s. Vi\u0146\u0161 uzskata, ka \u0161\u0101da situ\u0101cija ir absol\u016bts absurds, \u012bpa\u0161i \u0146emot v\u0113r\u0101 notieko\u0161o Ukrain\u0101.<\/p>\n<p>Kam\u0113r Ukrainas sportisti ir spiesti aizst\u0101v\u0113t savu valsti kaujas lauk\u0101, Krievijas sportistu dal\u012bba sacens\u012bb\u0101s, vi\u0146apr\u0101t, ir neiedom\u0101jama un dzi\u013ci ne\u0113tisks solis. Aparjods pau\u017e cer\u012bbu, ka sporta organiz\u0101cijas pie\u0146ems atbild\u012bgus l\u0113mumus, kas atbilstu \u0113tikas un mor\u0101les principiem, nevis \u013cautu Krievijas sportistiem turpin\u0101t savu karjeru, it k\u0101 nekas neb\u016btu noticis.<\/p>\n","protected":false},"excerpt":{"rendered":"Kristers Aparjods pau\u017e sa\u0161utumu par Krievijas dal\u012bbu sacens\u012bb\u0101s Kamani\u0146u sportists Kristers Aparjods ir \u013coti kritisks pret Krievijas sportistu&hellip;\n","protected":false},"author":2,"featured_media":49817,"comment_status":"","ping_status":"","sticky":false,"template":"","format":"standard","meta":{"footnotes":""},"categories":[17],"tags":[10482,3354,13629,12705,35,39,38,36,37,34,40,13630,67],"class_list":{"0":"post-49816","1":"post","2":"type-post","3":"status-publish","4":"format-standard","5":"has-post-thumbnail","7":"category-sports","8":"tag-kamaninu-sports","9":"tag-kars-ukraina","10":"tag-krievijas-daliba-sacensibas","11":"tag-kristers-aparjods","12":"tag-latvia","13":"tag-latvian","14":"tag-latviesu","15":"tag-latviesu-valoda","16":"tag-latviesuvaloda","17":"tag-latvija","18":"tag-lv","19":"tag-milanas-kortinas-dampeco-olimpiskas-speles","20":"tag-sports"},"share_on_mastodon":{"url":"https:\/\/pubeurope.com\/@lv\/115552813300694567","error":""},"_links":{"self":[{"href":"https:\/\/www.europesays.com\/lv\/wp-json\/wp\/v2\/posts\/49816","targetHints":{"allow":["GET"]}}],"collection":[{"href":"https:\/\/www.europesays.com\/lv\/wp-json\/wp\/v2\/posts"}],"about":[{"href":"https:\/\/www.europesays.com\/lv\/wp-json\/wp\/v2\/types\/post"}],"author":[{"embeddable":true,"href":"https:\/\/www.europesays.com\/lv\/wp-json\/wp\/v2\/users\/2"}],"replies":[{"embeddable":true,"href":"https:\/\/www.europesays.com\/lv\/wp-json\/wp\/v2\/comments?post=49816"}],"version-history":[{"count":0,"href":"https:\/\/www.europesays.com\/lv\/wp-json\/wp\/v2\/posts\/49816\/revisions"}],"wp:featuredmedia":[{"embeddable":true,"href":"https:\/\/www.europesays.com\/lv\/wp-json\/wp\/v2\/media\/49817"}],"wp:attachment":[{"href":"https:\/\/www.europesays.com\/lv\/wp-json\/wp\/v2\/media?parent=49816"}],"wp:term":[{"taxonomy":"category","embeddable":true,"href":"https:\/\/www.europesays.com\/lv\/wp-json\/wp\/v2\/categories?post=49816"},{"taxonomy":"post_tag","embeddable":true,"href":"https:\/\/www.europesays.com\/lv\/wp-json\/wp\/v2\/tags?post=49816"}],"curies":[{"name":"wp","href":"https:\/\/api.w.org\/{rel}","templated":true}]}}