{"id":49818,"date":"2025-11-15T08:40:28","date_gmt":"2025-11-15T08:40:28","guid":{"rendered":"https:\/\/www.europesays.com\/lv\/49818\/"},"modified":"2025-11-15T08:40:28","modified_gmt":"2025-11-15T08:40:28","slug":"kopiga-fronte-ka-latvijas-un-igaunijas-dezinformatori-pirms-velesanam-izmanto-bailes","status":"publish","type":"post","link":"https:\/\/www.europesays.com\/lv\/49818\/","title":{"rendered":"Kop\u012bga fronte. K\u0101 Latvijas un Igaunijas dezinformatori pirms v\u0113l\u0113\u0161an\u0101m izmanto bailes"},"content":{"rendered":"<p>T\u0101pat k\u0101 Latvij\u0101 v\u0113l\u0113\u0161an\u0101s kandid\u0113ja virkne sazv\u0113rest\u012bbas teoriju piekrit\u0113ju, kurus labi paz\u012bst Igaunijas \u201cDelfi\u201d faktu p\u0101rbaudes komanda. Vi\u0146i gadiem ir pulc\u0113ju\u0161i sekot\u0101jus un atbalst\u012bt\u0101jus, izplatot dezinform\u0101ciju par vakcin\u0101ciju, kovida pand\u0113miju, vides aizsardz\u012bbu, Krievijas karu Ukrain\u0101 utt. Ta\u010du p\u0101ri visam vi\u0146us vieno labv\u0113l\u012bga attieksme pret Kremli.<\/p>\n<p>Liel\u0101koties vi\u0146i kandid\u0113ja no jaun\u0101s politisk\u0101s kust\u012bbas \u201cPlaan B\u201d. T\u0101 \u0161ovasar ieguva popularit\u0101ti, izplatot dezinform\u0101ciju par \u0100frikas c\u016bku m\u0113ri un iebilstot pret t\u0101 izplat\u012bbas mazin\u0101\u0161anas pas\u0101kumiem (skaidrojumu lasiet <a target=\"_blank\" rel=\"noopener noreferrer nofollow\" href=\"https:\/\/rebaltica.lv\/2025\/09\/skaidrojam-kas-ir-afrikas-cuku-meris-un-kapec-tas-plosas-latvija\/\">\u0161eit<\/a>). Tom\u0113r da\u017ei kandid\u0113ja ar\u012b no EERK un EKRE.<\/p>\n<p>Tom\u0113r v\u0113l\u0113\u0161an\u0101s vi\u0146iem neveic\u0101s. Savos apgabalos vi\u0146i sa\u0146\u0113ma maz\u0101k nek\u0101 100 balsu un pa\u0161vald\u012bb\u0101s neiek\u013cuva. Tas r\u0101da, ka, lai gan vi\u0146iem ir iev\u0113rojama ietekme un sekot\u0101ju skaits soci\u0101lajos medijos, tas v\u0113l nep\u0101rv\u0113r\u0161as labos v\u0113l\u0113\u0161anu rezult\u0101tos.<\/p>\n<p>B\u012bstam\u0101ki un popul\u0101r\u0101ki ir jaunie\u0161u vid\u016b slaveni satura veidot\u0101ji, kuri specializ\u0113jas naidpiln\u0101 un dusmas kurino\u0161\u0101 satur\u0101. V\u0113rojama ar\u012b tendence arvien vair\u0101k izmantot ar m\u0101ksl\u012bgo intelektu (MI) saist\u012btus r\u012bkus, lai ra\u017eotu l\u0113tu, politisku m\u0113slu ( no AI slop \u2013 ang\u013cu val.) saturu.<\/p>\n<p><img decoding=\"async\" class=\"figure__image\" onclick=\"triggerEvent('articleImageClick', { id: 17274722, focus: 'single-image', focusIndex: '17274722' })\" onkeydown=\"if (event.key === 'Enter') {&#10;        triggerEvent('articleImageClick', { id: 17274722, focus: 'single-image', focusIndex: '17274722' })&#10;        }\" role=\"button\" tabindex=\"0\" data-focus-from=\"single-image\" data-focus-index=\"17274722\" src=\"https:\/\/www.europesays.com\/lv\/wp-content\/uploads\/2025\/11\/17274722t1h1db1.png\" onload=\"this.parentElement.classList.remove('figure__image-loading')\" alt=\"Simtiem cilv\u0113ku dal\u012bj\u0101s ar m\u0101ksl\u012bg\u0101 intelekta rad\u012bt\u0101s \u201cKl\u0101ras\u201d saturu\"\/>Simtiem cilv\u0113ku dal\u012bj\u0101s ar m\u0101ksl\u012bg\u0101 intelekta rad\u012bt\u0101s \u201cKl\u0101ras\u201d saturu Foto: Ekr\u0101n\u0161\u0101vi\u0146\u0161<\/p>\n<p>Viens piem\u0113rs ir Facebook konts \u201cClara Cass\u201d, kas piln\u012bb\u0101 veidots ar MI pal\u012bdz\u012bbu un da\u017eos m\u0113ne\u0161os sav\u0101cis 2600 Facebook \u201cdraugu\u201d. Pirms v\u0113l\u0113\u0161an\u0101m \u201cKl\u0101ra\u201d s\u0101ka public\u0113t MI \u0123ener\u0113tu saturu par vald\u012bbas politi\u0137iem. Ierakstos tika izmantots t\u0113mturis #valimised2025, ta\u010du pa\u0161i video bija ang\u013cu valod\u0101. Ieraksti izskat\u012bj\u0101s nevain\u012bgi \u2013 viens rok kartupe\u013cus, otrs paaugstina nodok\u013cus \u2013 tom\u0113r tajos bija izmantoti dezinform\u0101cijas narat\u012bvi. Viens video atk\u0101rtoja antivakcin\u0101cijas v\u0113st\u012bjumus, bet cits lika dom\u0101t, ka ar \u0100frikas c\u016bku m\u0113ri infic\u0113tus dz\u012bvniekus nevajadz\u0113tu likvid\u0113t.<\/p>\n<p><img decoding=\"async\" class=\"figure__image\" onclick=\"triggerEvent('articleImageClick', { id: 17274725, focus: 'single-image', focusIndex: '17274725' })\" onkeydown=\"if (event.key === 'Enter') {&#10;        triggerEvent('articleImageClick', { id: 17274725, focus: 'single-image', focusIndex: '17274725' })&#10;        }\" role=\"button\" tabindex=\"0\" data-focus-from=\"single-image\" data-focus-index=\"17274725\" src=\"https:\/\/www.europesays.com\/lv\/wp-content\/uploads\/2025\/11\/17274725t1hdeb3.png\" onload=\"this.parentElement.classList.remove('figure__image-loading')\" alt=\"Ekr\u0101n\u0161\u0101vi\u0146\u0161 no \u201cEKRE siv\u0113ni\u201d konta.\"\/>Ekr\u0101n\u0161\u0101vi\u0146\u0161 no \u201cEKRE siv\u0113ni\u201d konta. Foto: ekr\u0101n\u0161\u0101vi\u0146i<\/p>\n<p>Konts EKRE Notsud (\u201cEKRE siv\u0113ni\u201d) pirms v\u0113l\u0113\u0161an\u0101m bija akt\u012bvs TikTok. T\u0101 aprakst\u0101 teikts: \u201cPasakas, kas sagrauj EKRE melus. M\u0113s atbildam vi\u0146iem ar vi\u0146u pa\u0161u metod\u0113m.\u201d Tas public\u0113ja ar MI veidotus video igau\u0146u valod\u0101, kuros EKRE politi\u0137i att\u0113loti k\u0101 c\u016bkas. Saturs ir sagudrots. Piem\u0113ram, vien\u0101 no video st\u0101st\u012bts, k\u0101 Marts Helme \u013c\u0101vis FSB vi\u0146u verv\u0113t Maskav\u0101.<\/p>\n","protected":false},"excerpt":{"rendered":"T\u0101pat k\u0101 Latvij\u0101 v\u0113l\u0113\u0161an\u0101s kandid\u0113ja virkne sazv\u0113rest\u012bbas teoriju piekrit\u0113ju, kurus labi paz\u012bst Igaunijas \u201cDelfi\u201d faktu p\u0101rbaudes komanda. Vi\u0146i&hellip;\n","protected":false},"author":2,"featured_media":49819,"comment_status":"","ping_status":"","sticky":false,"template":"","format":"standard","meta":{"footnotes":""},"categories":[14],"tags":[23,57,28,29,1604,32,33,22,30,31,35,39,38,36,37,34,40,20,26,27,3828,24,25,54,55,56,21,58],"class_list":{"0":"post-49818","1":"post","2":"type-post","3":"status-publish","4":"format-standard","5":"has-post-thumbnail","7":"category-zinas-no-arvalstim","8":"tag-aktualitates","9":"tag-arvalstim","10":"tag-breaking-news","11":"tag-breakingnews","12":"tag-dezinformacija","13":"tag-featured-news","14":"tag-featurednews","15":"tag-headlines","16":"tag-latest-news","17":"tag-latestnews","18":"tag-latvia","19":"tag-latvian","20":"tag-latviesu","21":"tag-latviesu-valoda","22":"tag-latviesuvaloda","23":"tag-latvija","24":"tag-lv","25":"tag-news","26":"tag-popularakas-zinas","27":"tag-popularakaszinas","28":"tag-rebaltica","29":"tag-top-stories","30":"tag-topstories","31":"tag-world","32":"tag-world-news","33":"tag-worldnews","34":"tag-zinas","35":"tag-zinas-no-arvalstim"},"share_on_mastodon":{"url":"https:\/\/pubeurope.com\/@lv\/115552821326398204","error":""},"_links":{"self":[{"href":"https:\/\/www.europesays.com\/lv\/wp-json\/wp\/v2\/posts\/49818","targetHints":{"allow":["GET"]}}],"collection":[{"href":"https:\/\/www.europesays.com\/lv\/wp-json\/wp\/v2\/posts"}],"about":[{"href":"https:\/\/www.europesays.com\/lv\/wp-json\/wp\/v2\/types\/post"}],"author":[{"embeddable":true,"href":"https:\/\/www.europesays.com\/lv\/wp-json\/wp\/v2\/users\/2"}],"replies":[{"embeddable":true,"href":"https:\/\/www.europesays.com\/lv\/wp-json\/wp\/v2\/comments?post=49818"}],"version-history":[{"count":0,"href":"https:\/\/www.europesays.com\/lv\/wp-json\/wp\/v2\/posts\/49818\/revisions"}],"wp:featuredmedia":[{"embeddable":true,"href":"https:\/\/www.europesays.com\/lv\/wp-json\/wp\/v2\/media\/49819"}],"wp:attachment":[{"href":"https:\/\/www.europesays.com\/lv\/wp-json\/wp\/v2\/media?parent=49818"}],"wp:term":[{"taxonomy":"category","embeddable":true,"href":"https:\/\/www.europesays.com\/lv\/wp-json\/wp\/v2\/categories?post=49818"},{"taxonomy":"post_tag","embeddable":true,"href":"https:\/\/www.europesays.com\/lv\/wp-json\/wp\/v2\/tags?post=49818"}],"curies":[{"name":"wp","href":"https:\/\/api.w.org\/{rel}","templated":true}]}}