{"id":49826,"date":"2025-11-15T08:49:13","date_gmt":"2025-11-15T08:49:13","guid":{"rendered":"https:\/\/www.europesays.com\/lv\/49826\/"},"modified":"2025-11-15T08:49:13","modified_gmt":"2025-11-15T08:49:13","slug":"pirmizradi-piedzivos-celojuma-komedija-mudite-atkal-lido","status":"publish","type":"post","link":"https:\/\/www.europesays.com\/lv\/49826\/","title":{"rendered":"Pirmizr\u0101di piedz\u012bvos ce\u013cojuma kom\u0113dija &#8220;Mud\u012bte atkal lido&#8221;"},"content":{"rendered":"<p>&#8220;Es jau sen to grib\u0113ju izdar\u012bt,&#8221; teica Mud\u012bte un savas se\u0161desmit\u0101s dzim\u0161anas dienas priek\u0161vakar\u0101 meta visu pie malas, atv\u0113ra internetu un nopirka bi\u013ceti uz Kipru. Viena pati! Bez uzticamaj\u0101m draudzen\u0113m, ar kur\u0101m vi\u0146a tur bija sav\u0101 pirmaj\u0101 ce\u013cojum\u0101 uz \u0101rzem\u0113m toreiz, jaun\u012bb\u0101. Inese, Dzintra un Gunita noelstos par \u0161\u0101du soli, bet, ak, k\u0101 vi\u0146as apskaud\u012bs, kad Mud\u012bte past\u0101st\u012bs, k\u0101 vi\u0146ai tur g\u0101ja!<\/p>\n<p>Mud\u012btes st\u0101stu viena sirsn\u012bga vakara garum\u0101 uzburs le\u0123end\u0101r\u0101 <a href=\"https:\/\/sejas.tvnet.lv\/term\/814170\/dace-bonate\" class=\"topicLink\" target=\"_blank\" rel=\"nofollow noopener\">Dace Bon\u0101te<\/a>. &#8220;Bie\u017ei vien, lugas atrod savu re\u017eisoru diezgan d\u012bvain\u0101 veid\u0101.<\/p>\n<p>Piem\u0113ram, \u0161o darbu lugas autore man vienvakar ats\u016bt\u012bja k\u0101d\u0101 no soci\u0101lajiem t\u012bkliem.<\/p>\n<blockquote class=\"quote ck-widget\" contenteditable=\"false\">\n<p>To izlasot, es biju p\u0101rliecin\u0101ts, ka ekscentrisko, bet tik m\u012blamo Mud\u012bti ir j\u0101sp\u0113l\u0113 tikai un vien\u012bgi Dacei Bon\u0101tei. Jo vi\u0146as humora izj\u016bta, un tai pa\u0161\u0101 laik\u0101 lieliskais dramatisk\u0101s aktrises talants Mud\u012btes lomai ir k\u0101 rad\u012bti.<\/p>\n<\/blockquote>\n<p>T\u0101pat k\u0101 Mud\u012btei, katram no mums dz\u012bv\u0113 var pien\u0101kt br\u012bdis, smejies vai raudi, kur\u0101 j\u0101dodas mekl\u0113t un atrast sevi no jauna&#8221;, saka izr\u0101des re\u017eisors Gundars Silakakti\u0146\u0161.<\/p>\n<p>&#8220;\u0160o dienu es nodz\u012bvo\u0161u, lai ko tas noz\u012bm\u0113tu. Nevis eksist\u0113\u0161u, bet dz\u012bvo\u0161u! Un tur ir liela at\u0161\u0137ir\u012bba,&#8221; saka pati Mud\u012bte.<\/p>\n<p>Lugas autore Velga Vies\u012bte, re\u017eisors Gundars Silakakti\u0146\u0161, izr\u0101des vizu\u0101l\u0101 t\u0113la autore Jurate Silakakti\u0146a, horeogr\u0101fe Inga Krasovska, m\u016bzikas konsultante Zane Dombrovska, ska\u0146u\/gaismu m\u0101kslinieks Edgars Skra\u0123is.<\/p>\n<p>Bi\u013cetes uz pirmizr\u0101di un turpm\u0101kaj\u0101m izr\u0101d\u0113m pieejamas Bi\u013ce\u0161u Parad\u012bzes m\u0101jas lap\u0101.<\/p>\n","protected":false},"excerpt":{"rendered":"&#8220;Es jau sen to grib\u0113ju izdar\u012bt,&#8221; teica Mud\u012bte un savas se\u0161desmit\u0101s dzim\u0161anas dienas priek\u0161vakar\u0101 meta visu pie malas,&hellip;\n","protected":false},"author":2,"featured_media":49827,"comment_status":"","ping_status":"","sticky":false,"template":"","format":"standard","meta":{"footnotes":""},"categories":[19],"tags":[13633,13632,89,90,35,39,38,36,37,34,40,10115],"class_list":{"0":"post-49826","1":"post","2":"type-post","3":"status-publish","4":"format-standard","5":"has-post-thumbnail","7":"category-izklaide","8":"tag-dace-bonate","9":"tag-eduarda-smilga-teatra-muzejs","10":"tag-entertainment","11":"tag-izklaide","12":"tag-latvia","13":"tag-latvian","14":"tag-latviesu","15":"tag-latviesu-valoda","16":"tag-latviesuvaloda","17":"tag-latvija","18":"tag-lv","19":"tag-pirmizrade"},"share_on_mastodon":{"url":"https:\/\/pubeurope.com\/@lv\/115552856519339562","error":""},"_links":{"self":[{"href":"https:\/\/www.europesays.com\/lv\/wp-json\/wp\/v2\/posts\/49826","targetHints":{"allow":["GET"]}}],"collection":[{"href":"https:\/\/www.europesays.com\/lv\/wp-json\/wp\/v2\/posts"}],"about":[{"href":"https:\/\/www.europesays.com\/lv\/wp-json\/wp\/v2\/types\/post"}],"author":[{"embeddable":true,"href":"https:\/\/www.europesays.com\/lv\/wp-json\/wp\/v2\/users\/2"}],"replies":[{"embeddable":true,"href":"https:\/\/www.europesays.com\/lv\/wp-json\/wp\/v2\/comments?post=49826"}],"version-history":[{"count":0,"href":"https:\/\/www.europesays.com\/lv\/wp-json\/wp\/v2\/posts\/49826\/revisions"}],"wp:featuredmedia":[{"embeddable":true,"href":"https:\/\/www.europesays.com\/lv\/wp-json\/wp\/v2\/media\/49827"}],"wp:attachment":[{"href":"https:\/\/www.europesays.com\/lv\/wp-json\/wp\/v2\/media?parent=49826"}],"wp:term":[{"taxonomy":"category","embeddable":true,"href":"https:\/\/www.europesays.com\/lv\/wp-json\/wp\/v2\/categories?post=49826"},{"taxonomy":"post_tag","embeddable":true,"href":"https:\/\/www.europesays.com\/lv\/wp-json\/wp\/v2\/tags?post=49826"}],"curies":[{"name":"wp","href":"https:\/\/api.w.org\/{rel}","templated":true}]}}