{"id":49836,"date":"2025-11-15T09:06:10","date_gmt":"2025-11-15T09:06:10","guid":{"rendered":"https:\/\/www.europesays.com\/lv\/49836\/"},"modified":"2025-11-15T09:06:10","modified_gmt":"2025-11-15T09:06:10","slug":"tukuma-aizkraukle-valmiera-un-citviet-uzsnidzis-pirmais-sniegs","status":"publish","type":"post","link":"https:\/\/www.europesays.com\/lv\/49836\/","title":{"rendered":"Tukum\u0101, Aizkraukl\u0113, Valmier\u0101 un citviet uzsnidzis pirmais sniegs"},"content":{"rendered":"<p>\u0160or\u012bt daudzviet Latvij\u0101 uzsnigusi neliela sniega k\u0101rta, kas joproj\u0101m saglab\u0101jusies un nav nokususi.<\/p>\n<p>Iedz\u012bvot\u0101ji paman\u012bju\u0161u un foto kadros fiks\u0113ju\u0161i sniegu Valmieras pus\u0113, Aizkraukl\u0113, Tukum\u0101, Gulben\u0113 un citviet.<\/p>\n<p>Sinopti\u0137i prognoz\u0113, ka \u0161odien saule m\u012bsies ar m\u0101ko\u0146iem, kas viet\u0101m nes\u012bs \u012bslaic\u012bgus nokri\u0161\u0146us, p\u0101rsvar\u0101 slapju sniegu, v\u0113ja \u0101trums piekrast\u0113 br\u0101zm\u0101s sasniegs 15 l\u012bdz 18 metrus sekund\u0113.<\/p>\n<p>No gaid\u0101maj\u0101m \u010detr\u0101m br\u012bvdien\u0101m saulain\u0101kais laiks b\u016bs sestdien, bet visvair\u0101k lietus un sniega var\u0113tu b\u016bt 18. novembr\u012b, liecina pa\u0161reiz\u0113j\u0101s laika prognozes.<\/p>\n<p>Latvij\u0101 s\u0101cies v\u0113sa laika periods, kas var turpin\u0101ties ilgsto\u0161i, novembra otraj\u0101 pus\u0113 daudzviet iesp\u0113jama notur\u012bga sniega sega. Da\u013c\u0101 valsts gaid\u0101ma meteorolo\u0123isk\u0101s ziemas iest\u0101\u0161an\u0101s, Al\u016bksnes un Vidzemes augstien\u0113 t\u0101 var s\u0101kties jau 15. novembr\u012b.<\/p>\n<p>Iesp\u0113jams, visvair\u0101k l\u012bs un snigs sv\u0113tku dien\u0101; atbilsto\u0161i pa\u0161reiz\u0113jai &#8220;Global Forecast System&#8221; prognozei 18. novembr\u012b valsts liel\u0101ko da\u013cu p\u0101rkl\u0101s 1-10 centimetri sniega.<\/p>\n","protected":false},"excerpt":{"rendered":"\u0160or\u012bt daudzviet Latvij\u0101 uzsnigusi neliela sniega k\u0101rta, kas joproj\u0101m saglab\u0101jusies un nav nokususi. Iedz\u012bvot\u0101ji paman\u012bju\u0161u un foto kadros&hellip;\n","protected":false},"author":2,"featured_media":49837,"comment_status":"","ping_status":"","sticky":false,"template":"","format":"standard","meta":{"footnotes":""},"categories":[5],"tags":[129,1395,23,28,29,32,33,22,30,31,35,39,38,36,37,34,40,20,26,27,3179,3180,24,25,21],"class_list":{"0":"post-49836","1":"post","2":"type-post","3":"status-publish","4":"format-standard","5":"has-post-thumbnail","7":"category-aktualitates","8":"tag-__typenameadvicekeyword","9":"tag-id408","10":"tag-aktualitates","11":"tag-breaking-news","12":"tag-breakingnews","13":"tag-featured-news","14":"tag-featurednews","15":"tag-headlines","16":"tag-latest-news","17":"tag-latestnews","18":"tag-latvia","19":"tag-latvian","20":"tag-latviesu","21":"tag-latviesu-valoda","22":"tag-latviesuvaloda","23":"tag-latvija","24":"tag-lv","25":"tag-news","26":"tag-popularakas-zinas","27":"tag-popularakaszinas","28":"tag-slugweather","29":"tag-titleweather","30":"tag-top-stories","31":"tag-topstories","32":"tag-zinas"},"share_on_mastodon":{"url":"https:\/\/pubeurope.com\/@lv\/115552923529434457","error":""},"_links":{"self":[{"href":"https:\/\/www.europesays.com\/lv\/wp-json\/wp\/v2\/posts\/49836","targetHints":{"allow":["GET"]}}],"collection":[{"href":"https:\/\/www.europesays.com\/lv\/wp-json\/wp\/v2\/posts"}],"about":[{"href":"https:\/\/www.europesays.com\/lv\/wp-json\/wp\/v2\/types\/post"}],"author":[{"embeddable":true,"href":"https:\/\/www.europesays.com\/lv\/wp-json\/wp\/v2\/users\/2"}],"replies":[{"embeddable":true,"href":"https:\/\/www.europesays.com\/lv\/wp-json\/wp\/v2\/comments?post=49836"}],"version-history":[{"count":0,"href":"https:\/\/www.europesays.com\/lv\/wp-json\/wp\/v2\/posts\/49836\/revisions"}],"wp:featuredmedia":[{"embeddable":true,"href":"https:\/\/www.europesays.com\/lv\/wp-json\/wp\/v2\/media\/49837"}],"wp:attachment":[{"href":"https:\/\/www.europesays.com\/lv\/wp-json\/wp\/v2\/media?parent=49836"}],"wp:term":[{"taxonomy":"category","embeddable":true,"href":"https:\/\/www.europesays.com\/lv\/wp-json\/wp\/v2\/categories?post=49836"},{"taxonomy":"post_tag","embeddable":true,"href":"https:\/\/www.europesays.com\/lv\/wp-json\/wp\/v2\/tags?post=49836"}],"curies":[{"name":"wp","href":"https:\/\/api.w.org\/{rel}","templated":true}]}}