{"id":49851,"date":"2025-11-15T09:27:06","date_gmt":"2025-11-15T09:27:06","guid":{"rendered":"https:\/\/www.europesays.com\/lv\/49851\/"},"modified":"2025-11-15T09:27:06","modified_gmt":"2025-11-15T09:27:06","slug":"e62-tukstosi-460-zs-un-35-sekundes-lidz-simtam-lente-lv","status":"publish","type":"post","link":"https:\/\/www.europesays.com\/lv\/49851\/","title":{"rendered":"\u20ac62 t\u016bksto\u0161i, 460 ZS un 3,5 sekund\u0113s l\u012bdz simtam\u00a0\u2014\u00a0Lente.lv"},"content":{"rendered":"<p>Jaun\u0101 Tesla Model Y Performance: Eiropas tirg\u016b no \u20ac62 t\u016bksto\u0161iem ar iespaid\u012bgu dinamiku un autonomiju<\/p>\n<p>Tesla ir ofici\u0101li izzi\u0146ojusi jaun\u0101k\u0101s Model Y Performance modifik\u0101cijas pieejam\u012bbu Eiropas tirg\u016b, sagatavojoties pirmajiem pieg\u0101des gad\u012bjumiem jau \u0161\u012b gada septembr\u012b. Amerik\u0101\u0146u elektromobi\u013cu ra\u017eot\u0101js ir atjaunin\u0101jis savu tie\u0161saistes konfiguratoru Eiropas klientiem, detaliz\u0113ti atkl\u0101jot visas atsl\u0113gas \u012bpa\u0161\u012bbas, kas at\u0161\u0137ir \u0161o jaud\u012bgo versiju no standarta mode\u013ciem.<\/p>\n<p>Domin\u0113jo\u0161\u0101 dinamika un efekt\u012bva jauda<\/p>\n<p>Galvenais jaun\u0101s Performance versijas akcents ir t\u0101s neticam\u0101 dinamika. Apsveicami, ka pa\u0101trin\u0101jums no 0 l\u012bdz 100 km\/h ir sasniegts iespaid\u012bg\u0101 3,5 sekun\u017eu laik\u0101, kas iev\u0113rojami p\u0101rsniedz standarta Model Y dinamiku, kurai nepiecie\u0161amas 4,8 sekundes. \u0160is man\u0101mais uzlabojums pan\u0101kts, pateicoties jaunai, jaud\u012bgai sp\u0113ka iek\u0101rtai, kuras kop\u0113j\u0101 jauda sasniedz 460 zirgsp\u0113kus. Tas ir k\u0101 dz\u012bv\u012bbas eliks\u012brs \u0161im elektriskajam SUV, padarot to par \u012bstu veiktsp\u0113jas l\u012bderi.<\/p>\n<p>\u0160is jaudas pieaugums nemazin\u0101jis elektroauto autonomiju \u2013 WLTP cikl\u0101 tas joproj\u0101m sp\u0113j veikt l\u012bdz pat 580 kilometriem. T\u0101pat ir apstiprin\u0101ta atbalsts \u0101tr\u0101s uzl\u0101des tehnolo\u0123ijai: vien 15 min\u016b\u0161u laik\u0101 ir iesp\u0113jams uzl\u0101d\u0113t bateriju tik daudz, lai nobrauktu papildu 243 kilometrus. Tesla skaidro, ka \u0161\u0101di rezult\u0101ti pan\u0101kti, izmantojot jaun\u0101k\u0101s paaudzes augstsprieguma akumulatoru elementus, lai gan prec\u012bza baterijas ietilp\u012bba netiek izpausta. Tas ir l\u012bdz\u012bgi k\u0101 augstas veiktsp\u0113jas sac\u012bk\u0161u zirgam, kuram ir gan sp\u0113ks, gan iztur\u012bba.<\/p>\n<p>Tehnolo\u0123iski uzlabojumi un vad\u0101m\u012bbas kontrole<\/p>\n<p>Tesla \u012bpa\u0161i uzsver, ka Performance versija apr\u012bkota ar moderniz\u0113tu piekares sist\u0113mu, kas ietver elektroniski vad\u0101mus amortizatorus. \u0160\u012b pati sist\u0113ma tika veiksm\u012bgi ieviesta un test\u0113ta iepriek\u0161 uz Model Y L, g\u016bstot atzin\u012bgus v\u0113rt\u0113jumus par izcilo vad\u0101m\u012bbu pat piln\u012bb\u0101 noslogotam auto. Tas noz\u012bm\u0113, ka ar\u012b \u0161is jaunais modelis sola izcilu sa\u0137eri un stabilit\u0101ti da\u017e\u0101dos ce\u013ca apst\u0101k\u013cos.<\/p>\n<p>V\u0113l viens noz\u012bm\u012bgs jaunin\u0101jums ir pievienotais \u201cStability Assist Mode\u201d jeb stabilit\u0101tes pal\u012bgsist\u0113mas re\u017e\u012bms. Tas sniedz vad\u012bt\u0101jam iesp\u0113ju personaliz\u0113t piedzi\u0146as un stabiliz\u0101cijas sist\u0113mas iestat\u012bjumus, izv\u0113loties starp \u201cStandard\u201d, \u201cReduced\u201d vai \u201cOff\u201d re\u017e\u012bmiem. \u0160\u012b funkcija nodro\u0161ina prec\u012bz\u0101ku kontroli p\u0101r krosovera uzved\u012bbu, piel\u0101gojot to individu\u0101lajam brauk\u0161anas stilam vai main\u012bgajiem ce\u013ca seguma apst\u0101k\u013ciem. Tas ir k\u0101 digit\u0101ls pal\u012bgs, kas \u013cauj sajust piln\u012bgu kontroli p\u0101r sp\u0113kratu.<\/p>\n<p>Dizains un interjera nianses<\/p>\n<p>Papildus tehnolo\u0123iskajiem jaunin\u0101jumiem, Model Y Performance piedz\u012bvojusi ar\u012b vizu\u0101las izmai\u0146as. T\u0101s ietver jaunus, stil\u012bgus 21-collu \u201cArachnid 2.0\u201d rite\u0146u diskus un p\u0101rstr\u0101d\u0101tus priek\u0161\u0113jos un aizmugur\u0113jos buferus ar agres\u012bv\u0101ku dizainu, kas pasv\u012btro automobi\u013ca sportisko raksturu. Salon\u0101 uzst\u0101d\u012btas speci\u0101las \u201cPerformance\u201d embl\u0113mas, kas atg\u0101dina par Tesla \u201cPlaid\u201d s\u0113rijas dizaina valodu, k\u0101 ar\u012b jaun\u0101k\u0101s paaudzes centr\u0101lais displejs ar uzlabotu iz\u0161\u0137irtsp\u0113ju. T\u0101 diagon\u0101le ir palielin\u0101ta no 15,4 l\u012bdz 16 coll\u0101m, pied\u0101v\u0101jot v\u0113l \u0113rt\u0101ku un intuit\u012bv\u0101ku lieto\u0161anas pieredzi. Priek\u0161\u0113jie s\u0113dek\u013ci ir apr\u012bkoti ar regul\u0113jamu g\u016b\u017eu balstu, kas b\u016bs \u012bpa\u0161i nov\u0113rt\u0113jams augum\u0101 ra\u017eeniem autovad\u012bt\u0101jiem, nodro\u0161inot papildu komfortu gar\u0101kos braucienos.<\/p>\n<p>Cena un pieejam\u012bba<\/p>\n<p>Jaun\u0101s Tesla Model Y Performance modifik\u0101cijas cena Eirop\u0101 s\u0101kas no 62 000 eiro. Prec\u012bza cena var nedaudz at\u0161\u0137irties atkar\u012bb\u0101 no konkr\u0113t\u0101s valsts un papildu apr\u012bkojuma izv\u0113les, ta\u010du kopum\u0101 t\u0101 saglab\u0101sies \u0161aj\u0101 cenu kategorij\u0101. Tesla jau ir atv\u0113rusi konfiguratoru, \u013caujot potenci\u0101lajiem pirc\u0113jiem p\u0101rbaud\u012bt pieejam\u012bbu un prec\u012bzas cenas sav\u0101 re\u0123ion\u0101.<\/p>\n<p>Lai gan pirmie ofici\u0101lie apskati v\u0113l gaid\u0101mi, iepriek\u0161\u0113j\u0101 pieredze ar Model 3 Performance, kas sa\u0146\u0113musi visaugst\u0101kos nov\u0113rt\u0113jumus no liel\u0101k\u0101s da\u013cas auto \u017eurn\u0101listu un testu brauc\u0113ju, \u013cauj prognoz\u0113t, ka ar\u012b Model Y Performance var k\u013c\u016bt par nopietnu sp\u0113l\u0113t\u0101ju \u201cuzl\u0101d\u0113to\u201d elektrisko krosoveru segment\u0101. Tesla ir p\u0101rliecin\u0101ta, ka, pateicoties zemajam smaguma centram, pat \u0161\u0101ds SUV sp\u0113j nodro\u0161in\u0101t patiesi sportiskas saj\u016btas pie st\u016bres, padarot katru braucienu par aizraujo\u0161u piedz\u012bvojumu.<\/p>\n","protected":false},"excerpt":{"rendered":"Jaun\u0101 Tesla Model Y Performance: Eiropas tirg\u016b no \u20ac62 t\u016bksto\u0161iem ar iespaid\u012bgu dinamiku un autonomiju Tesla ir ofici\u0101li&hellip;\n","protected":false},"author":2,"featured_media":49852,"comment_status":"","ping_status":"","sticky":false,"template":"","format":"standard","meta":{"footnotes":""},"categories":[16],"tags":[13648,77,76,5294,13350,13647,35,39,38,36,37,34,40,13457],"class_list":{"0":"post-49851","1":"post","2":"type-post","3":"status-publish","4":"format-standard","5":"has-post-thumbnail","7":"category-bizness","8":"tag-autonomija","9":"tag-bizness","10":"tag-business","11":"tag-eiropas-tirgus","12":"tag-elektriskais-krosovers","13":"tag-jaudas-uzlabojumi","14":"tag-latvia","15":"tag-latvian","16":"tag-latviesu","17":"tag-latviesu-valoda","18":"tag-latviesuvaloda","19":"tag-latvija","20":"tag-lv","21":"tag-tesla-model-y-performance"},"share_on_mastodon":{"url":"https:\/\/pubeurope.com\/@lv\/115553006003214669","error":""},"_links":{"self":[{"href":"https:\/\/www.europesays.com\/lv\/wp-json\/wp\/v2\/posts\/49851","targetHints":{"allow":["GET"]}}],"collection":[{"href":"https:\/\/www.europesays.com\/lv\/wp-json\/wp\/v2\/posts"}],"about":[{"href":"https:\/\/www.europesays.com\/lv\/wp-json\/wp\/v2\/types\/post"}],"author":[{"embeddable":true,"href":"https:\/\/www.europesays.com\/lv\/wp-json\/wp\/v2\/users\/2"}],"replies":[{"embeddable":true,"href":"https:\/\/www.europesays.com\/lv\/wp-json\/wp\/v2\/comments?post=49851"}],"version-history":[{"count":0,"href":"https:\/\/www.europesays.com\/lv\/wp-json\/wp\/v2\/posts\/49851\/revisions"}],"wp:featuredmedia":[{"embeddable":true,"href":"https:\/\/www.europesays.com\/lv\/wp-json\/wp\/v2\/media\/49852"}],"wp:attachment":[{"href":"https:\/\/www.europesays.com\/lv\/wp-json\/wp\/v2\/media?parent=49851"}],"wp:term":[{"taxonomy":"category","embeddable":true,"href":"https:\/\/www.europesays.com\/lv\/wp-json\/wp\/v2\/categories?post=49851"},{"taxonomy":"post_tag","embeddable":true,"href":"https:\/\/www.europesays.com\/lv\/wp-json\/wp\/v2\/tags?post=49851"}],"curies":[{"name":"wp","href":"https:\/\/api.w.org\/{rel}","templated":true}]}}