{"id":49854,"date":"2025-11-15T09:31:14","date_gmt":"2025-11-15T09:31:14","guid":{"rendered":"https:\/\/www.europesays.com\/lv\/49854\/"},"modified":"2025-11-15T09:31:14","modified_gmt":"2025-11-15T09:31:14","slug":"tiesu-sistema-individs-vai-dievs-lente-lv","status":"publish","type":"post","link":"https:\/\/www.europesays.com\/lv\/49854\/","title":{"rendered":"tiesu sist\u0113ma, indiv\u012bds vai Dievs?\u00a0\u2014\u00a0Lente.lv"},"content":{"rendered":"<p>Reiz\u0113 ar izr\u0101di &#8211; dzi\u013cas p\u0101rdomas par taisn\u012bgumu un mor\u0101li<\/p>\n<p>R\u012bt, 15. novembr\u012b, plkst. 18.00 Mihaila \u010cehova R\u012bgas Krievu te\u0101tris aicina uz intri\u0123\u0113jo\u0161u publisku diskusiju \u201cKas ir ties\u012bgs spriest vistaisn\u0101ko tiesu \u2013 tiesu sist\u0113ma, indiv\u012bds vai Dievs?\u201d. \u0160is pas\u0101kums ir da\u013ca no sarunu cikla \u201cBez punkta uz i\u201d, kas nu jau ne pirmo reizi sniedz skat\u012bt\u0101jiem iesp\u0113ju ne tikai baud\u012bt m\u0101kslu, bet ar\u012b dzi\u013ci saturiski izzin\u0101t aktu\u0101las t\u0113mas.<\/p>\n<p>Diskusija tie\u0161i tematiski turpina re\u017eisores Lauras iestud\u0113juma \u201cSlepkav\u012bba Austrumu ekspres\u012b\u201d, kas balst\u012bta uz Agatas Kristi slaven\u0101 detekt\u012bvrom\u0101na mot\u012bviem, rosin\u0101tos jaut\u0101jumus. \u0160ie jaut\u0101jumi par vainu, taisn\u012bgumu un paties\u012bbas sare\u017e\u0123\u012btaj\u0101m \u0161\u0137autn\u0113m ir ne vien aizraujo\u0161i, bet ar\u012b dzi\u013ci aktu\u0101li m\u016bsu sabiedr\u012bb\u0101 ar\u012b \u0161odien. K\u0101dam ir ties\u012bbas spriest un noteikt, kas ir paties\u012bba? Vai m\u0113s pa\u013caujamies uz formaliz\u0113t\u0101m tiesu sist\u0113m\u0101m, savu person\u012bgo mor\u0101lo kompasu, vai mekl\u0113jam atbildes augst\u0101k\u0101 sp\u0113ka vad\u012bb\u0101?<\/p>\n<p>Eksperti no da\u017e\u0101d\u0101m jom\u0101m mekl\u0113s atbildes uz lieliem jaut\u0101jumiem<\/p>\n<p>\u0160aj\u0101 reiz\u0113 sarun\u0101 pulc\u0113ti da\u017e\u0101du nozaru profesion\u0101\u013ci, kuri ar savu unik\u0101lo skat\u012bjumu pal\u012bdz\u0113s izv\u0113rt\u0113t ties\u0101\u0161anas un sprie\u0161anas j\u0113dzienus. Savu v\u0113rt\u012bgo redz\u0113jumu sniegs zv\u0113rin\u0101ts advok\u0101ts Agris Bit\u0101ns, kur\u0161 p\u0101rst\u0101v biroju \u201cEversheds Sutherland Bit\u0101ns\u201d. Vi\u0146\u0161 dal\u012bsies juridiski praktiskaj\u0101 ieskat\u0101 par tiesu sist\u0113mas darb\u012bbu. Savuk\u0101rt teologs Kaspars Simanovi\u010ds piev\u0113rs\u012bsies Dievi\u0161\u0137\u0101s autorit\u0101tes un gar\u012bgajiem aspektiem mor\u0101les un spriedumu kontekst\u0101. Interesantu un negaid\u012btu perspekt\u012bvu pievienos arhitektu biroja \u201cNRJA\u201d vad\u012bt\u0101js Uldis Luk\u0161evics, iesp\u0113jams, analiz\u0113jot t\u0113mu caur struktur\u0101las un sist\u0113miskas dom\u0101\u0161anas prizmu. Diskusiju vad\u012bs pieredz\u0113jus\u012b Latvijas Telev\u012bzijas Kult\u016bras zi\u0146u redaktore Anete Les\u012bte, r\u016bp\u0113joties par pl\u016bsto\u0161u un saturiski bag\u0101tu sarunu.<\/p>\n<p>Iesp\u0113ja v\u0113rot un piedal\u012bties<\/p>\n<p>Organizatori uzsver, ka diskusij\u0101 tiks skarti fundament\u0101li jaut\u0101jumi par tiesas, indiv\u012bda un pat dievi\u0161\u0137\u0101s autorit\u0101tes savstarp\u0113jo attiec\u012bbu dinamiku. T\u0101pat tiks analiz\u0113ts, k\u0101 sabiedr\u012bba un ikviens cilv\u0113ks individu\u0101li saskaras ar atbild\u012bbas, spriedumu un \u0113tisk\u0101m dilemm\u0101m, kas ikdien\u0101 m\u016bs skar da\u017e\u0101dos veidos. \u0160\u012b diskusija ir ne tikai lieliska iesp\u0113ja padzi\u013cin\u0101ties izr\u0101des rosin\u0101taj\u0101s p\u0101rdom\u0101s, bet ar\u012b pla\u0161\u0101kai sabiedr\u012bbas tiesisko un mor\u0101lo dilemma apsprie\u0161anai. Lai pas\u0101kums b\u016btu pieejams pla\u0161\u0101kam interesentu lokam, diskusiju tie\u0161raid\u0113 var\u0113s v\u0113rot port\u0101l\u0101 LSM.lv, k\u0101 ar\u012b Mihaila \u010cehova R\u012bgas Krievu te\u0101tra ofici\u0101lajos Facebook un YouTube kan\u0101los.<\/p>\n<blockquote>\n<p>\u201cKur s\u0101kas vainas saj\u016bta, kur beidzas taisn\u012bgums un vai paties\u012bba vienm\u0113r ir tikai viena?\u201d \u0160ie ir tikai da\u017ei no jaut\u0101jumiem, uz kuriem mekl\u0113sim atbildes \u0161aj\u0101 spraigaj\u0101 diskusij\u0101.<\/p>\n<\/blockquote>\n","protected":false},"excerpt":{"rendered":"Reiz\u0113 ar izr\u0101di &#8211; dzi\u013cas p\u0101rdomas par taisn\u012bgumu un mor\u0101li R\u012bt, 15. novembr\u012b, plkst. 18.00 Mihaila \u010cehova R\u012bgas&hellip;\n","protected":false},"author":2,"featured_media":49855,"comment_status":"","ping_status":"","sticky":false,"template":"","format":"standard","meta":{"footnotes":""},"categories":[19],"tags":[12153,89,90,35,39,38,36,37,34,40,2492],"class_list":{"0":"post-49854","1":"post","2":"type-post","3":"status-publish","4":"format-standard","5":"has-post-thumbnail","7":"category-izklaide","8":"tag-diskusija","9":"tag-entertainment","10":"tag-izklaide","11":"tag-latvia","12":"tag-latvian","13":"tag-latviesu","14":"tag-latviesu-valoda","15":"tag-latviesuvaloda","16":"tag-latvija","17":"tag-lv","18":"tag-mihaila-cehova-rigas-krievu-teatris"},"share_on_mastodon":{"url":"https:\/\/pubeurope.com\/@lv\/115553021704033197","error":""},"_links":{"self":[{"href":"https:\/\/www.europesays.com\/lv\/wp-json\/wp\/v2\/posts\/49854","targetHints":{"allow":["GET"]}}],"collection":[{"href":"https:\/\/www.europesays.com\/lv\/wp-json\/wp\/v2\/posts"}],"about":[{"href":"https:\/\/www.europesays.com\/lv\/wp-json\/wp\/v2\/types\/post"}],"author":[{"embeddable":true,"href":"https:\/\/www.europesays.com\/lv\/wp-json\/wp\/v2\/users\/2"}],"replies":[{"embeddable":true,"href":"https:\/\/www.europesays.com\/lv\/wp-json\/wp\/v2\/comments?post=49854"}],"version-history":[{"count":0,"href":"https:\/\/www.europesays.com\/lv\/wp-json\/wp\/v2\/posts\/49854\/revisions"}],"wp:featuredmedia":[{"embeddable":true,"href":"https:\/\/www.europesays.com\/lv\/wp-json\/wp\/v2\/media\/49855"}],"wp:attachment":[{"href":"https:\/\/www.europesays.com\/lv\/wp-json\/wp\/v2\/media?parent=49854"}],"wp:term":[{"taxonomy":"category","embeddable":true,"href":"https:\/\/www.europesays.com\/lv\/wp-json\/wp\/v2\/categories?post=49854"},{"taxonomy":"post_tag","embeddable":true,"href":"https:\/\/www.europesays.com\/lv\/wp-json\/wp\/v2\/tags?post=49854"}],"curies":[{"name":"wp","href":"https:\/\/api.w.org\/{rel}","templated":true}]}}