{"id":49904,"date":"2025-11-15T10:50:07","date_gmt":"2025-11-15T10:50:07","guid":{"rendered":"https:\/\/www.europesays.com\/lv\/49904\/"},"modified":"2025-11-15T10:50:07","modified_gmt":"2025-11-15T10:50:07","slug":"germane-ar-lielisku-1-brauciena-sakumu-atgriezas-pk-beigas-caur-adatas-aci-tiekot-uz-2-braucienu-ziemas-sports-sportacentrs-com","status":"publish","type":"post","link":"https:\/\/www.europesays.com\/lv\/49904\/","title":{"rendered":"\u0122\u0113rmane ar lielisku 1.brauciena s\u0101kumu atgrie\u017eas PK, beig\u0101s caur &#8220;adatas aci&#8221; tiekot uz 2.braucienu \u2013 Ziemas sports \u2013 Sportacentrs.com"},"content":{"rendered":"<p>P\u0113c trim ned\u0113\u013c\u0101m turpin\u0101j\u0101s jaun\u0101 Pasaules kausa sezona kalnu sl\u0113po\u0161an\u0101, \u0161oreiz dal\u012bbniec\u0113m sacen\u0161oties slalom\u0101. <a href=\"https:\/\/sportacentrs.com\/ziemas_sports\/14112025-germane_atgriezas_pasaules_kausa_aprite_o\" target=\"_self\" rel=\"nofollow noopener\">Uz starta izg\u0101ja ar\u012b divas Latvijas p\u0101rst\u0101ves. <\/a>P\u0113c traumas sadzied\u0113\u0161anas sacens\u012bbu aprit\u0113 p\u0113c gada p\u0101rtraukuma atgriez\u0101s 2024.gada pasaules junioru \u010dempione D\u017eenifera \u0122\u0113rmane, un olimpiete Liene Bondare, kurai \u0161is bija otrais starts Pasaules kaus\u0101.<\/p>\n<p>Tr\u012bs reizes Pasaules kausa posmos 8. vietu izc\u012bn\u012bjus\u012b D\u017eenifera \u0122\u0113rmane p\u0113rn Levi ies\u0101ka ar 29.laiku pirmaj\u0101 braucien\u0101, bet beig\u0101s ieguva 21. vietu. \u0160ogad Baltijas lab\u0101k\u0101 kalnu sl\u0113pot\u0101ja, start\u0113jot ar 27.numuru, ies\u0101ka teicami, esot starp lab\u0101kaj\u0101m desmit trases vidusda\u013c\u0101, ta\u010du otraj\u0101 pus\u0113 nebija tik \u0101tra, nosl\u012bdot fini\u0161\u0101 tobr\u012bd uz 21.poz\u012bciju un zaud\u0113jot l\u012bderei tr\u012bs sekundes. Kad bija nobrauku\u0161as pirm\u0101s \u010detrdesmit, latviete atrad\u0101s 24.viet\u0101 un kvalific\u0113\u0161an\u0101s otrajam braucienam \u0161\u0137ita dro\u0161a, ta\u010du tad no piekt\u0101 desmita tr\u012bs uzlaboja \u0122\u0113rmanes rezult\u0101tu, nob\u012bdot m\u016bsu lab\u0101ko kalnu sl\u0113pot\u0101ju uz 27.poz\u012bciju un liekot nedaudz panervoz\u0113t.<\/p>\n<p>Turpin\u0101jum\u0101 tr\u012bs konkurentes bija \u0101tr\u0101kas, ieskaitot ar 60.numuru tras\u0113 devu\u0161os ung\u0101rieti Zitu Totu, un D\u017eenifera p\u0113c pirm\u0101 brauciena ie\u0146\u0113ma 30.vietu, k\u0101 nosl\u0113dzo\u0161ai tom\u0113r tiekot uz otro braucienu. Nervus kutino\u0161s bija 70.numura Alises Pacaglijas fini\u0161s, jo it\u0101liete Latvijas p\u0101rst\u0101vei beig\u0101s piek\u0101p\u0101s tikai 0,02 sekundes un palika tie\u0161i aiz sv\u012btras. L\u012bdz ar to D\u017eenifera otro braucienu s\u0101ks k\u0101 pirm\u0101.<\/p>\n<p>Liene Bondare Pasaules kaus\u0101 start\u0113ja otro reizi, debijai notiekot turpat Levi, kur pirms asto\u0146iem gadiem pirmaj\u0101 braucien\u0101 uzr\u0101d\u012bja 56.laiku, no tr\u012bsdesmitnieka atpaliekot piecas sekundes. \u0160odien Bondare iek\u013c\u0101v\u0101s septi\u0146desmitniek\u0101, \u0160ifrinai zaud\u0113jot vair\u0101k nek\u0101 se\u0161as sekundes.<\/p>\n<p>Pasaules kausa posms kalnu sl\u0113po\u0161an\u0101, slaloms sieviet\u0113m, 1.brauciens, Levi (Somija), 84 dal\u012bbnieces<\/p>\n<tr>V.SportisteValstsRezult\u0101ts<\/tr>\n<tr class=\"even\">\n<td>1.<\/td>\n<td>Mika\u0113la \u0160ifrina<\/td>\n<td>ASV<\/td>\n<td class=\"ralign\">56.08<\/td>\n<\/tr>\n<tr class=\"odd\">\n<td>2.<\/td>\n<td>Lara Kolturi<\/td>\n<td>Alb\u0101nija<\/td>\n<td class=\"ralign\">+1.08<\/td>\n<\/tr>\n<tr class=\"even\">\n<td>3.<\/td>\n<td>L\u0113na D\u012bra<\/td>\n<td>V\u0101cija<\/td>\n<td class=\"ralign\">+1.49<\/td>\n<\/tr>\n<tr class=\"odd\">\n<td>4.<\/td>\n<td>Zrinka \u013buti\u010da<\/td>\n<td>Horv\u0101tija<\/td>\n<td class=\"ralign\">+1.58<\/td>\n<\/tr>\n<tr class=\"even\">\n<td>5.<\/td>\n<td>Mina Holtmane<\/td>\n<td>Norv\u0113\u0123ija<\/td>\n<td class=\"ralign\">+1.68<\/td>\n<\/tr>\n<tr class=\"odd\">\n<td>6.<\/td>\n<td>Neja Dvornika<\/td>\n<td>Slov\u0113nija<\/td>\n<td class=\"ralign\">+1.75<\/td>\n<\/tr>\n<tr class=\"even\">\n<td>30.<\/td>\n<td>D\u017eenifera \u0122\u0113rmane<\/td>\n<td>Latvija<\/td>\n<td class=\"ralign\">+3.08<\/td>\n<\/tr>\n<tr class=\"odd\">\n<td>68.<\/td>\n<td>Liene Bondare<\/td>\n<td>Latvija<\/td>\n<td class=\"ralign\">+6.31<\/td>\n<\/tr>\n","protected":false},"excerpt":{"rendered":"P\u0113c trim ned\u0113\u013c\u0101m turpin\u0101j\u0101s jaun\u0101 Pasaules kausa sezona kalnu sl\u0113po\u0161an\u0101, \u0161oreiz dal\u012bbniec\u0113m sacen\u0161oties slalom\u0101. Uz starta izg\u0101ja ar\u012b&hellip;\n","protected":false},"author":2,"featured_media":49905,"comment_status":"","ping_status":"","sticky":false,"template":"","format":"standard","meta":{"footnotes":""},"categories":[17],"tags":[35,39,38,36,37,34,40,67,620],"class_list":{"0":"post-49904","1":"post","2":"type-post","3":"status-publish","4":"format-standard","5":"has-post-thumbnail","7":"category-sports","8":"tag-latvia","9":"tag-latvian","10":"tag-latviesu","11":"tag-latviesu-valoda","12":"tag-latviesuvaloda","13":"tag-latvija","14":"tag-lv","15":"tag-sports","16":"tag-ziemas-sports"},"share_on_mastodon":{"url":"https:\/\/pubeurope.com\/@lv\/115553332294570496","error":""},"_links":{"self":[{"href":"https:\/\/www.europesays.com\/lv\/wp-json\/wp\/v2\/posts\/49904","targetHints":{"allow":["GET"]}}],"collection":[{"href":"https:\/\/www.europesays.com\/lv\/wp-json\/wp\/v2\/posts"}],"about":[{"href":"https:\/\/www.europesays.com\/lv\/wp-json\/wp\/v2\/types\/post"}],"author":[{"embeddable":true,"href":"https:\/\/www.europesays.com\/lv\/wp-json\/wp\/v2\/users\/2"}],"replies":[{"embeddable":true,"href":"https:\/\/www.europesays.com\/lv\/wp-json\/wp\/v2\/comments?post=49904"}],"version-history":[{"count":0,"href":"https:\/\/www.europesays.com\/lv\/wp-json\/wp\/v2\/posts\/49904\/revisions"}],"wp:featuredmedia":[{"embeddable":true,"href":"https:\/\/www.europesays.com\/lv\/wp-json\/wp\/v2\/media\/49905"}],"wp:attachment":[{"href":"https:\/\/www.europesays.com\/lv\/wp-json\/wp\/v2\/media?parent=49904"}],"wp:term":[{"taxonomy":"category","embeddable":true,"href":"https:\/\/www.europesays.com\/lv\/wp-json\/wp\/v2\/categories?post=49904"},{"taxonomy":"post_tag","embeddable":true,"href":"https:\/\/www.europesays.com\/lv\/wp-json\/wp\/v2\/tags?post=49904"}],"curies":[{"name":"wp","href":"https:\/\/api.w.org\/{rel}","templated":true}]}}