{"id":49935,"date":"2025-11-15T11:52:10","date_gmt":"2025-11-15T11:52:10","guid":{"rendered":"https:\/\/www.europesays.com\/lv\/49935\/"},"modified":"2025-11-15T11:52:10","modified_gmt":"2025-11-15T11:52:10","slug":"krievija-uzbrukusi-ukrainai-ar-trim-raketem-un-135-droniem-tvnet","status":"publish","type":"post","link":"https:\/\/www.europesays.com\/lv\/49935\/","title":{"rendered":"Krievija uzbrukusi Ukrainai ar trim ra\u0137et\u0113m un 135 droniem &#8211; TVNET"},"content":{"rendered":"<ol>\n<li><a href=\"https:\/\/news.google.com\/rss\/articles\/CBMikAFBVV95cUxNemwyUUpTRWpaUDl1UkNLaVViZmhDMkwwbzRCYndNenRrWnFFOWZ1Q2tTV1NUQVFvX0Jod3J0YW9aV0QwWFFWcm9uU013MkVqalhybnhfYUhTakM5Q0FDNFhjQmlsVjFPamhJZHVVcm4wOFljQllsenNBY205MFNSSlVfV3JvTEdFb3piaUdTSTA?oc=5\" target=\"_blank\" rel=\"nofollow noopener\">Krievija uzbrukusi Ukrainai ar trim ra\u0137et\u0113m un 135 droniem<\/a>&nbsp;&nbsp;TVNET<\/li>\n<li><a href=\"https:\/\/news.google.com\/rss\/articles\/CBMiugFBVV95cUxPVVlyVU1oTWZJLVNrY0hZLVNDdzctRjA1amhiMmxpLXlwelYyM2ExaDVpUVlqNmdRTEhWVU03TjhvckNfUHFvczB2T3ViM0dYT2R6ekJMVFlBRE1oYTRVdVNCNGprbUxId0xtSEZ4Q0ZqUW9EM3F6NlU1TjNPaDdKdVdBcVBNMVU5RU84MTBWOTBBaWdwWjRGR3g4VjJhalNMcjJYaG11TUpTbVRnUUxZbTdxVGVaYmNpN0E?oc=5\" target=\"_blank\" rel=\"nofollow noopener\">Krievija uzbrukusi Ukrainai ar trim ra\u0137et\u0113m un 135 droniem \/ Raksts<\/a>&nbsp;&nbsp;LSM<\/li>\n<li><a href=\"https:\/\/news.google.com\/rss\/articles\/CBMi1gFBVV95cUxON0dZRENEdkIzUU5ZVkxWUWx0U2xDTVdWNU40SGVXM3phTVVmcFAzT2Y2R2dMQ1F6S3dSM2UweVBXckp5SEI3QXFzR1lhZEg3a1RlRjFaelY2RDRaVW9YVERpV19Id3Z2ZXFndENIUjBndGVkT0dYcm1QSldCbURfVjFtRktHa2l1MEJRd2RIZHBTcjNaUnFudXRXNDhjdnJoMFVJQ2Jvd0p6VEZpYlpQRnF2Rzl3Q2t6VG56d1pjeTlRZlMzRmk5Nl9RVjI1LUlqWFdaWDRB?oc=5\" target=\"_blank\" rel=\"nofollow noopener\">Daudzi nemaz nenojau\u0161: ministrs skaidro, k\u0101p\u0113c atsl\u0113g\u0161an\u0101s no BRELL Latviju pasarg\u0101ja no triecienu sek\u0101m<\/a>&nbsp;&nbsp;Jauns.lv<\/li>\n<li><a href=\"https:\/\/news.google.com\/rss\/articles\/CBMigwFBVV95cUxQazdxbi0tMUdXcFdMNmZNQWxJUHRFWEhwVDJKZmxMM0xPN0pRUzU4Rk1TV3lUQ0NYV19UcWVSTHVSQW9FRVJMUm5aM2RqcndoT3d6Q1JxZmZYTENiZ21ERE5nZkdzUF9zMmlHSmttYXMydDdjQmFQbkRMRDRMWUhlT2lMTQ?oc=5\" target=\"_blank\" rel=\"nofollow noopener\">FOTO \u27e9 Veikts fors\u0113ts Krievijas uzbrukums Kijivai<\/a>&nbsp;&nbsp;Apollo.lv<\/li>\n<li><a href=\"https:\/\/news.google.com\/rss\/articles\/CBMiwwFBVV95cUxPaDZDcWFSWG9vQksyODRwTFY2QldhX2NaWlNLdUE3T1U1enMySjFMRlcxSzY5TDQydDQ3dlNjcGdOVm5LRkRET2FhMFFMVk5HTjBGNjg5Xzdza1M1SUdvSzNwTnRZUmNSS3FPcjMxTXM1NFpLUjlNZDRTTUppN2lTNTc4VWVkQkZvMVFGbUVJdFhyWXBaS0kycmRwQ19mUExaMEY5dE83UzhMM2VxQXlVa0RHN1lQaE5yc0dGNXJCX2k2QjA?oc=5\" target=\"_blank\" rel=\"nofollow noopener\">Ministrs: Ja neb\u016btu atsl\u0113gu\u0161ies no BRELL, ukrai\u0146u triecienus pret Krievijas energosist\u0113mu izjustu ar\u012b Latvij\u0101<\/a>&nbsp;&nbsp;LA.LV<\/li>\n<\/ol>\n","protected":false},"excerpt":{"rendered":"Krievija uzbrukusi Ukrainai ar trim ra\u0137et\u0113m un 135 droniem&nbsp;&nbsp;TVNET Krievija uzbrukusi Ukrainai ar trim ra\u0137et\u0113m un 135 droniem&hellip;\n","protected":false},"author":2,"featured_media":49936,"comment_status":"","ping_status":"","sticky":false,"template":"","format":"standard","meta":{"footnotes":""},"categories":[14],"tags":[23,57,28,29,32,33,22,234,74,30,31,35,39,38,36,37,34,40,20,26,27,24,25,276,54,55,56,21,58],"class_list":{"0":"post-49935","1":"post","2":"type-post","3":"status-publish","4":"format-standard","5":"has-post-thumbnail","7":"category-zinas-no-arvalstim","8":"tag-aktualitates","9":"tag-arvalstim","10":"tag-breaking-news","11":"tag-breakingnews","12":"tag-featured-news","13":"tag-featurednews","14":"tag-headlines","15":"tag-krievija","16":"tag-krievijas-iebrukums-ukraina","17":"tag-latest-news","18":"tag-latestnews","19":"tag-latvia","20":"tag-latvian","21":"tag-latviesu","22":"tag-latviesu-valoda","23":"tag-latviesuvaloda","24":"tag-latvija","25":"tag-lv","26":"tag-news","27":"tag-popularakas-zinas","28":"tag-popularakaszinas","29":"tag-top-stories","30":"tag-topstories","31":"tag-ukraina","32":"tag-world","33":"tag-world-news","34":"tag-worldnews","35":"tag-zinas","36":"tag-zinas-no-arvalstim"},"share_on_mastodon":{"url":"https:\/\/pubeurope.com\/@lv\/115553576183449912","error":""},"_links":{"self":[{"href":"https:\/\/www.europesays.com\/lv\/wp-json\/wp\/v2\/posts\/49935","targetHints":{"allow":["GET"]}}],"collection":[{"href":"https:\/\/www.europesays.com\/lv\/wp-json\/wp\/v2\/posts"}],"about":[{"href":"https:\/\/www.europesays.com\/lv\/wp-json\/wp\/v2\/types\/post"}],"author":[{"embeddable":true,"href":"https:\/\/www.europesays.com\/lv\/wp-json\/wp\/v2\/users\/2"}],"replies":[{"embeddable":true,"href":"https:\/\/www.europesays.com\/lv\/wp-json\/wp\/v2\/comments?post=49935"}],"version-history":[{"count":0,"href":"https:\/\/www.europesays.com\/lv\/wp-json\/wp\/v2\/posts\/49935\/revisions"}],"wp:featuredmedia":[{"embeddable":true,"href":"https:\/\/www.europesays.com\/lv\/wp-json\/wp\/v2\/media\/49936"}],"wp:attachment":[{"href":"https:\/\/www.europesays.com\/lv\/wp-json\/wp\/v2\/media?parent=49935"}],"wp:term":[{"taxonomy":"category","embeddable":true,"href":"https:\/\/www.europesays.com\/lv\/wp-json\/wp\/v2\/categories?post=49935"},{"taxonomy":"post_tag","embeddable":true,"href":"https:\/\/www.europesays.com\/lv\/wp-json\/wp\/v2\/tags?post=49935"}],"curies":[{"name":"wp","href":"https:\/\/api.w.org\/{rel}","templated":true}]}}