{"id":49949,"date":"2025-11-15T12:11:08","date_gmt":"2025-11-15T12:11:08","guid":{"rendered":"https:\/\/www.europesays.com\/lv\/49949\/"},"modified":"2025-11-15T12:11:08","modified_gmt":"2025-11-15T12:11:08","slug":"piektdien-latvija-csng-gajusi-boja-divi-cilveki","status":"publish","type":"post","link":"https:\/\/www.europesays.com\/lv\/49949\/","title":{"rendered":"Piektdien Latvij\u0101 CSNg g\u0101ju\u0161i boj\u0101 divi cilv\u0113ki"},"content":{"rendered":"<p>Piektdien Bauskas novada Ceraukstes pagast\u0101 notika sadursme starp kravas automa\u0161\u012bnu &#8220;Scania&#8221; un &#8220;Lexus&#8221; markas vieglo automa\u0161\u012bnu. P\u0113c sadursmes viegl\u0101 automa\u0161\u012bna aizdeg\u0101s.<\/p>\n<p>Satiksmes negad\u012bjum\u0101 dz\u012bv\u012bbu zaud\u0113ja viegl\u0101s automa\u0161\u012bnas vad\u012bt\u0101js, 1946. gad\u0101 dzimis v\u012brietis. V\u0113l viena persona negad\u012bjum\u0101 cieta un tika nog\u0101d\u0101ta medic\u012bnas iest\u0101d\u0113.<\/p>\n<p>Savuk\u0101rt Balvu novada Vectil\u017eas pagast\u0101 k\u0101da 1971. gad\u0101 dzimu\u0161a v\u012brie\u0161a vad\u012bt\u0101 automa\u0161\u012bna &#8220;Audi&#8221; iebrauca gr\u0101v\u012b. Ce\u013cu satiksmes negad\u012bjum\u0101 dz\u012bv\u012bbu zaud\u0113ja automa\u0161\u012bnas vad\u012bt\u0101js.<\/p>\n<p>Vakar desmit cilv\u0113ki cieta av\u0101rij\u0101s R\u012bgas re\u0123ion\u0101, tr\u012bs &#8211; Vidzem\u0113, bet pa diviem &#8211; Kurzem\u0113, Latgal\u0113 un Zemgal\u0113. Tr\u012bs no cietu\u0161ajiem bija g\u0101j\u0113ji, bet divi &#8211; velosip\u0113disti.<\/p>\n<p>Par transportl\u012bdzek\u013ca vad\u012b\u0161anu alkohola reibum\u0101 policija vakar aiztur\u0113jusi septi\u0146us vad\u012bt\u0101jus: tr\u012bs R\u012bgas re\u0123ion\u0101, divus Vidzem\u0113 un pa vienam Kurzem\u0113 un Latgal\u0113. Se\u0161i aiztur\u0113tie vad\u012bt\u0101ji pie transportl\u012bdzek\u013cu st\u016bres bija s\u0113du\u0161ies tik nopietn\u0101 reibum\u0101, ka vi\u0146iem piem\u0113rots krimin\u0101lsods, l\u012bdz ar to konfisc\u0113s transportl\u012bdzekli vai piedz\u012bs transportl\u012bdzek\u013ca v\u0113rt\u012bbu.<\/p>\n<p>Savuk\u0101rt par \u0101truma p\u0101rsnieg\u0161anu autovad\u012bt\u0101jiem vakar noform\u0113ti 249 protokoli: R\u012bgas re\u0123ion\u0101 sod\u012bti 27 autovad\u012bt\u0101ji, Vidzem\u0113 &#8211; 76, Latgal\u0113 &#8211; 64, bet Kurzem\u0113 un Zemgal\u0113 &#8211; katr\u0101 41 transporta l\u012bdzek\u013cu vad\u012bt\u0101js. Viens vad\u012bt\u0101js sod\u012bts par agres\u012bvu brauk\u0161anu.<\/p>\n<p>Kopum\u0101 policija vakar noform\u0113jusi 576 protokolus par ce\u013cu satiksmes noteikumu p\u0101rk\u0101pumiem.<\/p>\n","protected":false},"excerpt":{"rendered":"Piektdien Bauskas novada Ceraukstes pagast\u0101 notika sadursme starp kravas automa\u0161\u012bnu &#8220;Scania&#8221; un &#8220;Lexus&#8221; markas vieglo automa\u0161\u012bnu. P\u0113c sadursmes&hellip;\n","protected":false},"author":2,"featured_media":45536,"comment_status":"","ping_status":"","sticky":false,"template":"","format":"standard","meta":{"footnotes":""},"categories":[12],"tags":[23,12213,28,29,6999,32,33,22,30,31,35,39,38,36,37,34,40,20,26,27,24,25,138,21],"class_list":{"0":"post-49949","1":"post","2":"type-post","3":"status-publish","4":"format-standard","5":"has-post-thumbnail","7":"category-latvija","8":"tag-aktualitates","9":"tag-boja-gajusie","10":"tag-breaking-news","11":"tag-breakingnews","12":"tag-cietusie","13":"tag-featured-news","14":"tag-featurednews","15":"tag-headlines","16":"tag-latest-news","17":"tag-latestnews","18":"tag-latvia","19":"tag-latvian","20":"tag-latviesu","21":"tag-latviesu-valoda","22":"tag-latviesuvaloda","23":"tag-latvija","24":"tag-lv","25":"tag-news","26":"tag-popularakas-zinas","27":"tag-popularakaszinas","28":"tag-top-stories","29":"tag-topstories","30":"tag-valsts-policija","31":"tag-zinas"},"share_on_mastodon":{"url":"https:\/\/pubeurope.com\/@lv\/115553650810409160","error":""},"_links":{"self":[{"href":"https:\/\/www.europesays.com\/lv\/wp-json\/wp\/v2\/posts\/49949","targetHints":{"allow":["GET"]}}],"collection":[{"href":"https:\/\/www.europesays.com\/lv\/wp-json\/wp\/v2\/posts"}],"about":[{"href":"https:\/\/www.europesays.com\/lv\/wp-json\/wp\/v2\/types\/post"}],"author":[{"embeddable":true,"href":"https:\/\/www.europesays.com\/lv\/wp-json\/wp\/v2\/users\/2"}],"replies":[{"embeddable":true,"href":"https:\/\/www.europesays.com\/lv\/wp-json\/wp\/v2\/comments?post=49949"}],"version-history":[{"count":0,"href":"https:\/\/www.europesays.com\/lv\/wp-json\/wp\/v2\/posts\/49949\/revisions"}],"wp:featuredmedia":[{"embeddable":true,"href":"https:\/\/www.europesays.com\/lv\/wp-json\/wp\/v2\/media\/45536"}],"wp:attachment":[{"href":"https:\/\/www.europesays.com\/lv\/wp-json\/wp\/v2\/media?parent=49949"}],"wp:term":[{"taxonomy":"category","embeddable":true,"href":"https:\/\/www.europesays.com\/lv\/wp-json\/wp\/v2\/categories?post=49949"},{"taxonomy":"post_tag","embeddable":true,"href":"https:\/\/www.europesays.com\/lv\/wp-json\/wp\/v2\/tags?post=49949"}],"curies":[{"name":"wp","href":"https:\/\/api.w.org\/{rel}","templated":true}]}}