{"id":49956,"date":"2025-11-15T12:22:20","date_gmt":"2025-11-15T12:22:20","guid":{"rendered":"https:\/\/www.europesays.com\/lv\/49956\/"},"modified":"2025-11-15T12:22:20","modified_gmt":"2025-11-15T12:22:20","slug":"tukstosiem-kilometru-milestibas-del-ka-taivanas-suns-atrada-majas-latvija-2","status":"publish","type":"post","link":"https:\/\/www.europesays.com\/lv\/49956\/","title":{"rendered":"T\u016bksto\u0161iem kilometru m\u012blest\u012bbas d\u0113\u013c \u2013 k\u0101 Taiv\u0101nas suns atrada m\u0101jas Latvij\u0101"},"content":{"rendered":"<p><img decoding=\"async\" class=\"figure__image\" onclick=\"triggerEvent('articleImageClick', { id: 17277462, focus: 'single-image', focusIndex: '17277462' })\" onkeydown=\"if (event.key === 'Enter') {&#10;        triggerEvent('articleImageClick', { id: 17277462, focus: 'single-image', focusIndex: '17277462' })&#10;        }\" role=\"button\" tabindex=\"0\" data-focus-from=\"single-image\" data-focus-index=\"17277462\" src=\"https:\/\/www.europesays.com\/lv\/wp-content\/uploads\/2025\/11\/17277462t1h24ed.jpg\" onload=\"this.parentElement.classList.remove('figure__image-loading')\" alt=\"\"\/> Foto: No person\u012bg\u0101 arh\u012bva<\/p>\n<p>Ar k\u0101d\u0101m kult\u016bru at\u0161\u0137ir\u012bb\u0101m sask\u0101r\u0101ties?<\/p>\n<p>Taiv\u0101n\u0101 su\u0146i tiek dal\u012bti tr\u012bs kategorij\u0101s: izst\u0101des, vaislas un m\u0101jas su\u0146i. Izst\u0101des su\u0146i ir m\u0101c\u012bti, lai perfekti s\u0113d\u0113tu b\u016br\u012b un izcili uzvestos ring\u0101, t\u0101d\u0113\u013c liel\u0101ko dz\u012bves da\u013cu pavada b\u016br\u012b vai \u013coti ierobe\u017eot\u0101s teritorij\u0101s. Kam\u0113r viesojos Taiv\u0101n\u0101, audz\u0113t\u0101js sast\u0101d\u012bja Meilinai dienas pl\u0101nu ar treni\u0146iem agri r\u012bt\u0101 un da\u017ereiz v\u0113lu vakar\u0101, lai izvair\u012btos no dienas karstuma. P\u0101r\u0113j\u0101 laik\u0101 suns atrad\u0101s b\u016br\u012b m\u0101jas pirmaj\u0101 st\u0101v\u0101. \u0160eit sapratu, ka man\u0101s m\u0101j\u0101s b\u016bs cit\u0101di, jo mums izst\u0101\u017eu su\u0146i vienlaikus ir ar\u012b \u0123imenes locek\u013ci.<\/p>\n<p>K\u0101 Meilina nok\u013cuva Latvij\u0101?<\/p>\n<p>Meilinu uz Latviju atved\u0101m bez aiz\u0137er\u0161an\u0101s, jo v\u0113l pirms lidojuma biju r\u016bp\u012bgi iev\u0101kusi inform\u0101ciju par formalit\u0101t\u0113m un kop\u0101 ar audz\u0113t\u0101ju bij\u0101m veiksm\u012bgi nok\u0101rtoju\u0161i visus dokumentus. Taiv\u0101na ir valsts, kas ir br\u012bva no trakums\u0113rgas, t\u0101p\u0113c Meilina var\u0113ja ce\u013cot jau 4 m\u0113ne\u0161u vecum\u0101. Vien\u012bgais uztraukums bija par p\u0101rs\u0113\u0161anos Turcij\u0101, kas nav br\u012bva no trakums\u0113rgas, bet, t\u0101 k\u0101 suns nepameta tranz\u012bta zonu, viss norit\u0113ja veiksm\u012bgi. R\u012bgas lidost\u0101 p\u0113c 19 stundu ilga lidojuma Meilina bija priec\u012bga mani ieraudz\u012bt, kas man rad\u012bja patiesu laimi un sild\u012bja sirdi.<\/p>\n<p><img decoding=\"async\" class=\"figure__image\" onclick=\"triggerEvent('articleImageClick', { id: 17277461, focus: 'single-image', focusIndex: '17277461' })\" onkeydown=\"if (event.key === 'Enter') {&#10;        triggerEvent('articleImageClick', { id: 17277461, focus: 'single-image', focusIndex: '17277461' })&#10;        }\" role=\"button\" tabindex=\"0\" data-focus-from=\"single-image\" data-focus-index=\"17277461\" src=\"https:\/\/www.europesays.com\/lv\/wp-content\/uploads\/2025\/11\/17277461t1h275d.jpg\" onload=\"this.parentElement.classList.remove('figure__image-loading')\" alt=\"\"\/> Foto: No person\u012bg\u0101 arh\u012bva<\/p>\n<p>K\u0101 Meilina integr\u0113jas Latvijas platuma gr\u0101dos?<\/p>\n<p>Lieliski! Kopum\u0101 man \u0161\u0137iet, ka Meilinai pat\u012bk Latvij\u0101. Vi\u0146a nebaid\u0101s no lietus vai slapjuma, k\u0101, piem\u0113ram, mani basend\u017ei. Vi\u0146as \u012bsais, biezais ka\u017eoks ar pavilnu labi piel\u0101gojas m\u016bsu temperat\u016bras sv\u0101rst\u012bb\u0101m. P\u0101rtika ar\u012b nav \u0161\u0137\u0113rslis, jo barojam vi\u0146u ar BARF jeb svaigo ga\u013cu. \u0160obr\u012bd Meilinai m\u0101c\u0101m pierast pie ikdienas liet\u0101m un b\u016bt dro\u0161\u0101kai, socializ\u0113ties ar cilv\u0113kiem un citiem su\u0146iem, kas vi\u0146ai izpalika Taiv\u0101n\u0101 su\u0146u audz\u0113\u0161anas un dz\u012bves apst\u0101k\u013cu at\u0161\u0137ir\u012bbu d\u0113\u013c. Meilinai ir milz\u012bga ener\u0123ija \u2013 vi\u0146ai vajag un pat\u012bk gan akt\u012bvi pavad\u012bt laiku, gan rota\u013c\u0101ties, gan ar\u012b nepiecie\u0161ama ment\u0101l\u0101 slodze. Merlina \u0101tri m\u0101c\u0101s.<\/p>\n","protected":false},"excerpt":{"rendered":"Foto: No person\u012bg\u0101 arh\u012bva Ar k\u0101d\u0101m kult\u016bru at\u0161\u0137ir\u012bb\u0101m sask\u0101r\u0101ties? Taiv\u0101n\u0101 su\u0146i tiek dal\u012bti tr\u012bs kategorij\u0101s: izst\u0101des, vaislas un&hellip;\n","protected":false},"author":2,"featured_media":49957,"comment_status":"","ping_status":"","sticky":false,"template":"","format":"standard","meta":{"footnotes":""},"categories":[14],"tags":[23,57,28,29,32,33,22,4816,2429,30,31,35,39,38,36,37,34,40,5943,13671,20,26,27,13669,13670,24,25,54,55,56,21,58,12695],"class_list":{"0":"post-49956","1":"post","2":"type-post","3":"status-publish","4":"format-standard","5":"has-post-thumbnail","7":"category-zinas-no-arvalstim","8":"tag-aktualitates","9":"tag-arvalstim","10":"tag-breaking-news","11":"tag-breakingnews","12":"tag-featured-news","13":"tag-featurednews","14":"tag-headlines","15":"tag-izstade","16":"tag-izstades","17":"tag-latest-news","18":"tag-latestnews","19":"tag-latvia","20":"tag-latvian","21":"tag-latviesu","22":"tag-latviesu-valoda","23":"tag-latviesuvaloda","24":"tag-latvija","25":"tag-lv","26":"tag-majdzivnieki","27":"tag-majdzivnieks","28":"tag-news","29":"tag-popularakas-zinas","30":"tag-popularakaszinas","31":"tag-sunu-izstade","32":"tag-taivanas-suns","33":"tag-top-stories","34":"tag-topstories","35":"tag-world","36":"tag-world-news","37":"tag-worldnews","38":"tag-zinas","39":"tag-zinas-no-arvalstim","40":"tag-zooexpo-2025"},"share_on_mastodon":{"url":"https:\/\/pubeurope.com\/@lv\/115553694170988687","error":""},"_links":{"self":[{"href":"https:\/\/www.europesays.com\/lv\/wp-json\/wp\/v2\/posts\/49956","targetHints":{"allow":["GET"]}}],"collection":[{"href":"https:\/\/www.europesays.com\/lv\/wp-json\/wp\/v2\/posts"}],"about":[{"href":"https:\/\/www.europesays.com\/lv\/wp-json\/wp\/v2\/types\/post"}],"author":[{"embeddable":true,"href":"https:\/\/www.europesays.com\/lv\/wp-json\/wp\/v2\/users\/2"}],"replies":[{"embeddable":true,"href":"https:\/\/www.europesays.com\/lv\/wp-json\/wp\/v2\/comments?post=49956"}],"version-history":[{"count":0,"href":"https:\/\/www.europesays.com\/lv\/wp-json\/wp\/v2\/posts\/49956\/revisions"}],"wp:featuredmedia":[{"embeddable":true,"href":"https:\/\/www.europesays.com\/lv\/wp-json\/wp\/v2\/media\/49957"}],"wp:attachment":[{"href":"https:\/\/www.europesays.com\/lv\/wp-json\/wp\/v2\/media?parent=49956"}],"wp:term":[{"taxonomy":"category","embeddable":true,"href":"https:\/\/www.europesays.com\/lv\/wp-json\/wp\/v2\/categories?post=49956"},{"taxonomy":"post_tag","embeddable":true,"href":"https:\/\/www.europesays.com\/lv\/wp-json\/wp\/v2\/tags?post=49956"}],"curies":[{"name":"wp","href":"https:\/\/api.w.org\/{rel}","templated":true}]}}