{"id":49962,"date":"2025-11-15T12:31:06","date_gmt":"2025-11-15T12:31:06","guid":{"rendered":"https:\/\/www.europesays.com\/lv\/49962\/"},"modified":"2025-11-15T12:31:06","modified_gmt":"2025-11-15T12:31:06","slug":"kazas-varetu-notikt-tuvakajos-menesos-lente-lv","status":"publish","type":"post","link":"https:\/\/www.europesays.com\/lv\/49962\/","title":{"rendered":"K\u0101zas var\u0113tu notikt tuv\u0101kajos m\u0113ne\u0161os\u00a0\u2014\u00a0Lente.lv"},"content":{"rendered":"<p>K\u0101zu zvani skan\u0113s dr\u012bzum\u0101? Lady Gagas l\u012bgavainis sniedz cer\u012bgu m\u0101jienu<\/p>\n<p>M\u016bzi\u0137e Lady Gaga un vi\u0146as sirds\u0101\u0137\u012btis Maikls Polanski, \u0161\u0137iet, ir gatavi spert k\u0101du nopietnu soli attiec\u012bbu virzien\u0101. Lai gan p\u0101ris savu priv\u0101to dz\u012bvi alla\u017e centies tur\u0113t sve\u0161iem skatieniem, jaun\u0101k\u0101s zi\u0146as liecina, ka k\u0101zu zvani var\u0113tu skan\u0113t jau pavisam dr\u012bz. Maikls Polanski, 42 gadus vecais uz\u0146\u0113m\u0113js, ir publiski atkl\u0101jis, ka vi\u0146a un slaven\u0101s dzied\u0101t\u0101jas k\u0101zas var\u0113tu notikt tuv\u0101ko m\u0113ne\u0161u laik\u0101, radot saj\u016bsmu fanu vid\u016b vis\u0101 pasaul\u0113.<\/p>\n<p>Attiec\u012bbu ce\u013c\u0161 un baumas<\/p>\n<p>Lady Gaga un Maikls Polanski attiec\u012bbas k\u013cuva publiski zin\u0101mas 2019. gada s\u0101kum\u0101, un kop\u0161 t\u0101 laika vi\u0146i ir bie\u017ei man\u012bti kop\u0101, gan sabiedr\u012bb\u0101, gan ar\u012b priv\u0101tos br\u012b\u017eos. Lai gan vi\u0146u savien\u012bba vienm\u0113r ir bijusi apv\u012bta ar zin\u0101mu nosl\u0113pumain\u012bbu, publisk\u0101s uzst\u0101\u0161an\u0101s un kop\u012bg\u0101s fotogr\u0101fijas ir liecin\u0101ju\u0161as par sp\u0113c\u012bgu emocion\u0101lo saikni un m\u012blest\u012bbu. Gadu gait\u0101 medijos daudz spekul\u0113ts par p\u0101ra saderin\u0101\u0161anos, un tagad Polanska kunga atkl\u0101t\u012bba sniedz jaunu impulsu \u0161\u012bm run\u0101m.<\/p>\n<p>Soli pa solim uz kopdz\u012bvi<\/p>\n<p>\u0160\u0137iet, ka p\u0101ris nav steicies, bet gan r\u016bp\u012bgi izv\u0113rt\u0113jis savas attiec\u012bbas, pirms nol\u0113mis spert nopietnus so\u013cus. Polanska kunga teiktais, ka k\u0101zas var notikt tuv\u0101ko m\u0113ne\u0161u laik\u0101, nav konkr\u0113ts datums, bet gan dr\u012bz\u0101k emocion\u0101ls apliecin\u0101jums gatav\u012bbai. \u0160\u0101ds piesardz\u012bgs, bet vienlaikus cer\u012bbu pilns pazi\u0146ojums atspogu\u013co vi\u0146u v\u0113lmi saglab\u0101t priv\u0101tumu, vienlaikus daloties sav\u0101 priek\u0101 ar tiem, kam tas r\u016bp. Varb\u016bt vi\u0146i, l\u012bdz\u012bgi k\u0101 daudzi citi, ir sapratu\u0161i, ka \u012bstais laiks un saj\u016btas ir svar\u012bg\u0101kas par steigu un publisku uzman\u012bbu.<\/p>\n<p>Lady Gagas karjera un priv\u0101t\u0101 dz\u012bve<\/p>\n<p>Lady Gaga, kuras \u012bstais v\u0101rds ir Stefani D\u017eoanna And\u017eel\u012bna Germanotta, ir viena no m\u016bsdienu ietekm\u012bg\u0101kaj\u0101m un talant\u012bg\u0101kaj\u0101m m\u016bzi\u0137\u0113m, dzied\u0101t\u0101j\u0101m, dziesmu autor\u0113m un aktris\u0113m. Vi\u0146a ir paz\u012bstama ne tikai ar savu unik\u0101lo m\u016bziku un ekstravagantajiem t\u0113rpiem, bet ar\u012b ar sp\u0113c\u012bgu soci\u0101lo v\u0113st\u012bjumu un akt\u012bvu iesaist\u012b\u0161anos sabiedrisk\u0101s liet\u0101s. Tom\u0113r, neraugoties uz milz\u012bgo publicit\u0101ti, vi\u0146a alla\u017e ir centusies pasarg\u0101t savu person\u012bgo dz\u012bvi. Attiec\u012bbas ar Polanski kungu ir viens no ilg\u0101kajiem un stabil\u0101kajiem vi\u0146as publiski zin\u0101majiem romantiskajiem partneriem, un daudzi cer, ka \u0161\u012b savien\u012bba nes\u012bs vi\u0146ai laimi un piepild\u012bjumu.<\/p>\n<p>K\u0101zu pl\u0101nu aizkulises<\/p>\n<p>Lai gan detaliz\u0113ta inform\u0101cija par k\u0101zu pl\u0101niem netiek atkl\u0101ta, fakts, ka l\u012bgavainis ir publiski izteicies par iesp\u0113jamo laul\u012bbu tuv\u0101kaj\u0101 laik\u0101, ir pietiekams iemesls, lai fani un mediji s\u0101ktu spekul\u0113t par iesp\u0113jamo datumu, vietu un viesu sarakstu. Vai tas b\u016bs grandiozs pas\u0101kums, kas atspogu\u013cos Lady Gagas ekstravaganto stilu, vai ar\u012b int\u012bma ceremonija, ko v\u0113las p\u0101ris? Tikai laiks r\u0101d\u012bs, ta\u010du viens ir skaidrs \u2013 pasaule ar interesi gaid\u012bs \u0161o notikumu. Iesp\u0113jams, vi\u0146i izv\u0113l\u0113sies k\u0101du neparastu vietu, kas atspogu\u013cos vi\u0146u person\u012bbas, piem\u0113ram, k\u0101du m\u0101kslas galeriju vai pat savva\u013cas dabas parku, kas rezon\u0113 ar vi\u0146u kop\u012bgaj\u0101m interes\u0113m.<\/p>\n<p>N\u0101kotnes perspekt\u012bvas<\/p>\n<p>Maikla Polanska atkl\u0101t\u012bba ir svar\u012bgs sign\u0101ls par p\u0101ra attiec\u012bbu nopietn\u012bbu un gatav\u012bbu kop\u012bgai n\u0101kotnei. \u0160is solis ir ne tikai person\u012bgs notikums diviem cilv\u0113kiem, bet ar\u012b noz\u012bm\u012bgs moments Lady Gagas publiskaj\u0101 t\u0113l\u0101. Fani vis\u0101 pasaul\u0113 ar nepaciet\u012bbu gaida apstiprin\u0101jumu un, protams, ar\u012b pirm\u0101s fotogr\u0101fijas no gaid\u0101m\u0101s ceremonijas. Lai gan joproj\u0101m ir daudz jaut\u0101jumu, viena lieta ir skaidra: Lady Gagas un Maikla Polanska st\u0101sts turpin\u0101s, un tas sola b\u016bt aizraujo\u0161s.<\/p>\n","protected":false},"excerpt":{"rendered":"K\u0101zu zvani skan\u0113s dr\u012bzum\u0101? Lady Gagas l\u012bgavainis sniedz cer\u012bgu m\u0101jienu M\u016bzi\u0137e Lady Gaga un vi\u0146as sirds\u0101\u0137\u012btis Maikls Polanski,&hellip;\n","protected":false},"author":2,"featured_media":49963,"comment_status":"","ping_status":"","sticky":false,"template":"","format":"standard","meta":{"footnotes":""},"categories":[19],"tags":[89,90,832,1672,35,39,38,36,37,34,40,13672,8916,3644],"class_list":{"0":"post-49962","1":"post","2":"type-post","3":"status-publish","4":"format-standard","5":"has-post-thumbnail","7":"category-izklaide","8":"tag-entertainment","9":"tag-izklaide","10":"tag-kazas","11":"tag-lady-gaga","12":"tag-latvia","13":"tag-latvian","14":"tag-latviesu","15":"tag-latviesu-valoda","16":"tag-latviesuvaloda","17":"tag-latvija","18":"tag-lv","19":"tag-maikls-polanski","20":"tag-muzike","21":"tag-slavenibu-attiecibas"},"share_on_mastodon":{"url":"https:\/\/pubeurope.com\/@lv\/115553729617811104","error":""},"_links":{"self":[{"href":"https:\/\/www.europesays.com\/lv\/wp-json\/wp\/v2\/posts\/49962","targetHints":{"allow":["GET"]}}],"collection":[{"href":"https:\/\/www.europesays.com\/lv\/wp-json\/wp\/v2\/posts"}],"about":[{"href":"https:\/\/www.europesays.com\/lv\/wp-json\/wp\/v2\/types\/post"}],"author":[{"embeddable":true,"href":"https:\/\/www.europesays.com\/lv\/wp-json\/wp\/v2\/users\/2"}],"replies":[{"embeddable":true,"href":"https:\/\/www.europesays.com\/lv\/wp-json\/wp\/v2\/comments?post=49962"}],"version-history":[{"count":0,"href":"https:\/\/www.europesays.com\/lv\/wp-json\/wp\/v2\/posts\/49962\/revisions"}],"wp:featuredmedia":[{"embeddable":true,"href":"https:\/\/www.europesays.com\/lv\/wp-json\/wp\/v2\/media\/49963"}],"wp:attachment":[{"href":"https:\/\/www.europesays.com\/lv\/wp-json\/wp\/v2\/media?parent=49962"}],"wp:term":[{"taxonomy":"category","embeddable":true,"href":"https:\/\/www.europesays.com\/lv\/wp-json\/wp\/v2\/categories?post=49962"},{"taxonomy":"post_tag","embeddable":true,"href":"https:\/\/www.europesays.com\/lv\/wp-json\/wp\/v2\/tags?post=49962"}],"curies":[{"name":"wp","href":"https:\/\/api.w.org\/{rel}","templated":true}]}}