{"id":49970,"date":"2025-11-15T12:40:09","date_gmt":"2025-11-15T12:40:09","guid":{"rendered":"https:\/\/www.europesays.com\/lv\/49970\/"},"modified":"2025-11-15T12:40:09","modified_gmt":"2025-11-15T12:40:09","slug":"krasni-un-spozi-iemirdzas-staro-riga-festivals","status":"publish","type":"post","link":"https:\/\/www.europesays.com\/lv\/49970\/","title":{"rendered":"Kr\u0101\u0161\u0146i un spo\u017ei iemirdzas &#8220;Staro R\u012bga&#8221; festiv\u0101ls"},"content":{"rendered":"<p>L\u012bdz 18. novembrim R\u012bg\u0101 norit gaismas festiv\u0101ls &#8220;Staro R\u012bga&#8221;, kur\u0101 var\u0113s apskat\u012bt vair\u0101k nek\u0101 40 gaismas objektus.<\/p>\n<p>&#8220;Staro R\u012bga&#8221; norisin\u0101sies \u010detras dienas &#8211; katru vakaru no plkst. 17 l\u012bdz 23. \u0160aj\u0101 laik\u0101 R\u012bgas iel\u0101s un parkos iedegsies gaismas instal\u0101cijas un pils\u0113tvid\u0113 b\u016bs iesp\u0113ja apl\u016bkot ori\u0123in\u0101lus gaismas m\u0101kslas objektus.<\/p>\n<p>Festiv\u0101la t\u0113ma \u0161ogad ir &#8220;R\u012btausmas v\u0113stne\u0161i&#8221;. R\u012btausma ir laiks p\u0113c tum\u0161as nakts, kad t\u0101s v\u0113stne\u0161i &#8211; pirmie saules stari &#8211; lau\u017eas cauri tumsai, izgaismojot ce\u013cu jaunai dienai, kl\u0101sta pas\u0101kuma r\u012bkot\u0101ji. &#8220;Staro R\u012bga&#8221; aicina ieraudz\u012bt gaismu k\u0101 jauna s\u0101kuma v\u0113stnesi &#8211; k\u0101 cer\u012bbu, kas rodas no tumsas.<\/p>\n<p>Gaismas festiv\u0101la &#8220;Staro R\u012bga 2025&#8221; mar\u0161rutu veidos se\u0161i &#8220;Gaismas loki&#8221; cauri pils\u0113tai, s\u0101kot ar gaismas objektiem pie Latvijas Nacion\u0101l\u0101s bibliot\u0113kas, kam sekos Vecr\u012bgas gaismas loks, Br\u012bv\u012bbas pieminek\u013ca gaismas loks, R\u012bgas centra parku gaismas loks V\u0113rmanes d\u0101rz\u0101 un Esplan\u0101d\u0113, Br\u012bv\u012bbas ielas gaismas loks un k\u0101 nosl\u0113dzo\u0161ais &#8211; Miera ielas gaismas loks.<\/p>\n<p>Apmekl\u0113t\u0101jus sagaid\u012bs vair\u0101k nek\u0101 40 gaismas objekti, kas st\u0101st\u012bs par r\u012btausmu, cer\u012bbu un jaunu dienu. Festiv\u0101la mar\u0161ruts ir piel\u0101gots \u012bs\u0101kai vai gar\u0101kai pastaigai, t\u0101 kop\u0113jais garums orient\u0113jo\u0161i se\u0161i kilometri, un tas veidots, lai to var\u0113tu izstaig\u0101t gan vien\u0101 vakar\u0101, gan vair\u0101kos vakaros, izv\u0113loties apl\u016bkot gaismas objektus katr\u0101 no gaismas lokiem.<\/p>\n","protected":false},"excerpt":{"rendered":"L\u012bdz 18. novembrim R\u012bg\u0101 norit gaismas festiv\u0101ls &#8220;Staro R\u012bga&#8221;, kur\u0101 var\u0113s apskat\u012bt vair\u0101k nek\u0101 40 gaismas objektus. &#8220;Staro&hellip;\n","protected":false},"author":2,"featured_media":49971,"comment_status":"","ping_status":"","sticky":false,"template":"","format":"standard","meta":{"footnotes":""},"categories":[14],"tags":[129,4277,10620,23,57,28,29,32,33,22,30,31,35,39,38,36,37,34,40,20,26,27,10621,4278,10622,4279,24,25,54,55,56,21,58],"class_list":{"0":"post-49970","1":"post","2":"type-post","3":"status-publish","4":"format-standard","5":"has-post-thumbnail","7":"category-zinas-no-arvalstim","8":"tag-__typenameadvicekeyword","9":"tag-id876","10":"tag-id996","11":"tag-aktualitates","12":"tag-arvalstim","13":"tag-breaking-news","14":"tag-breakingnews","15":"tag-featured-news","16":"tag-featurednews","17":"tag-headlines","18":"tag-latest-news","19":"tag-latestnews","20":"tag-latvia","21":"tag-latvian","22":"tag-latviesu","23":"tag-latviesu-valoda","24":"tag-latviesuvaloda","25":"tag-latvija","26":"tag-lv","27":"tag-news","28":"tag-popularakas-zinas","29":"tag-popularakaszinas","30":"tag-slugfestivali","31":"tag-slugriga","32":"tag-titlefestivali","33":"tag-titleriga","34":"tag-top-stories","35":"tag-topstories","36":"tag-world","37":"tag-world-news","38":"tag-worldnews","39":"tag-zinas","40":"tag-zinas-no-arvalstim"},"share_on_mastodon":{"url":"https:\/\/pubeurope.com\/@lv\/115553764882249468","error":""},"_links":{"self":[{"href":"https:\/\/www.europesays.com\/lv\/wp-json\/wp\/v2\/posts\/49970","targetHints":{"allow":["GET"]}}],"collection":[{"href":"https:\/\/www.europesays.com\/lv\/wp-json\/wp\/v2\/posts"}],"about":[{"href":"https:\/\/www.europesays.com\/lv\/wp-json\/wp\/v2\/types\/post"}],"author":[{"embeddable":true,"href":"https:\/\/www.europesays.com\/lv\/wp-json\/wp\/v2\/users\/2"}],"replies":[{"embeddable":true,"href":"https:\/\/www.europesays.com\/lv\/wp-json\/wp\/v2\/comments?post=49970"}],"version-history":[{"count":0,"href":"https:\/\/www.europesays.com\/lv\/wp-json\/wp\/v2\/posts\/49970\/revisions"}],"wp:featuredmedia":[{"embeddable":true,"href":"https:\/\/www.europesays.com\/lv\/wp-json\/wp\/v2\/media\/49971"}],"wp:attachment":[{"href":"https:\/\/www.europesays.com\/lv\/wp-json\/wp\/v2\/media?parent=49970"}],"wp:term":[{"taxonomy":"category","embeddable":true,"href":"https:\/\/www.europesays.com\/lv\/wp-json\/wp\/v2\/categories?post=49970"},{"taxonomy":"post_tag","embeddable":true,"href":"https:\/\/www.europesays.com\/lv\/wp-json\/wp\/v2\/tags?post=49970"}],"curies":[{"name":"wp","href":"https:\/\/api.w.org\/{rel}","templated":true}]}}