{"id":49984,"date":"2025-11-15T12:54:22","date_gmt":"2025-11-15T12:54:22","guid":{"rendered":"https:\/\/www.europesays.com\/lv\/49984\/"},"modified":"2025-11-15T12:54:22","modified_gmt":"2025-11-15T12:54:22","slug":"vertejot-valsts-budzetam-iesniegtos-priekslikumus-atrasti-papildu-22-miljoni-eiro","status":"publish","type":"post","link":"https:\/\/www.europesays.com\/lv\/49984\/","title":{"rendered":"V\u0113rt\u0113jot valsts bud\u017eetam iesniegtos priek\u0161likumus, atrasti papildu 22 miljoni eiro"},"content":{"rendered":"<p>V\u0113rt\u0113jot priek\u0161likumus 2026. gada valsts bud\u017eeta otrajam las\u012bjumam Saeim\u0101, identific\u0113ti papildu resursi vair\u0101k nek\u0101 22 miljonu eiro apm\u0113r\u0101, inform\u0113ja Finan\u0161u ministrij\u0101 (FM).<\/p>\n<p>Ministrij\u0101 uzsver, ka pan\u0101ktais risin\u0101jums \u013caus \u012bstenot atbalst\u012btos priek\u0161likumus, saglab\u0101jot fisk\u0101lo l\u012bdzsvaru un atbild\u012bgu pieeju valsts finan\u0161u vad\u012bbai.<\/p>\n<p>K\u0101 pau\u017e FM, aktualiz\u0113jot un r\u016bp\u012bgi p\u0101rskatot n\u0101kam\u0101 gada valsts bud\u017eeta izdevumus, tika samazin\u0101ti valsts par\u0101da vad\u012bbas izdevumi desmit miljonu eiro apm\u0113r\u0101, k\u0101 ar\u012b papildu l\u012bdzek\u013ci valsts bud\u017eet\u0101 rasti no AS &#8220;Latvijas valsts me\u017ei&#8221;, p\u0101rskatot dividend\u0113s pl\u0101notos ie\u0146\u0113mumus 12 miljonu eiro apm\u0113r\u0101.<\/p>\n<p>Lasiet ar\u012b<\/p>\n<p><a href=\"https:\/\/www.delfi.lv\/193\/politics\/120095311\/seplp-piekrit-samazinat-sabiedriska-medija-budzetu-par-405-000-eiro\" class=\"headline__image-link\" itemprop=\"url\" rel=\"nofollow noopener\" target=\"_blank\"><img decoding=\"async\" loading=\"lazy\" itemprop=\"image\" src=\"https:\/\/www.europesays.com\/lv\/wp-content\/uploads\/2025\/11\/1763211262_767_55b76830-5f57-11ed-9a00-a3b1075a7e59.jpg\" alt=\"SEPLP piekr\u012bt samazin\u0101t sabiedrisk\u0101 medija bud\u017eetu par 405 000 eiro\" title=\"SEPLP piekr\u012bt samazin\u0101t sabiedrisk\u0101 medija bud\u017eetu par 405 000 eiro\" class=\"headline__image img-fluid w-100\"\/><\/a><a href=\"https:\/\/www.delfi.lv\/193\/politics\/120094810\/nakamgad-budzets-veselibai-bus-dramatisks-apgalvo-kozlovska\" class=\"headline__image-link\" itemprop=\"url\" rel=\"nofollow noopener\" target=\"_blank\"><img decoding=\"async\" loading=\"lazy\" itemprop=\"image\" src=\"https:\/\/www.europesays.com\/lv\/wp-content\/uploads\/2025\/11\/c975e230-c341-11ed-8199-37e56bc45f41.jpg\" alt=\"N\u0101kamgad bud\u017eets vesel\u012bbai b\u016bs dramatisks, apgalvo Kozlovska\" title=\"N\u0101kamgad bud\u017eets vesel\u012bbai b\u016bs dramatisks, apgalvo Kozlovska\" class=\"headline__image img-fluid w-100\"\/><\/a><\/p>\n<p>Rastais papildu finans\u0113jums tiks novirz\u012bts nozar\u0113m un projektiem, kas noz\u012bm\u012bgi valsts att\u012bst\u012bbai, dro\u0161\u012bbai un sabiedr\u012bbas labkl\u0101j\u012bbai, uzsver FM.<\/p>\n<p>Noz\u012bm\u012bg\u0101kais papildu finans\u0113jums paredz\u0113ts projekta &#8220;Rail Baltica&#8221; p\u0101rprojekt\u0113\u0161anai \u2013 asto\u0146i miljoni eiro, k\u0101 ar\u012b lauku \u0123imenes \u0101rstu atbalstam \u2013 4,8 miljoni eiro.<\/p>\n<p>V\u0113l 1,8 miljoni eiro novirz\u012bti atbalstam vardarb\u012bb\u0101 cietu\u0161ajiem, bet sakr\u0101l\u0101 mantojuma saglab\u0101\u0161anai novirz\u012bts 1 miljons eiro.<\/p>\n<p>Papildu l\u012bdzek\u013ci paredz\u0113ti ar\u012b Izgl\u012bt\u012bbas un zin\u0101tnes ministrijai pedagogu atbalstam, k\u0101 ar\u012b Vesel\u012bbas ministrijai Neatliekam\u0101s medic\u012bnisk\u0101s pal\u012bdz\u012bbas punkta izveidei Indras pagast\u0101 un citiem valstij svar\u012bgiem pas\u0101kumiem.<\/p>\n<p>N\u0101kam\u0101 gada valsts konsolid\u0113t\u0101 bud\u017eeta ie\u0146\u0113mumi tiek pl\u0101noti 16,1 miljarda eiro apm\u0113r\u0101, savuk\u0101rt izdevumi &#8211; 17,9 miljardi eiro. \u0160\u0101 gada ekonomikas izaugsme tiek prognoz\u0113ta 1,1% apm\u0113r\u0101, savuk\u0101rt n\u0101kam\u0101 gada bud\u017eeta ietvaros izaugsme pl\u0101nota 2,1% apm\u0113r\u0101, bet turpm\u0101kajos gados \u2013 l\u012bdz 2,2%, nor\u0101da FM.<\/p>\n<p>Tre\u0161dien, 19. novembr\u012b, Ministru kabinets izskat\u012bs iesniegtos priek\u0161likumus valsts bud\u017eetam.<\/p>\n<p>K\u0101 v\u0113st\u012bts, Saeimas Bud\u017eeta un finan\u0161u (nodok\u013cu) komisija n\u0101kam\u0101 gada valsts bud\u017eeta projekta otrajam, gal\u012bgajam las\u012bjumam kopum\u0101 sa\u0146\u0113musi vair\u0101k nek\u0101 450 priek\u0161likumu.<\/p>\n<p>Finan\u0161u ministrs Arvils A\u0161eradens (JV) piektdien, 13. novembr\u012b, pazi\u0146oja, ka p\u0113c sarun\u0101m ar koal\u012bcijas partneriem pan\u0101kta vieno\u0161an\u0101s par teju visiem iesniegtajiem priek\u0161likumiem, ta\u010du paliku\u0161as &#8220;daudzas tehniskas deta\u013cas&#8221;.<\/p>\n<p>Ministrs sarunas raksturoja k\u0101 konstrukt\u012bvas. &#8220;Ir \u013coti daudzas, da\u017e\u0101das diskusijas,&#8221; teica A\u0161eradens, uzsverot, ka v\u0113l notiks darbs pie tehniskaj\u0101m deta\u013c\u0101m. &#8220;Sarunas notiek diezgan konstrukt\u012bv\u0101 gaisotn\u0113, lielie trakumi ir noplaku\u0161i,&#8221; kl\u0101st\u012bja ministrs, sakot, ka pa\u0161laik tiek mekl\u0113ti risin\u0101jumi paliku\u0161aj\u0101m viedok\u013cu at\u0161\u0137ir\u012bb\u0101m.<\/p>\n<p>Tauj\u0101ts par vald\u012bbas n\u0101kotni, A\u0161eradens izteic\u0101s, ka par sadarb\u012bbas starp koal\u012bcijas partneriem perspekt\u012bv\u0101m var\u0113\u0161ot spriest p\u0113c n\u0101kam\u0101 gada bud\u017eeta pie\u0146em\u0161anas otraj\u0101 las\u012bjum\u0101. &#8220;Man ir pamats cer\u0113t, ka vald\u012bba turpin\u0101s str\u0101d\u0101t,&#8221; cer\u012bbu pauda A\u0161eradens, akcent\u0113jot, ka pa\u0161laik vi\u0146\u0161 neredz pamatu tam, lai n\u0101kam\u0101 gada bud\u017eets gal\u012bgaj\u0101 las\u012bjum\u0101 netiktu pie\u0146emts.<\/p>\n<p>Koal\u012bcijas partijas iepriek\u0161 pan\u0101ku\u0161as vieno\u0161anos, ka Sabiedr\u012bbas integr\u0101cijas fonds (SIF) netiks likvid\u0113ts, teica &#8220;Progres\u012bvo&#8221; Saeimas frakcijas vad\u012bt\u0101js Andris \u0160uvajevs. Tom\u0113r paredz\u0113ts veikt SIF funkciju auditu un administrat\u012bvo izmaksu izv\u0113rt\u0113\u0161anu. &#8220;Kopum\u0101 SIF turpin\u0101s darbu,&#8221; teica \u0160uvajevs.<\/p>\n<p>P\u0113c politi\u0137a v\u0101rdiem, t\u0101pat pan\u0101kta vieno\u0161an\u0101s, ka Valsts kult\u016brkapit\u0101la fonda finans\u0113jums b\u016bs atbilsto\u0161i likum\u0101 noteiktajam, ko uz valsts bud\u017eeta otro las\u012bjumu rosina &#8220;Progres\u012bvie&#8221;.<\/p>\n<p>\u0160uvajevs st\u0101st\u012bja, ka pan\u0101ktas ar\u012b &#8220;atsevi\u0161\u0137as vieno\u0161an\u0101s&#8221; par papildu finans\u0113jumu vesel\u012bbas apr\u016bpei.<\/p>\n<p>Savuk\u0101rt ekonomikas ministrs Viktors Valainis (ZZS) past\u0101st\u012bja, ka koal\u012bcijas diskusij\u0101s pan\u0101kts kompromiss par onkolo\u0123ijas centra rekonstrukcijas turpin\u0101\u0161anu, papildu invest\u012bcij\u0101m lauku \u0123imenes \u0101rstiem un taup\u012bbas pas\u0101kumiem, tostarp &#8220;Rail Baltica&#8221; izmaksu samazin\u0101\u0161anu par 200-300 miljoniem.<\/p>\n<p class=\"m-0\">Seko &#8220;Delfi&#8221; ar\u012b  <a target=\"_blank\" href=\"https:\/\/www.instagram.com\/delfi.lv\/\" rel=\"nofollow noopener\">Instagram<\/a>  un <a target=\"_blank\" href=\"https:\/\/www.youtube.com\/channel\/UCw5foWtcJvAbUm64rv7jwUQ\" rel=\"nofollow noopener\">YouTube<\/a>  profil\u0101 \u2013 pievienojies, lai uzzin\u0101tu svar\u012bg\u0101ko un interesant\u0101ko pirmais!<\/p>\n<p>Publik\u0101cijas saturs vai t\u0101s jebk\u0101da apjoma da\u013ca ir aizsarg\u0101ts autorties\u012bbu objekts Autorties\u012bbu likuma izpratn\u0113, un t\u0101 izmanto\u0161ana bez izdev\u0113ja at\u013caujas ir aizliegta. Vair\u0101k lasi  <a target=\"_blank\" href=\"https:\/\/www.delfi.lv\/noteikumi#autortiesibas\" rel=\"nofollow noopener\">\u0161eit<\/a><script async src=\"\/\/www.instagram.com\/embed.js\"><\/script><\/p>\n","protected":false},"excerpt":{"rendered":"V\u0113rt\u0113jot priek\u0161likumus 2026. gada valsts bud\u017eeta otrajam las\u012bjumam Saeim\u0101, identific\u0113ti papildu resursi vair\u0101k nek\u0101 22 miljonu eiro apm\u0113r\u0101,&hellip;\n","protected":false},"author":2,"featured_media":49985,"comment_status":"","ping_status":"","sticky":false,"template":"","format":"standard","meta":{"footnotes":""},"categories":[5],"tags":[23,28,29,1040,32,33,438,22,30,31,35,39,38,36,37,34,40,20,26,27,24,25,21],"class_list":{"0":"post-49984","1":"post","2":"type-post","3":"status-publish","4":"format-standard","5":"has-post-thumbnail","7":"category-aktualitates","8":"tag-aktualitates","9":"tag-breaking-news","10":"tag-breakingnews","11":"tag-budzets-2026","12":"tag-featured-news","13":"tag-featurednews","14":"tag-finansu-ministrija","15":"tag-headlines","16":"tag-latest-news","17":"tag-latestnews","18":"tag-latvia","19":"tag-latvian","20":"tag-latviesu","21":"tag-latviesu-valoda","22":"tag-latviesuvaloda","23":"tag-latvija","24":"tag-lv","25":"tag-news","26":"tag-popularakas-zinas","27":"tag-popularakaszinas","28":"tag-top-stories","29":"tag-topstories","30":"tag-zinas"},"share_on_mastodon":{"url":"https:\/\/pubeurope.com\/@lv\/115553820001835949","error":""},"_links":{"self":[{"href":"https:\/\/www.europesays.com\/lv\/wp-json\/wp\/v2\/posts\/49984","targetHints":{"allow":["GET"]}}],"collection":[{"href":"https:\/\/www.europesays.com\/lv\/wp-json\/wp\/v2\/posts"}],"about":[{"href":"https:\/\/www.europesays.com\/lv\/wp-json\/wp\/v2\/types\/post"}],"author":[{"embeddable":true,"href":"https:\/\/www.europesays.com\/lv\/wp-json\/wp\/v2\/users\/2"}],"replies":[{"embeddable":true,"href":"https:\/\/www.europesays.com\/lv\/wp-json\/wp\/v2\/comments?post=49984"}],"version-history":[{"count":0,"href":"https:\/\/www.europesays.com\/lv\/wp-json\/wp\/v2\/posts\/49984\/revisions"}],"wp:featuredmedia":[{"embeddable":true,"href":"https:\/\/www.europesays.com\/lv\/wp-json\/wp\/v2\/media\/49985"}],"wp:attachment":[{"href":"https:\/\/www.europesays.com\/lv\/wp-json\/wp\/v2\/media?parent=49984"}],"wp:term":[{"taxonomy":"category","embeddable":true,"href":"https:\/\/www.europesays.com\/lv\/wp-json\/wp\/v2\/categories?post=49984"},{"taxonomy":"post_tag","embeddable":true,"href":"https:\/\/www.europesays.com\/lv\/wp-json\/wp\/v2\/tags?post=49984"}],"curies":[{"name":"wp","href":"https:\/\/api.w.org\/{rel}","templated":true}]}}