{"id":4999,"date":"2025-09-25T19:06:13","date_gmt":"2025-09-25T19:06:13","guid":{"rendered":"https:\/\/www.europesays.com\/lv\/4999\/"},"modified":"2025-09-25T19:06:13","modified_gmt":"2025-09-25T19:06:13","slug":"stingrakas-prasibas-un-vecaku-atbildiba-atslega-cina-pret-skolenu-kavejumiem-lente-lv","status":"publish","type":"post","link":"https:\/\/www.europesays.com\/lv\/4999\/","title":{"rendered":"Stingr\u0101kas pras\u012bbas un vec\u0101ku atbild\u012bba \u2013 atsl\u0113ga c\u012b\u0146\u0101 pret skol\u0113nu kav\u0113jumiem\u00a0\u2014\u00a0Lente.lv"},"content":{"rendered":"<p>Izgl\u012bt\u012bbas ministres Daces Melb\u0101rdes priek\u0161likumi kav\u0113jumu apkaro\u0161anai<\/p>\n<p>Izgl\u012bt\u012bbas un zin\u0101tnes ministre Dace Melb\u0101rde (JV) ir n\u0101kusi klaj\u0101 ar priek\u0161likumiem, k\u0101 efekt\u012bv\u0101k c\u012bn\u012bties pret skol\u0113nu lielo kav\u0113jumu skaitu Latvijas izgl\u012bt\u012bbas sist\u0113m\u0101. Vi\u0146as redz\u0113jums paredz gan stingr\u0101kas pras\u012bbas kav\u0113jumu attaisno\u0161anai, gan ar\u012b vec\u0101ku atbild\u012bbas palielin\u0101\u0161anu. \u0160ie pas\u0101kumi tiek rosin\u0101ti, lai uzsv\u0113rtu m\u0101c\u012bbu procesa prim\u0101ro noz\u012bmi un nodro\u0161in\u0101tu god\u012bg\u0101ku vidi visiem skol\u0113niem.<\/p>\n<p>Melb\u0101rde uzsver, ka past\u0101v skaidra korel\u0101cija starp kav\u0113jumu bie\u017eumu un skol\u0113na motiv\u0101cijas l\u012bmeni, kas tie\u0161\u0101 veid\u0101 ietekm\u0113 vi\u0146a sp\u0113ju veiksm\u012bgi nok\u0101rtot centraliz\u0113tos eks\u0101menus. T\u0101d\u0113\u013c ir nepiecie\u0161ams p\u0101rskat\u012bt pa\u0161reiz\u0113jo sist\u0113mu, lai izvair\u012btos no situ\u0101cij\u0101m, kad da\u017ei skol\u0113ni mekl\u0113 veidus, k\u0101 ieg\u016bt attaisnojumu eks\u0101menu br\u012bv\u0101s atra\u0161an\u0101s d\u0113\u013c.<\/p>\n<p>Stingr\u0101ki noteikumi kav\u0113jumu attaisno\u0161anai<\/p>\n<p>Lai risin\u0101tu \u0161o probl\u0113mu, tiek mekl\u0113ti risin\u0101jumi sadarb\u012bb\u0101 ar Vesel\u012bbas ministriju un \u0123imenes \u0101rstiem. Tom\u0113r ministre pau\u017e skepsi par \u0101rstu iniciat\u012bvu palielin\u0101t dienu skaitu, kur\u0101s kav\u0113jumus var attaisnot vec\u0101ki, jo tas bie\u017ei vien tiek izmantots nevis slim\u012bbas, bet gan ce\u013cojumu attaisno\u0161anai, \u012bpa\u0161i ziemas m\u0113ne\u0161os. T\u0101p\u0113c ir nepiecie\u0161ama vieno\u0161an\u0101s par stingr\u0101kiem noteikumiem \u0161aj\u0101 jom\u0101.<\/p>\n<p>\u0160o stingr\u0101ko noteikumu ievie\u0161ana b\u016bs starpinstitucion\u0101ls l\u0113mums, jo taj\u0101 iesaist\u012btas da\u017e\u0101das puses: skolas, skol\u0113ni, pedagogi, \u0123imenes \u0101rsti un pa\u0161i vec\u0101ki. Galvenais m\u0113r\u0137is ir pan\u0101kt vieno\u0161anos, kas skaidri nor\u0101da \u2013 m\u0101c\u012b\u0161an\u0101s ir priorit\u0101te. Lai gan Latvij\u0101 ir pietiekami gari br\u012bvlaiki, kuru laik\u0101 iesp\u0113jams pl\u0101not ce\u013cojumus, m\u0101c\u012bbu laik\u0101 skol\u0113niem ir j\u0101b\u016bt gataviem pilnv\u0113rt\u012bgi apg\u016bt m\u0101c\u012bbu saturu.<\/p>\n<p>Vec\u0101ku atbild\u012bbas stiprin\u0101\u0161ana un individu\u0101lais atbalsts<\/p>\n<p>Ministre uzsver, ka ir svar\u012bgi veidot nosac\u012bjumus, kas uzsver m\u0101c\u012bbu prim\u0101ro noz\u012bmi. Tom\u0113r, risinot kav\u0113jumu jaut\u0101jumu, nedr\u012bkst aizmirst par skol\u0113nu psihoemocion\u0101laj\u0101m gr\u016bt\u012bb\u0101m, kas var ietekm\u0113t vi\u0146u motiv\u0101ciju. \u0160\u0101dos gad\u012bjumos ir nepiecie\u0161ams nodro\u0161in\u0101t individu\u0101lu atbalstu, ta\u010du nen\u0101k\u0161ana uz skolu nav risin\u0101jums. Pat tad, ja skol\u0113nam nepiecie\u0161ami atvieglojumi eks\u0101menu k\u0101rto\u0161an\u0101, piem\u0113ram, atsevi\u0161\u0137a telpa vai papildu laiks, \u0161ie atvieglojumi tiks nodro\u0161in\u0101ti, ja to pamatotu \u0101rsta z\u012bme ar \u012bpa\u0161iem nor\u0101d\u012bjumiem. Tas nov\u0113r\u0161 situ\u0101ciju, kad iesp\u0113jas netiek godpr\u0101t\u012bgi izmantotas un veidojas negod\u012bga attieksme pret tiem jaunie\u0161iem, kuri nevar sarun\u0101t attaisnojumu.<\/p>\n<p>Lai gan da\u017e\u0101du skolu t\u012bklu reformas un kla\u0161u sl\u0113g\u0161ana re\u0123ionos var rad\u012bt papildu izaicin\u0101jumus, ministre neredz tie\u0161u sasaisti starp \u0161\u012bm reform\u0101m un kav\u0113jumu probl\u0113mas aktualiz\u0113\u0161anos. Vi\u0146a uzsver, ka svar\u012bg\u0101k ir veidot stingru un skaidru sist\u0113mu, kas pal\u012bdz skol\u0113niem koncentr\u0113ties uz m\u0101c\u012bb\u0101m.<\/p>\n<p>Izgl\u012bt\u012bbas sist\u0113mas kop\u0113jais konteksts<\/p>\n<p>Skatot pla\u0161\u0101k\u0101 kontekst\u0101, izgl\u012bt\u012bbas sist\u0113mas probl\u0113mas Latvij\u0101 ir dzi\u013cas un prasa kompleksus risin\u0101jumus. Viena no b\u016btisk\u0101kaj\u0101m probl\u0113m\u0101m ir pedagogu tr\u016bkums un noveco\u0161an\u0101s, kas rada ba\u017eas par izgl\u012bt\u012bbas kvalit\u0101tes nodro\u0161in\u0101\u0161anu. Lai gan Latvij\u0101 ir relat\u012bvi augsts skolot\u0101ju skaits uz skol\u0113nu, mazo skolu d\u0113\u013c ne vienm\u0113r ir iesp\u0113jams nodro\u0161in\u0101t konkur\u0113tsp\u0113j\u012bgu atalgojumu, kas savuk\u0101rt samazina profesijas presti\u017eu. Lai gan tiek ieviestas da\u017e\u0101das reformas un tiek mekl\u0113ti risin\u0101jumi, piem\u0113ram, stipendijas un kred\u012btu dz\u0113\u0161ana pedagogiem, probl\u0113ma saglab\u0101jas.<\/p>\n<p>T\u0101pat svar\u012bgi ir datiem balst\u012btu l\u0113mumu pie\u0146em\u0161ana izgl\u012bt\u012bbas sist\u0113m\u0101, lai prec\u012bzi identific\u0113tu probl\u0113mu c\u0113lo\u0146us un rastu efekt\u012bvus risin\u0101jumus. Da\u017e\u0101das skolas un pat klases piedz\u012bvo iev\u0113rojamas at\u0161\u0137ir\u012bbas skol\u0113nu sniegum\u0101 un m\u0101c\u012b\u0161anas metod\u0113s, kas prasa individu\u0101lu pieeju un risin\u0101jumus. Kav\u0113jumi, k\u0101 zin\u0101ms, var negat\u012bvi ietekm\u0113t gan skol\u0113na akad\u0113misko sniegumu, gan visp\u0101r\u0113jo izgl\u012bt\u012bbas kvalit\u0101ti. T\u0101d\u0113\u013c Ministru kabineta noteikumi un skolu iek\u0161\u0113j\u0101s k\u0101rt\u012bbas noteikumi cen\u0161as regul\u0113t kav\u0113jumu uzskaiti un attaisno\u0161anu, ta\u010du nepiecie\u0161ama v\u0113l cie\u0161\u0101ka sadarb\u012bba starp vis\u0101m iesaist\u012btaj\u0101m pus\u0113m.<\/p>\n","protected":false},"excerpt":{"rendered":"Izgl\u012bt\u012bbas ministres Daces Melb\u0101rdes priek\u0161likumi kav\u0113jumu apkaro\u0161anai Izgl\u012bt\u012bbas un zin\u0101tnes ministre Dace Melb\u0101rde (JV) ir n\u0101kusi klaj\u0101 ar&hellip;\n","protected":false},"author":2,"featured_media":5000,"comment_status":"","ping_status":"","sticky":false,"template":"","format":"standard","meta":{"footnotes":""},"categories":[5],"tags":[23,28,29,1857,32,33,22,2278,30,31,35,39,38,36,37,34,40,2281,20,26,27,2279,24,25,2280,21],"class_list":{"0":"post-4999","1":"post","2":"type-post","3":"status-publish","4":"format-standard","5":"has-post-thumbnail","7":"category-aktualitates","8":"tag-aktualitates","9":"tag-breaking-news","10":"tag-breakingnews","11":"tag-dace-melbarde","12":"tag-featured-news","13":"tag-featurednews","14":"tag-headlines","15":"tag-izglitibas-sistema","16":"tag-latest-news","17":"tag-latestnews","18":"tag-latvia","19":"tag-latvian","20":"tag-latviesu","21":"tag-latviesu-valoda","22":"tag-latviesuvaloda","23":"tag-latvija","24":"tag-lv","25":"tag-macibu-kvalitate","26":"tag-news","27":"tag-popularakas-zinas","28":"tag-popularakaszinas","29":"tag-skolenu-kavejumi","30":"tag-top-stories","31":"tag-topstories","32":"tag-vecaku-atbildiba","33":"tag-zinas"},"share_on_mastodon":{"url":"","error":""},"_links":{"self":[{"href":"https:\/\/www.europesays.com\/lv\/wp-json\/wp\/v2\/posts\/4999","targetHints":{"allow":["GET"]}}],"collection":[{"href":"https:\/\/www.europesays.com\/lv\/wp-json\/wp\/v2\/posts"}],"about":[{"href":"https:\/\/www.europesays.com\/lv\/wp-json\/wp\/v2\/types\/post"}],"author":[{"embeddable":true,"href":"https:\/\/www.europesays.com\/lv\/wp-json\/wp\/v2\/users\/2"}],"replies":[{"embeddable":true,"href":"https:\/\/www.europesays.com\/lv\/wp-json\/wp\/v2\/comments?post=4999"}],"version-history":[{"count":0,"href":"https:\/\/www.europesays.com\/lv\/wp-json\/wp\/v2\/posts\/4999\/revisions"}],"wp:featuredmedia":[{"embeddable":true,"href":"https:\/\/www.europesays.com\/lv\/wp-json\/wp\/v2\/media\/5000"}],"wp:attachment":[{"href":"https:\/\/www.europesays.com\/lv\/wp-json\/wp\/v2\/media?parent=4999"}],"wp:term":[{"taxonomy":"category","embeddable":true,"href":"https:\/\/www.europesays.com\/lv\/wp-json\/wp\/v2\/categories?post=4999"},{"taxonomy":"post_tag","embeddable":true,"href":"https:\/\/www.europesays.com\/lv\/wp-json\/wp\/v2\/tags?post=4999"}],"curies":[{"name":"wp","href":"https:\/\/api.w.org\/{rel}","templated":true}]}}