{"id":50011,"date":"2025-11-15T13:58:08","date_gmt":"2025-11-15T13:58:08","guid":{"rendered":"https:\/\/www.europesays.com\/lv\/50011\/"},"modified":"2025-11-15T13:58:08","modified_gmt":"2025-11-15T13:58:08","slug":"spradzieni-un-liesmas-buenosairesas-pievarte-rupnicu-rajona-notiek-cina-ar-milzu-ugunsgreku","status":"publish","type":"post","link":"https:\/\/www.europesays.com\/lv\/50011\/","title":{"rendered":"Spr\u0101dzieni un liesmas Buenosairesas piev\u0101rt\u0113 \u2013 r\u016bpn\u012bcu rajon\u0101 notiek c\u012b\u0146a ar milzu ugunsgr\u0113ku"},"content":{"rendered":"<p>Biezi melnu d\u016bmu m\u0101ko\u0146i pac\u0113l\u0101s simtiem metru augstum\u0101 nakts debes\u012bs, ko oran\u017e\u0101 kr\u0101s\u0101 izgaismoja milz\u012bgais <a href=\"https:\/\/www.tvnet.lv\/term\/555502\/ugunsgreks\" class=\"topicLink\" target=\"_blank\" rel=\"nofollow noopener\">ugunsgr\u0113ks<\/a>, nov\u0113roja a\u0123ent\u016bras AFP reportieri net\u0101lu no notikuma vietas, kas atrodas tuvu valsts noslogot\u0101kajai starptautiskajai lidostai pie Buenosairesas.<\/p>\n<p>&#8220;Spr\u0101dzieni un ugunsgr\u0113ki da\u017e\u0101d\u0101s r\u016bpn\u012bc\u0101s ir milz\u012bgi,&#8221; sac\u012bja viet\u0113jais m\u0113rs Gastons Granadoss. &#8220;M\u0113s cen\u0161amies ugunsgr\u0113ku kontrol\u0113t un nodz\u0113st, bet pagaid\u0101m tas nav izdevies,&#8221; vi\u0146\u0161 sac\u012bja telekan\u0101lam C5N, piebilstot, ka vi\u0146a pa\u0161a net\u0101lu eso\u0161\u0101s m\u0101jas logi ir izsisti un ka no rajona tiek evaku\u0113tas \u0123imenes.<\/p>\n<p>Viet\u0113j\u0101 slimn\u012bc\u0101 uz\u0146emti 22 ievainoti pacienti.<\/p>\n<p>Viet\u0113jie mediji zi\u0146o, ka ugunsdz\u0113s\u0113ji sestdienas r\u012bt\u0101 joproj\u0101m c\u012bn\u0101s, lai nodz\u0113stu ugunsgr\u0113ku, un varas iest\u0101des br\u012bdin\u0101ju\u0161as, ka b\u016bs sare\u017e\u0123\u012bti to pak\u013caut.<\/p>\n<p>&#8220;Tas ir sare\u017e\u0123\u012bts ugunsgr\u0113ks. Tas b\u016bs ilgs ugunsgr\u0113ks,&#8221; sac\u012bja Buenosairesas provinces civil\u0101s aizsardz\u012bbas direktors Fabians Garsija.<\/p>\n<p>Industri\u0101laj\u0101 park\u0101 atrodas vair\u0101ki uz\u0146\u0113mumi, kas ra\u017eo riepas, \u0137\u012bmiskos produktus un citas preces. Viet\u0113jie mediji zi\u0146o, ka spr\u0101dzieni un liesmas sk\u0101ru\u0161as piecas da\u017e\u0101das r\u016bpn\u012bcas, un reportieri nov\u0113roju\u0161i, ka vismaz viena r\u016bpn\u012bcas \u0113ka ir p\u0101rv\u0113rsta pelnos.<\/p>\n","protected":false},"excerpt":{"rendered":"Biezi melnu d\u016bmu m\u0101ko\u0146i pac\u0113l\u0101s simtiem metru augstum\u0101 nakts debes\u012bs, ko oran\u017e\u0101 kr\u0101s\u0101 izgaismoja milz\u012bgais ugunsgr\u0113ks, nov\u0113roja a\u0123ent\u016bras&hellip;\n","protected":false},"author":2,"featured_media":50012,"comment_status":"","ping_status":"","sticky":false,"template":"","format":"standard","meta":{"footnotes":""},"categories":[14],"tags":[23,9666,57,28,29,32,33,22,30,31,35,39,38,36,37,34,40,20,26,27,24,25,377,54,55,56,21,58],"class_list":{"0":"post-50011","1":"post","2":"type-post","3":"status-publish","4":"format-standard","5":"has-post-thumbnail","7":"category-zinas-no-arvalstim","8":"tag-aktualitates","9":"tag-argentina","10":"tag-arvalstim","11":"tag-breaking-news","12":"tag-breakingnews","13":"tag-featured-news","14":"tag-featurednews","15":"tag-headlines","16":"tag-latest-news","17":"tag-latestnews","18":"tag-latvia","19":"tag-latvian","20":"tag-latviesu","21":"tag-latviesu-valoda","22":"tag-latviesuvaloda","23":"tag-latvija","24":"tag-lv","25":"tag-news","26":"tag-popularakas-zinas","27":"tag-popularakaszinas","28":"tag-top-stories","29":"tag-topstories","30":"tag-ugunsgreks","31":"tag-world","32":"tag-world-news","33":"tag-worldnews","34":"tag-zinas","35":"tag-zinas-no-arvalstim"},"share_on_mastodon":{"url":"https:\/\/pubeurope.com\/@lv\/115554071555398491","error":""},"_links":{"self":[{"href":"https:\/\/www.europesays.com\/lv\/wp-json\/wp\/v2\/posts\/50011","targetHints":{"allow":["GET"]}}],"collection":[{"href":"https:\/\/www.europesays.com\/lv\/wp-json\/wp\/v2\/posts"}],"about":[{"href":"https:\/\/www.europesays.com\/lv\/wp-json\/wp\/v2\/types\/post"}],"author":[{"embeddable":true,"href":"https:\/\/www.europesays.com\/lv\/wp-json\/wp\/v2\/users\/2"}],"replies":[{"embeddable":true,"href":"https:\/\/www.europesays.com\/lv\/wp-json\/wp\/v2\/comments?post=50011"}],"version-history":[{"count":0,"href":"https:\/\/www.europesays.com\/lv\/wp-json\/wp\/v2\/posts\/50011\/revisions"}],"wp:featuredmedia":[{"embeddable":true,"href":"https:\/\/www.europesays.com\/lv\/wp-json\/wp\/v2\/media\/50012"}],"wp:attachment":[{"href":"https:\/\/www.europesays.com\/lv\/wp-json\/wp\/v2\/media?parent=50011"}],"wp:term":[{"taxonomy":"category","embeddable":true,"href":"https:\/\/www.europesays.com\/lv\/wp-json\/wp\/v2\/categories?post=50011"},{"taxonomy":"post_tag","embeddable":true,"href":"https:\/\/www.europesays.com\/lv\/wp-json\/wp\/v2\/tags?post=50011"}],"curies":[{"name":"wp","href":"https:\/\/api.w.org\/{rel}","templated":true}]}}