{"id":50034,"date":"2025-11-15T14:54:07","date_gmt":"2025-11-15T14:54:07","guid":{"rendered":"https:\/\/www.europesays.com\/lv\/50034\/"},"modified":"2025-11-15T14:54:07","modified_gmt":"2025-11-15T14:54:07","slug":"germane-atgriezas-pec-ilgas-pauzes-un-uzrada-labu-rezultatu-pasaules-kausa-posma-slaloma","status":"publish","type":"post","link":"https:\/\/www.europesays.com\/lv\/50034\/","title":{"rendered":"\u0122\u0113rmane atgrie\u017eas p\u0113c ilgas pauzes un uzr\u0101da labu rezult\u0101tu Pasaules kausa posma slalom\u0101"},"content":{"rendered":"<p>Start\u0113jot pirmo reizi p\u0113c nepilna gada pauzes savainojuma d\u0113\u013c, \u0122\u0113rmane, kura pirmaj\u0101 tras\u0113 ierindoj\u0101s 30. poz\u012bcij\u0101, otraj\u0101 tras\u0113 tika pie piekt\u0101 lab\u0101k\u0101 rezult\u0101ta un abu braucienu summ\u0101 fini\u0161\u0113ja min\u016bt\u0113 un 52,86 sekund\u0113s.<\/p>\n<p>Dro\u0161u uzvaru izc\u012bn\u012bja titul\u0113t\u0101 ASV kalnu sl\u0113pot\u0101ja <a href=\"https:\/\/sports.tvnet.lv\/term\/814337\/mikeila-sifrina\" class=\"topicLink\" target=\"_blank\" rel=\"nofollow noopener\">Mikeila \u0160ifrina<\/a>, kura bija lab\u0101k\u0101 gan pirmaj\u0101, gan otraj\u0101 tras\u0113 un abu braucienu summ\u0101 fini\u0161u sasniedza p\u0113c min\u016btes un 48,92 sekund\u0113m.<\/p>\n<p>Otro vietu ie\u0146\u0113ma Alb\u0101nijas p\u0101rst\u0101ve <a href=\"https:\/\/sports.tvnet.lv\/term\/814338\/lara-kolturi\" class=\"topicLink\" target=\"_blank\" rel=\"nofollow noopener\">Lara Kolturi<\/a>, zaud\u0113jot \u0160ifrinai 1,66 sekundes, bet v\u0101ciete Emma Aihere piek\u0101p\u0101s 2,59 sekundes un nosl\u0113dza lab\u0101ko trijnieku.<\/p>\n<p>\u0122\u0113rmane abu braucienu summ\u0101 atpalika no \u0160ifrinas 3,94 sekundes.<\/p>\n<p>Pirmaj\u0101 tras\u0113 <a href=\"https:\/\/sports.tvnet.lv\/term\/814339\/liene-bondare\" class=\"topicLink\" target=\"_blank\" rel=\"nofollow noopener\">Liene Bondare<\/a>, kura start\u0113ja ar 83. numuru, ie\u0146\u0113ma 68. vietu. No pirmaj\u0101 tras\u0113 start\u0113ju\u0161aj\u0101m 84 sl\u0113potaj\u0101m fini\u0161\u0113ja 73 sportistes.<\/p>\n<p>Pirms gada \u0122\u0113rmane Levi slalom\u0101 ie\u0146\u0113ma 21. vietu, bet p\u0113c ned\u0113\u013cas sacens\u012bb\u0101s Austrijas pils\u0113t\u0101 Gurgl\u0101 nefini\u0161\u0113ja, un vi\u0146ai tika veikta ce\u013cgala oper\u0101cija.<\/p>\n<p>2024.\/2025. gada sezon\u0101 \u0122\u0113rmane Pasaules kausa posmos tr\u012bsreiz izc\u012bn\u012bja astoto vietu slalom\u0101, kas ir neatkar\u012bg\u0101s Latvijas kalnu sl\u0113po\u0161anas rekords. Fin\u0101lsacens\u012bb\u0101s latviete ie\u0146\u0113ma 14. vietu.<\/p>\n<p>\u0122\u0113rmane 2024. gada s\u0101kum\u0101 k\u013cuva ar\u012b par pasaules junioru \u010dempioni slalom\u0101.<\/p>\n","protected":false},"excerpt":{"rendered":"Start\u0113jot pirmo reizi p\u0113c nepilna gada pauzes savainojuma d\u0113\u013c, \u0122\u0113rmane, kura pirmaj\u0101 tras\u0113 ierindoj\u0101s 30. poz\u012bcij\u0101, otraj\u0101 tras\u0113&hellip;\n","protected":false},"author":2,"featured_media":50035,"comment_status":"","ping_status":"","sticky":false,"template":"","format":"standard","meta":{"footnotes":""},"categories":[5],"tags":[23,28,29,13689,32,33,22,7613,13691,30,31,35,39,38,36,37,34,13692,40,13690,20,26,27,24,25,21],"class_list":{"0":"post-50034","1":"post","2":"type-post","3":"status-publish","4":"format-standard","5":"has-post-thumbnail","7":"category-aktualitates","8":"tag-aktualitates","9":"tag-breaking-news","10":"tag-breakingnews","11":"tag-dzenifera-germane","12":"tag-featured-news","13":"tag-featurednews","14":"tag-headlines","15":"tag-kalnu-sleposana","16":"tag-lara-kolturi","17":"tag-latest-news","18":"tag-latestnews","19":"tag-latvia","20":"tag-latvian","21":"tag-latviesu","22":"tag-latviesu-valoda","23":"tag-latviesuvaloda","24":"tag-latvija","25":"tag-liene-bondare","26":"tag-lv","27":"tag-mikeila-sifrina","28":"tag-news","29":"tag-popularakas-zinas","30":"tag-popularakaszinas","31":"tag-top-stories","32":"tag-topstories","33":"tag-zinas"},"share_on_mastodon":{"url":"https:\/\/pubeurope.com\/@lv\/115554291713977080","error":""},"_links":{"self":[{"href":"https:\/\/www.europesays.com\/lv\/wp-json\/wp\/v2\/posts\/50034","targetHints":{"allow":["GET"]}}],"collection":[{"href":"https:\/\/www.europesays.com\/lv\/wp-json\/wp\/v2\/posts"}],"about":[{"href":"https:\/\/www.europesays.com\/lv\/wp-json\/wp\/v2\/types\/post"}],"author":[{"embeddable":true,"href":"https:\/\/www.europesays.com\/lv\/wp-json\/wp\/v2\/users\/2"}],"replies":[{"embeddable":true,"href":"https:\/\/www.europesays.com\/lv\/wp-json\/wp\/v2\/comments?post=50034"}],"version-history":[{"count":0,"href":"https:\/\/www.europesays.com\/lv\/wp-json\/wp\/v2\/posts\/50034\/revisions"}],"wp:featuredmedia":[{"embeddable":true,"href":"https:\/\/www.europesays.com\/lv\/wp-json\/wp\/v2\/media\/50035"}],"wp:attachment":[{"href":"https:\/\/www.europesays.com\/lv\/wp-json\/wp\/v2\/media?parent=50034"}],"wp:term":[{"taxonomy":"category","embeddable":true,"href":"https:\/\/www.europesays.com\/lv\/wp-json\/wp\/v2\/categories?post=50034"},{"taxonomy":"post_tag","embeddable":true,"href":"https:\/\/www.europesays.com\/lv\/wp-json\/wp\/v2\/tags?post=50034"}],"curies":[{"name":"wp","href":"https:\/\/api.w.org\/{rel}","templated":true}]}}