{"id":50036,"date":"2025-11-15T14:56:07","date_gmt":"2025-11-15T14:56:07","guid":{"rendered":"https:\/\/www.europesays.com\/lv\/50036\/"},"modified":"2025-11-15T14:56:07","modified_gmt":"2025-11-15T14:56:07","slug":"graudina-samoilova-un-plavins-fokerots-pasaules-cempionata-aizvadis-otros-macus","status":"publish","type":"post","link":"https:\/\/www.europesays.com\/lv\/50036\/","title":{"rendered":"Graudi\u0146a\/Samoilova un P\u013cavi\u0146\u0161\/Fokerots pasaules \u010dempion\u0101t\u0101 aizvad\u012bs otros ma\u010dus"},"content":{"rendered":"<p>P\u013cavi\u0146\u0161\/Fokerots, kas turn\u012br\u0101 ir izs\u0113ts ar 17. numuru, H grup\u0101 otro c\u012b\u0146u, tiekoties ar Togo duetu Kofi Kotoka\/Kuamivi Samani (41.), s\u0101ks plkst. 1.30 p\u0113c Latvijas laika. Savuk\u0101rt duets Graudi\u0146a\/Samoilova, kas turn\u012br\u0101 ir izs\u0113ts ar piekto numuru, E grupas otro ma\u010du ar jap\u0101niet\u0113m Reiku Murakami un Asami \u0160ibu (29.) s\u0101ks plkst. 3.30 p\u0113c Latvijas laika.<\/p>\n<p>Sestdien P\u013cavi\u0146\u0161\/Fokerots pirmaj\u0101 ma\u010d\u0101 ar 2-0 (22:20, 21:17) apsp\u0113l\u0113ja amerik\u0101\u0146us Endiju Bene\u0161u un Mailsu Parteinu (32.). Nosl\u0113dzo\u0161aj\u0101 grupas sp\u0113l\u0113 pirmdien latvie\u0161i v\u0113l sp\u0113kosies ar pasaules \u010dempioniem \u010dehiem Ondr\u017eeju Peru\u0161i\u010du un Davidu \u0160veineru (8.).<\/p>\n<p>P\u013cavi\u0146am \u0161is ir jau astotais pasaules \u010dempion\u0101ts. Visaugst\u0101k P\u013cavi\u0146\u0161 p\u0101r\u012b ar J\u0101ni \u0160m\u0113di\u0146u tika 2011. gad\u0101 Rom\u0101, izc\u012bnot ceturto vietu, bet p\u0101r\u012b ar Edgaru To\u010du 2019. gad\u0101 Hamburg\u0101 tika ie\u0146emta dal\u012bta dev\u012bt\u0101 vieta. Pasaules \u010dempion\u0101tos P\u013cavi\u0146\u0161 ir start\u0113jis ar\u012b ar Aleksandru Samoilovu, Lauri Iecelnieku, J\u0101ni P\u0113du un Haraldu Reg\u017eu.<\/p>\n<p>Fokerotam \u0161is ir pirmais starts pasaules meistarsac\u012bkst\u0113s.<\/p>\n<p>Tikm\u0113r Graudi\u0146a un Samoilova sestdien pirmaj\u0101 sp\u0113l\u0113 ar 2-0 (21:17, 23:21) p\u0101rsp\u0113ja meksik\u0101nietes Atenasu Gusmanu un Susanu Torresu (44.). Latvijas sportistes pirmdien p\u0113d\u0113j\u0101 grupas ma\u010d\u0101 tiksies ar It\u0101lijas p\u0101ri D\u017eada Bianki\/Klaudija Skampoli (20.).<\/p>\n<p>L\u012bdz\u0161in\u0113jos tr\u012bs startos pasaules \u010dempion\u0101tos 2019. gad\u0101 Hamburg\u0101, 2022. gad\u0101 Rom\u0101 un 2023. gad\u0101 Meksikas pils\u0113t\u0101 Tlaskal\u0101 Graudi\u0146a un Samoilova ir fini\u0161\u0113ju\u0161as dev\u012bt\u0101s.<\/p>\n<p>Sacens\u012bb\u0101s gan v\u012brie\u0161iem, gan sieviet\u0113m piedal\u0101s 48 komandas, kas ir sadal\u012btas grup\u0101s pa \u010detr\u0101m komand\u0101m.<\/p>\n<p>Katras grupas divas lab\u0101k\u0101s vien\u012bbas, k\u0101 ar\u012b \u010detras lab\u0101k\u0101s tre\u0161o vietu ie\u0146\u0113m\u0113jas uzreiz iek\u013c\u016bs izsl\u0113g\u0161anas c\u012b\u0146\u0101s. P\u0101r\u0113jie asto\u0146i tre\u0161o vietu ie\u0146\u0113mu\u0161ie dueti \u010detros p\u0101ros vien\u0101 &#8220;play-off&#8221; c\u012b\u0146\u0101 noskaidros p\u0113d\u0113jos \u010detrus izsl\u0113g\u0161anas sp\u0113\u013cu dal\u012bbniekus. P\u0113c tam sacens\u012bbas turpin\u0101sies p\u0113c olimpisk\u0101s sist\u0113mas.<\/p>\n<p>Sacens\u012bbas Adelaid\u0113 beigsies 23. novembr\u012b.<\/p>\n","protected":false},"excerpt":{"rendered":"P\u013cavi\u0146\u0161\/Fokerots, kas turn\u012br\u0101 ir izs\u0113ts ar 17. numuru, H grup\u0101 otro c\u012b\u0146u, tiekoties ar Togo duetu Kofi Kotoka\/Kuamivi&hellip;\n","protected":false},"author":2,"featured_media":50037,"comment_status":"","ping_status":"","sticky":false,"template":"","format":"standard","meta":{"footnotes":""},"categories":[17],"tags":[566,2477,35,39,38,36,37,34,40,2831,564,67,565],"class_list":{"0":"post-50036","1":"post","2":"type-post","3":"status-publish","4":"format-standard","5":"has-post-thumbnail","7":"category-sports","8":"tag-anastasija-samoilova","9":"tag-kristians-fokerots","10":"tag-latvia","11":"tag-latvian","12":"tag-latviesu","13":"tag-latviesu-valoda","14":"tag-latviesuvaloda","15":"tag-latvija","16":"tag-lv","17":"tag-martins-plavins","18":"tag-pludmales-volejbols","19":"tag-sports","20":"tag-tina-graudina"},"share_on_mastodon":{"url":"https:\/\/pubeurope.com\/@lv\/115554299623421564","error":""},"_links":{"self":[{"href":"https:\/\/www.europesays.com\/lv\/wp-json\/wp\/v2\/posts\/50036","targetHints":{"allow":["GET"]}}],"collection":[{"href":"https:\/\/www.europesays.com\/lv\/wp-json\/wp\/v2\/posts"}],"about":[{"href":"https:\/\/www.europesays.com\/lv\/wp-json\/wp\/v2\/types\/post"}],"author":[{"embeddable":true,"href":"https:\/\/www.europesays.com\/lv\/wp-json\/wp\/v2\/users\/2"}],"replies":[{"embeddable":true,"href":"https:\/\/www.europesays.com\/lv\/wp-json\/wp\/v2\/comments?post=50036"}],"version-history":[{"count":0,"href":"https:\/\/www.europesays.com\/lv\/wp-json\/wp\/v2\/posts\/50036\/revisions"}],"wp:featuredmedia":[{"embeddable":true,"href":"https:\/\/www.europesays.com\/lv\/wp-json\/wp\/v2\/media\/50037"}],"wp:attachment":[{"href":"https:\/\/www.europesays.com\/lv\/wp-json\/wp\/v2\/media?parent=50036"}],"wp:term":[{"taxonomy":"category","embeddable":true,"href":"https:\/\/www.europesays.com\/lv\/wp-json\/wp\/v2\/categories?post=50036"},{"taxonomy":"post_tag","embeddable":true,"href":"https:\/\/www.europesays.com\/lv\/wp-json\/wp\/v2\/tags?post=50036"}],"curies":[{"name":"wp","href":"https:\/\/api.w.org\/{rel}","templated":true}]}}