{"id":50054,"date":"2025-11-15T15:14:10","date_gmt":"2025-11-15T15:14:10","guid":{"rendered":"https:\/\/www.europesays.com\/lv\/50054\/"},"modified":"2025-11-15T15:14:10","modified_gmt":"2025-11-15T15:14:10","slug":"germane-ar-teicamu-2-braucienu-pakapjas-vairakas-pozicijas-pasaules-kausa-slaloma-levi-ziemas-sports-sportacentrs-com","status":"publish","type":"post","link":"https:\/\/www.europesays.com\/lv\/50054\/","title":{"rendered":"\u0122\u0113rmane ar teicamu 2.braucienu pak\u0101pjas vair\u0101kas poz\u012bcijas Pasaules kaus\u0101 slalom\u0101 Levi \u2013 Ziemas sports \u2013 Sportacentrs.com"},"content":{"rendered":"<p>D\u017eenifera \u0122\u0113rmane p\u0113c pirm\u0101 brauciena <a href=\"https:\/\/sportacentrs.com\/ziemas_sports\/15112025-germane_ar_lielisku_1_brauciena_sakumu_at\" target=\"_self\" rel=\"nofollow noopener\">ie\u0146\u0113ma 30. vietu, tuv\u0101ko s\u0101ncensi apsteidzot par 0,02 sekund\u0113m un nervus kutino\u0161\u0101 veid\u0101 tom\u0113r tika uz otro braucienu<\/a>, kuru s\u0101ka k\u0101 pirm\u0101. Divdesmitnieks bija faktiski pussekundes ,bet desmitnieks sekundes atstatum\u0101, l\u012bdz ar to ar labu braucienu bija labas iesp\u0113jas vair\u0101kas poz\u012bcijas pavirz\u012bties uz aug\u0161u.<\/p>\n<p>P\u0113rn D\u017eenifera Levi otraj\u0101 braucien\u0101 pak\u0101p\u0101s asto\u0146as poz\u012bcijas, un ar\u012b \u0161ogad latvietei p\u0113c otr\u0101s trases izdev\u0101s vair\u0101ku vietu k\u0101pums. Ar \u013coti augsto piekto laiku otraj\u0101 braucien\u0101 \u0122\u0113rmane pak\u0101p\u0101s uz 21.vietu un no 11 startiem astoto reizi karjer\u0101 \u201ctika punktos\u201d. Ar\u012b 2024.gad\u0101 talant\u012bg\u0101 latviete Levi bija 21.viet\u0101.<\/p>\n<p>Mika\u0113la \u0160ifrina bija teicami veikusi pirmo trasi, iekr\u0101jot vair\u0101k nek\u0101 sekundes p\u0101rsvaru, t\u0101d\u0113j\u0101di piesakot \u013coti labas pretenzijas uz 102. uzvaru Pasaules kausos. Amerik\u0101niete nelika vilties, palielinot p\u0101rsvaru un uzvarot Levi slalom\u0101 dev\u012bto reizi.<\/p>\n<p>Otro poz\u012bciju saglab\u0101ja 2006.gad\u0101 \u0161aj\u0101 dien\u0101 dzimus\u012b Kolturi, kura \u012bpa\u0161\u0101 dien\u0101 sar\u016bp\u0113ja ceturto karjeras pjedest\u0101lu. \u0122\u0113rmanes vienaudze Aihere, kura pag\u0101ju\u0161aj\u0101 sezon\u0101 uzvar\u0113ja nobraucien\u0101 un supergigant\u0101, pak\u0101p\u0101s no sept\u012bt\u0101s uz tre\u0161o vietu un pirmo reizi tika trijniek\u0101 slalom\u0101. Ar otro laiku otraj\u0101 braucien\u0101 no 19.vietas uz dal\u012btu ceturto pak\u0101p\u0101s amerik\u0101niete Paula Molcana.<\/p>\n<p>Pasaules kausa posms kalnu sl\u0113po\u0161an\u0101, slaloms sieviet\u0113m, Levi (Somija), 84 dal\u012bbnieces<\/p>\n<tr>V.SportisteValstsRezult\u0101ts<\/tr>\n<tr class=\"even\">\n<td>1.<\/td>\n<td>Mika\u0113la \u0160ifrina<\/td>\n<td>ASV<\/td>\n<td class=\"ralign\">1:48.92<\/td>\n<\/tr>\n<tr class=\"odd\">\n<td>2.<\/td>\n<td>Lara Kolturi<\/td>\n<td>Alb\u0101nija<\/td>\n<td class=\"ralign\">+1.66<\/td>\n<\/tr>\n<tr class=\"even\">\n<td>3.<\/td>\n<td>Emma Aihere<\/td>\n<td>V\u0101cija<\/td>\n<td class=\"ralign\">+2.59<\/td>\n<\/tr>\n<tr class=\"odd\">\n<td>4.<\/td>\n<td>L\u0113na D\u012bra<\/td>\n<td>V\u0101cija<\/td>\n<td class=\"ralign\">+2.74<\/td>\n<\/tr>\n<tr class=\"even\">\n<td>4.<\/td>\n<td>Paula Molcana<\/td>\n<td>ASV<\/td>\n<td class=\"ralign\">+2.74<\/td>\n<\/tr>\n<tr class=\"odd\">\n<td>6.<\/td>\n<td>Zrinka \u013buti\u010da<\/td>\n<td>Horv\u0101tija<\/td>\n<td class=\"ralign\">+2.80<\/td>\n<\/tr>\n<tr class=\"even\">\n<td>21.<\/td>\n<td>D\u017eenifera \u0122\u0113rmane<\/td>\n<td>Latvija<\/td>\n<td class=\"ralign\">+3.94<\/td>\n<\/tr>\n","protected":false},"excerpt":{"rendered":"D\u017eenifera \u0122\u0113rmane p\u0113c pirm\u0101 brauciena ie\u0146\u0113ma 30. vietu, tuv\u0101ko s\u0101ncensi apsteidzot par 0,02 sekund\u0113m un nervus kutino\u0161\u0101 veid\u0101&hellip;\n","protected":false},"author":2,"featured_media":50055,"comment_status":"","ping_status":"","sticky":false,"template":"","format":"standard","meta":{"footnotes":""},"categories":[17],"tags":[35,39,38,36,37,34,40,67,620],"class_list":{"0":"post-50054","1":"post","2":"type-post","3":"status-publish","4":"format-standard","5":"has-post-thumbnail","7":"category-sports","8":"tag-latvia","9":"tag-latvian","10":"tag-latviesu","11":"tag-latviesu-valoda","12":"tag-latviesuvaloda","13":"tag-latvija","14":"tag-lv","15":"tag-sports","16":"tag-ziemas-sports"},"share_on_mastodon":{"url":"https:\/\/pubeurope.com\/@lv\/115554370425715386","error":""},"_links":{"self":[{"href":"https:\/\/www.europesays.com\/lv\/wp-json\/wp\/v2\/posts\/50054","targetHints":{"allow":["GET"]}}],"collection":[{"href":"https:\/\/www.europesays.com\/lv\/wp-json\/wp\/v2\/posts"}],"about":[{"href":"https:\/\/www.europesays.com\/lv\/wp-json\/wp\/v2\/types\/post"}],"author":[{"embeddable":true,"href":"https:\/\/www.europesays.com\/lv\/wp-json\/wp\/v2\/users\/2"}],"replies":[{"embeddable":true,"href":"https:\/\/www.europesays.com\/lv\/wp-json\/wp\/v2\/comments?post=50054"}],"version-history":[{"count":0,"href":"https:\/\/www.europesays.com\/lv\/wp-json\/wp\/v2\/posts\/50054\/revisions"}],"wp:featuredmedia":[{"embeddable":true,"href":"https:\/\/www.europesays.com\/lv\/wp-json\/wp\/v2\/media\/50055"}],"wp:attachment":[{"href":"https:\/\/www.europesays.com\/lv\/wp-json\/wp\/v2\/media?parent=50054"}],"wp:term":[{"taxonomy":"category","embeddable":true,"href":"https:\/\/www.europesays.com\/lv\/wp-json\/wp\/v2\/categories?post=50054"},{"taxonomy":"post_tag","embeddable":true,"href":"https:\/\/www.europesays.com\/lv\/wp-json\/wp\/v2\/tags?post=50054"}],"curies":[{"name":"wp","href":"https:\/\/api.w.org\/{rel}","templated":true}]}}