{"id":50062,"date":"2025-11-15T15:22:10","date_gmt":"2025-11-15T15:22:10","guid":{"rendered":"https:\/\/www.europesays.com\/lv\/50062\/"},"modified":"2025-11-15T15:22:10","modified_gmt":"2025-11-15T15:22:10","slug":"foto-un-video-%e2%9f%a9-ukraina-veica-triecienus-rjazanas-naftas-rupnicai-krievija-apollo-lv","status":"publish","type":"post","link":"https:\/\/www.europesays.com\/lv\/50062\/","title":{"rendered":"FOTO UN VIDEO \u27e9 Ukraina veica triecienus Rjaza\u0146as naftas r\u016bpn\u012bcai Krievij\u0101 &#8211; Apollo.lv"},"content":{"rendered":"<ol>\n<li><a href=\"https:\/\/news.google.com\/rss\/articles\/CBMipAFBVV95cUxPUjdvbmU2ZTMwU3pVQzlWMmc3UUxXbXFVSDR3OTJvZGxmT2w3VjF3RUFFZEIzTlF1bXUzcVh1NVBZMGtvZ0VvQllSZWJPV0Y0c0t5Vktqek42QW9mQW9LczZCdC1WNUVpT0wtOXVKS2RfblhNbHJlZU5zMDJZN1FaZWJkMnhkRE9PQzRqb3ktel9IdUl0NjkxNy1kbVRodlFGc2FRTg?oc=5\" target=\"_blank\" rel=\"nofollow noopener\">FOTO UN VIDEO \u27e9 Ukraina veica triecienus Rjaza\u0146as naftas r\u016bpn\u012bcai Krievij\u0101<\/a>&nbsp;&nbsp;Apollo.lv<\/li>\n<li><a href=\"https:\/\/news.google.com\/rss\/articles\/CBMijAFBVV95cUxPd3pFTXpsdEdOb2NpcVZhX0xUVEpwaDNTOWJxMXNJRndNUlJ4aHdQSnRBTHdNblZGWW1uWlE3c0JDZ1lCLVhWNnNsaXJwZXFvM0ZzQUY2dVV6azVzNWMzTjM1WmhrT1RVdVV0WVFaOUR1SUxwYTRxeHRBdC1ULXpIM1BPYlh0UVRzNS1lcg?oc=5\" target=\"_blank\" rel=\"nofollow noopener\">Novorosijsk\u0101 p\u0113c dronu uzbrukuma deg naftas termin\u0101lis<\/a>&nbsp;&nbsp;Apollo.lv<\/li>\n<li><a href=\"https:\/\/news.google.com\/rss\/articles\/CBMisgFBVV95cUxOeVVtQnRTRjI1RDNmUGlGR0FkZ3pwcFdXTG4ySEZxR25FN3J0NmNOV1h6ZjZBY0lnTHI0eE5DallnSEFNWjU0X2hZaExWd0dQbS05bVUzVDdyTW5TY3ZNTW5ZODB3cmJHeng0aEk1eTh4QWYtUS02SFJsV25leXlEcXVoeDdIQmN0RE1NaWRUOG1EUExMZmxWUkRoSThzaWtMSjJUUFQtS3dwTnQ3VmFOelZB?oc=5\" target=\"_blank\" rel=\"nofollow noopener\">P\u0113c Ukrainas dronu uzbrukuma izc\u0113lies ugunsgr\u0113ks Rjaza\u0146as naftas p\u0101rstr\u0101des r\u016bpn\u012bc\u0101<\/a>&nbsp;&nbsp;TVNET<\/li>\n<li><a href=\"https:\/\/news.google.com\/rss\/articles\/CBMilgFBVV95cUxObnItYmFqZ3lkV01NZS1RNU11dlpDb2hvZzhLcWlxTnQ0ODVNekdtR180ZFpoV0w1NnJlU0JCZnZ0SmlycGJzbFhrWHIxNm92bExYVWt0OTh5TzItZWI1TGxsOG1iR2pFSWVLUVpoXzY1ZXRzdmVPZUNhYkxuNm43dUZzeWY0ME9HaThFUV9GZzJDSWFGdkE?oc=5\" target=\"_blank\" rel=\"nofollow noopener\">Ukraina devusi triecienu r\u016bpn\u012bcai &#8220;Stavrolen&#8221;<\/a>&nbsp;&nbsp;Delfi<\/li>\n<li><a href=\"https:\/\/news.google.com\/rss\/articles\/CBMiygFBVV95cUxNNi0tbkdqdW9jMTU1T1pBQWR0dXZIbnRHdGZVUXAyTVEwajkzYkhQeGNxd3lNNFZxajhjWU91bjhpQlhqMnlpOExvUjU4VE5ySFRNVDhaU0VvZEdwNHR5dkpPYkpPM2FxRlVaZVExeWdwX1lYOHg0WnVVZ0lJSE94U1RsanpaTFRidFJhcXJydndrRmplX2laa1RId205ZDVyVTNFa1I0RDhrdml0N1FNaFllV0U4TVlDb0pNTkluVFJUdEhXVFJLSXRn?oc=5\" target=\"_blank\" rel=\"nofollow noopener\">Ukrai\u0146i ar j\u016bras droniem atkal uzbruku\u0161i Tuapses ostai Krievij\u0101: pils\u0113t\u0101 dzird\u0113ti spr\u0101dzieni<\/a>&nbsp;&nbsp;Jauns.lv<\/li>\n<\/ol>\n","protected":false},"excerpt":{"rendered":"FOTO UN VIDEO \u27e9 Ukraina veica triecienus Rjaza\u0146as naftas r\u016bpn\u012bcai Krievij\u0101&nbsp;&nbsp;Apollo.lv Novorosijsk\u0101 p\u0113c dronu uzbrukuma deg naftas termin\u0101lis&nbsp;&nbsp;Apollo.lv&hellip;\n","protected":false},"author":2,"featured_media":50063,"comment_status":"","ping_status":"","sticky":false,"template":"","format":"standard","meta":{"footnotes":""},"categories":[14],"tags":[23,57,28,29,32,33,22,234,74,30,31,35,39,38,36,37,34,40,20,26,27,24,25,276,54,55,56,21,58],"class_list":{"0":"post-50062","1":"post","2":"type-post","3":"status-publish","4":"format-standard","5":"has-post-thumbnail","7":"category-zinas-no-arvalstim","8":"tag-aktualitates","9":"tag-arvalstim","10":"tag-breaking-news","11":"tag-breakingnews","12":"tag-featured-news","13":"tag-featurednews","14":"tag-headlines","15":"tag-krievija","16":"tag-krievijas-iebrukums-ukraina","17":"tag-latest-news","18":"tag-latestnews","19":"tag-latvia","20":"tag-latvian","21":"tag-latviesu","22":"tag-latviesu-valoda","23":"tag-latviesuvaloda","24":"tag-latvija","25":"tag-lv","26":"tag-news","27":"tag-popularakas-zinas","28":"tag-popularakaszinas","29":"tag-top-stories","30":"tag-topstories","31":"tag-ukraina","32":"tag-world","33":"tag-world-news","34":"tag-worldnews","35":"tag-zinas","36":"tag-zinas-no-arvalstim"},"share_on_mastodon":{"url":"https:\/\/pubeurope.com\/@lv\/115554401824546109","error":""},"_links":{"self":[{"href":"https:\/\/www.europesays.com\/lv\/wp-json\/wp\/v2\/posts\/50062","targetHints":{"allow":["GET"]}}],"collection":[{"href":"https:\/\/www.europesays.com\/lv\/wp-json\/wp\/v2\/posts"}],"about":[{"href":"https:\/\/www.europesays.com\/lv\/wp-json\/wp\/v2\/types\/post"}],"author":[{"embeddable":true,"href":"https:\/\/www.europesays.com\/lv\/wp-json\/wp\/v2\/users\/2"}],"replies":[{"embeddable":true,"href":"https:\/\/www.europesays.com\/lv\/wp-json\/wp\/v2\/comments?post=50062"}],"version-history":[{"count":0,"href":"https:\/\/www.europesays.com\/lv\/wp-json\/wp\/v2\/posts\/50062\/revisions"}],"wp:featuredmedia":[{"embeddable":true,"href":"https:\/\/www.europesays.com\/lv\/wp-json\/wp\/v2\/media\/50063"}],"wp:attachment":[{"href":"https:\/\/www.europesays.com\/lv\/wp-json\/wp\/v2\/media?parent=50062"}],"wp:term":[{"taxonomy":"category","embeddable":true,"href":"https:\/\/www.europesays.com\/lv\/wp-json\/wp\/v2\/categories?post=50062"},{"taxonomy":"post_tag","embeddable":true,"href":"https:\/\/www.europesays.com\/lv\/wp-json\/wp\/v2\/tags?post=50062"}],"curies":[{"name":"wp","href":"https:\/\/api.w.org\/{rel}","templated":true}]}}