{"id":50069,"date":"2025-11-15T15:31:08","date_gmt":"2025-11-15T15:31:08","guid":{"rendered":"https:\/\/www.europesays.com\/lv\/50069\/"},"modified":"2025-11-15T15:31:08","modified_gmt":"2025-11-15T15:31:08","slug":"atrodi-sevi-%e2%9f%a9-arvis-reiks-koncertzale-palladium-kaldina-savu-vardu-latvijas-repa-goda-siena","status":"publish","type":"post","link":"https:\/\/www.europesays.com\/lv\/50069\/","title":{"rendered":"ATRODI SEVI! \u27e9 Arvis Reiks koncertz\u0101l\u0113 &#8220;Palladium&#8221; kaldina savu v\u0101rdu Latvijas repa goda sien\u0101"},"content":{"rendered":"<p>Piektdien, 14. novembr\u012b, koncertz\u0101l\u0113 \u201cPalladium\u201d uz skatuves k\u0101pa hiphopa m\u0101kslinieks Reiks, kuru var uzskat\u012bt par vienu no spilgt\u0101kaj\u0101m un daudzsolo\u0161\u0101kaj\u0101m jaun\u0101s paaudzes bals\u012bm Latvijas rep\u0101. \u0160is bija vi\u0146a pirmais lielais solo koncerts \u2013 notikums, kas iez\u012bm\u0113ja jaunu posmu Reika rado\u0161aj\u0101 ce\u013c\u0101. Apskati foto gan no apmekl\u0113t\u0101ju iera\u0161an\u0101s burzi\u0146a, gan no pa\u0161a koncerta!<\/p>\n<p>Koncert\u0101 skan\u0113ja gan klaus\u012bt\u0101ju iem\u012b\u013cotie singli, gan \u012bpa\u0161i sagatavoti p\u0101rsteigumi. Vakars apvienoja dz\u012bvo m\u016bziku, hiphopu un house m\u016bzikas est\u0113tiku, veidojot ener\u0123isku un pl\u016bsto\u0161u skan\u0113jumu.<\/p>\n","protected":false},"excerpt":{"rendered":"Piektdien, 14. novembr\u012b, koncertz\u0101l\u0113 \u201cPalladium\u201d uz skatuves k\u0101pa hiphopa m\u0101kslinieks Reiks, kuru var uzskat\u012bt par vienu no spilgt\u0101kaj\u0101m&hellip;\n","protected":false},"author":2,"featured_media":50070,"comment_status":"","ping_status":"","sticky":false,"template":"","format":"standard","meta":{"footnotes":""},"categories":[19],"tags":[10591,402,89,90,35,39,38,36,37,34,3714,40,1337,4635,12010,5317,10289],"class_list":{"0":"post-50069","1":"post","2":"type-post","3":"status-publish","4":"format-standard","5":"has-post-thumbnail","7":"category-izklaide","8":"tag-arvis-reiks","9":"tag-emilija","10":"tag-entertainment","11":"tag-izklaide","12":"tag-latvia","13":"tag-latvian","14":"tag-latviesu","15":"tag-latviesu-valoda","16":"tag-latviesuvaloda","17":"tag-latvija","18":"tag-lelde-dreimane","19":"tag-lv","20":"tag-palladium","21":"tag-palladium-riga","22":"tag-patrisha","23":"tag-reiks","24":"tag-reperis-deniss"},"share_on_mastodon":{"url":"https:\/\/pubeurope.com\/@lv\/115554437230114618","error":""},"_links":{"self":[{"href":"https:\/\/www.europesays.com\/lv\/wp-json\/wp\/v2\/posts\/50069","targetHints":{"allow":["GET"]}}],"collection":[{"href":"https:\/\/www.europesays.com\/lv\/wp-json\/wp\/v2\/posts"}],"about":[{"href":"https:\/\/www.europesays.com\/lv\/wp-json\/wp\/v2\/types\/post"}],"author":[{"embeddable":true,"href":"https:\/\/www.europesays.com\/lv\/wp-json\/wp\/v2\/users\/2"}],"replies":[{"embeddable":true,"href":"https:\/\/www.europesays.com\/lv\/wp-json\/wp\/v2\/comments?post=50069"}],"version-history":[{"count":0,"href":"https:\/\/www.europesays.com\/lv\/wp-json\/wp\/v2\/posts\/50069\/revisions"}],"wp:featuredmedia":[{"embeddable":true,"href":"https:\/\/www.europesays.com\/lv\/wp-json\/wp\/v2\/media\/50070"}],"wp:attachment":[{"href":"https:\/\/www.europesays.com\/lv\/wp-json\/wp\/v2\/media?parent=50069"}],"wp:term":[{"taxonomy":"category","embeddable":true,"href":"https:\/\/www.europesays.com\/lv\/wp-json\/wp\/v2\/categories?post=50069"},{"taxonomy":"post_tag","embeddable":true,"href":"https:\/\/www.europesays.com\/lv\/wp-json\/wp\/v2\/tags?post=50069"}],"curies":[{"name":"wp","href":"https:\/\/api.w.org\/{rel}","templated":true}]}}