{"id":50099,"date":"2025-11-15T16:12:13","date_gmt":"2025-11-15T16:12:13","guid":{"rendered":"https:\/\/www.europesays.com\/lv\/50099\/"},"modified":"2025-11-15T16:12:13","modified_gmt":"2025-11-15T16:12:13","slug":"kas-jums-pieaugusam-virietim-jaruna-ar-svesu-bernu-palidziba-puisenam-parvesas-par-sievietes-dzivibas-apdraudejumu","status":"publish","type":"post","link":"https:\/\/www.europesays.com\/lv\/50099\/","title":{"rendered":"&#8220;Kas jums, pieaugu\u0161am v\u012brietim, j\u0101run\u0101 ar sve\u0161u b\u0113rnu?&#8221; Pal\u012bdz\u012bba puis\u0113nam p\u0101rv\u0113\u0161as par sievietes dz\u012bv\u012bbas apdraud\u0113jumu"},"content":{"rendered":"<p>Internet\u0101 klejo atst\u0101ts par sievieti, kura iztrauc\u0113jusi k\u0101du v\u012brieti, kur\u0161 R\u012bg\u0101 uz ielas uzm\u0101cies mazam puis\u0113nam. P\u0113c tam, kad sieviete vi\u0146u aizdzinusi, vi\u0146\u0161 atgriezies un vi\u0146ai uzbrucis. Tas viss \u2013 daudzu cilv\u0113ku acu priek\u0161\u0101. Par to, kas un k\u0101 \u012bsti notika, st\u0101sta &#8220;LaTS&#8221; veikalu t\u012bkla komercdirektore Kitija Did\u017eus. Tie\u0161i vi\u0146a gad\u012bj\u0101s notikumu epicentr\u0101.<\/p>\n","protected":false},"excerpt":{"rendered":"Internet\u0101 klejo atst\u0101ts par sievieti, kura iztrauc\u0113jusi k\u0101du v\u012brieti, kur\u0161 R\u012bg\u0101 uz ielas uzm\u0101cies mazam puis\u0113nam. P\u0113c tam,&hellip;\n","protected":false},"author":2,"featured_media":49946,"comment_status":"","ping_status":"","sticky":false,"template":"","format":"standard","meta":{"footnotes":""},"categories":[5],"tags":[23,28,29,32,33,22,30,31,35,39,38,36,37,34,40,20,6167,26,27,24,25,900,138,21],"class_list":{"0":"post-50099","1":"post","2":"type-post","3":"status-publish","4":"format-standard","5":"has-post-thumbnail","7":"category-aktualitates","8":"tag-aktualitates","9":"tag-breaking-news","10":"tag-breakingnews","11":"tag-featured-news","12":"tag-featurednews","13":"tag-headlines","14":"tag-latest-news","15":"tag-latestnews","16":"tag-latvia","17":"tag-latvian","18":"tag-latviesu","19":"tag-latviesu-valoda","20":"tag-latviesuvaloda","21":"tag-latvija","22":"tag-lv","23":"tag-news","24":"tag-pedofils","25":"tag-popularakas-zinas","26":"tag-popularakaszinas","27":"tag-top-stories","28":"tag-topstories","29":"tag-tvnet-cilvekstasti","30":"tag-valsts-policija","31":"tag-zinas"},"share_on_mastodon":{"url":"https:\/\/pubeurope.com\/@lv\/115554598522745289","error":""},"_links":{"self":[{"href":"https:\/\/www.europesays.com\/lv\/wp-json\/wp\/v2\/posts\/50099","targetHints":{"allow":["GET"]}}],"collection":[{"href":"https:\/\/www.europesays.com\/lv\/wp-json\/wp\/v2\/posts"}],"about":[{"href":"https:\/\/www.europesays.com\/lv\/wp-json\/wp\/v2\/types\/post"}],"author":[{"embeddable":true,"href":"https:\/\/www.europesays.com\/lv\/wp-json\/wp\/v2\/users\/2"}],"replies":[{"embeddable":true,"href":"https:\/\/www.europesays.com\/lv\/wp-json\/wp\/v2\/comments?post=50099"}],"version-history":[{"count":0,"href":"https:\/\/www.europesays.com\/lv\/wp-json\/wp\/v2\/posts\/50099\/revisions"}],"wp:featuredmedia":[{"embeddable":true,"href":"https:\/\/www.europesays.com\/lv\/wp-json\/wp\/v2\/media\/49946"}],"wp:attachment":[{"href":"https:\/\/www.europesays.com\/lv\/wp-json\/wp\/v2\/media?parent=50099"}],"wp:term":[{"taxonomy":"category","embeddable":true,"href":"https:\/\/www.europesays.com\/lv\/wp-json\/wp\/v2\/categories?post=50099"},{"taxonomy":"post_tag","embeddable":true,"href":"https:\/\/www.europesays.com\/lv\/wp-json\/wp\/v2\/tags?post=50099"}],"curies":[{"name":"wp","href":"https:\/\/api.w.org\/{rel}","templated":true}]}}