{"id":50108,"date":"2025-11-15T16:24:18","date_gmt":"2025-11-15T16:24:18","guid":{"rendered":"https:\/\/www.europesays.com\/lv\/50108\/"},"modified":"2025-11-15T16:24:18","modified_gmt":"2025-11-15T16:24:18","slug":"baltijas-valstis-vienojas-par-ciesaku-sadarbibu-aizsardziba-un-atbalstu-ukrainai","status":"publish","type":"post","link":"https:\/\/www.europesays.com\/lv\/50108\/","title":{"rendered":"Baltijas valstis vienojas par cie\u0161\u0101ku sadarb\u012bbu aizsardz\u012bb\u0101 un atbalstu Ukrainai"},"content":{"rendered":"<p>\u0100rlietu ministre Bra\u017ee sav\u0101 uzrun\u0101 uzsv\u0113ra Baltijas valstu noz\u012bmi NATO un Eiropas Savien\u012bbas (ES) dro\u0161\u012bbas politik\u0101, \u012bpa\u0161i sankciju pret Krieviju ievie\u0161an\u0101 un atbalst\u0101 Ukrainas pa\u0161aizsardz\u012bbai. Vi\u0146a nor\u0101d\u012bja, ka <a href=\"https:\/\/www.tvnet.lv\/term\/648261\/baltijas-valstis\" class=\"topicLink\" target=\"_blank\" rel=\"nofollow noopener\">Baltijas valstis<\/a> sarg\u0101 ES un NATO \u0101r\u0113jo robe\u017eu un aicin\u0101ja uz liel\u0101ku Eiropas solidarit\u0101ti, tostarp papildu finans\u0113jumu un kl\u0101tb\u016btni re\u0123ion\u0101. Bra\u017ee ar\u012b izc\u0113la cie\u0161\u0101s kult\u016bras un akad\u0113misk\u0101s saiknes starp Baltijas valst\u012bm un atbalstu kop\u012bg\u0101m valodu un tulko\u0161anas iniciat\u012bv\u0101m.<\/p>\n<p>Igaunijas \u0101rlietu ministrs Marguss Cahkna atzin\u012bgi v\u0113rt\u0113ja \u0161\u0101 gada Latvijas prezident\u016bru un uzsv\u0113ra, ka Baltijas valstis darbojas ne tikai re\u0123ion\u0101l\u0101s sadarb\u012bbas ietvaros, bet ar\u012b pla\u0161\u0101k Eiropas dro\u0161\u012bbas stiprin\u0101\u0161an\u0101. Vi\u0146\u0161 nor\u0101d\u012bja uz vajadz\u012bbu att\u012bst\u012bt kop\u012bgus aizsardz\u012bbas iepirkumus, dronu sp\u0113jas un savienojam\u012bbas projektus, k\u0101 ar\u012b turpin\u0101t cie\u0161u sadarb\u012bbu ar ASV un citiem transatlantiskajiem partneriem.<\/p>\n<p>Lietuvas \u0101rlietu ministrs \u0136\u0113stutis Budris uzsv\u0113ra Baltijas valstu lomu ener\u0123\u0113tisk\u0101s neatkar\u012bbas un re\u0123ion\u0101l\u0101s notur\u012bbas stiprin\u0101\u0161an\u0101, atg\u0101dinot par valstu sinhroniz\u0101ciju ar Eiropas energosist\u0113mu un atteik\u0161anos no Krievijas energoresursu importa. Vi\u0146\u0161 aicin\u0101ja ES vienoties par hibr\u012bdapdraud\u0113jumu sankciju re\u017e\u012bmu pret Baltkrieviju.<\/p>\n<p>Baltijas Asambleja ir Latvijas, Igaunijas un Lietuvas parlamentu sadarb\u012bbas instit\u016bcija, kas izveidota 1991. gada 8. novembr\u012b. Asamblej\u0101 katru Baltijas valstu parlamentu p\u0101rst\u0101v 12 l\u012bdz 16 deput\u0101ti. Asambleja ir koordin\u0113jo\u0161a un konsultat\u012bva instit\u016bcija.<\/p>\n<p>T\u0101 ir ties\u012bga nacion\u0101lajiem parlamentiem, vald\u012bb\u0101m un Baltijas Ministru padomei izteikt savu viedokli rezol\u016bciju, l\u0113mumu, deklar\u0101ciju un ieteikumu form\u0101 un piepras\u012bt atbildes par to, k\u0101 risin\u0101ti Asamblejas dienask\u0101rt\u012bbas aktu\u0101lie p\u0101rrobe\u017eu jaut\u0101jumi.<\/p>\n","protected":false},"excerpt":{"rendered":"\u0100rlietu ministre Bra\u017ee sav\u0101 uzrun\u0101 uzsv\u0113ra Baltijas valstu noz\u012bmi NATO un Eiropas Savien\u012bbas (ES) dro\u0161\u012bbas politik\u0101, \u012bpa\u0161i sankciju&hellip;\n","protected":false},"author":2,"featured_media":50109,"comment_status":"","ping_status":"","sticky":false,"template":"","format":"standard","meta":{"footnotes":""},"categories":[5],"tags":[23,7134,722,28,29,32,33,22,30,31,35,39,38,36,37,34,40,20,26,27,24,25,276,21],"class_list":{"0":"post-50108","1":"post","2":"type-post","3":"status-publish","4":"format-standard","5":"has-post-thumbnail","7":"category-aktualitates","8":"tag-aktualitates","9":"tag-atbalsts","10":"tag-baltijas-valstis","11":"tag-breaking-news","12":"tag-breakingnews","13":"tag-featured-news","14":"tag-featurednews","15":"tag-headlines","16":"tag-latest-news","17":"tag-latestnews","18":"tag-latvia","19":"tag-latvian","20":"tag-latviesu","21":"tag-latviesu-valoda","22":"tag-latviesuvaloda","23":"tag-latvija","24":"tag-lv","25":"tag-news","26":"tag-popularakas-zinas","27":"tag-popularakaszinas","28":"tag-top-stories","29":"tag-topstories","30":"tag-ukraina","31":"tag-zinas"},"share_on_mastodon":{"url":"https:\/\/pubeurope.com\/@lv\/115554645673715348","error":""},"_links":{"self":[{"href":"https:\/\/www.europesays.com\/lv\/wp-json\/wp\/v2\/posts\/50108","targetHints":{"allow":["GET"]}}],"collection":[{"href":"https:\/\/www.europesays.com\/lv\/wp-json\/wp\/v2\/posts"}],"about":[{"href":"https:\/\/www.europesays.com\/lv\/wp-json\/wp\/v2\/types\/post"}],"author":[{"embeddable":true,"href":"https:\/\/www.europesays.com\/lv\/wp-json\/wp\/v2\/users\/2"}],"replies":[{"embeddable":true,"href":"https:\/\/www.europesays.com\/lv\/wp-json\/wp\/v2\/comments?post=50108"}],"version-history":[{"count":0,"href":"https:\/\/www.europesays.com\/lv\/wp-json\/wp\/v2\/posts\/50108\/revisions"}],"wp:featuredmedia":[{"embeddable":true,"href":"https:\/\/www.europesays.com\/lv\/wp-json\/wp\/v2\/media\/50109"}],"wp:attachment":[{"href":"https:\/\/www.europesays.com\/lv\/wp-json\/wp\/v2\/media?parent=50108"}],"wp:term":[{"taxonomy":"category","embeddable":true,"href":"https:\/\/www.europesays.com\/lv\/wp-json\/wp\/v2\/categories?post=50108"},{"taxonomy":"post_tag","embeddable":true,"href":"https:\/\/www.europesays.com\/lv\/wp-json\/wp\/v2\/tags?post=50108"}],"curies":[{"name":"wp","href":"https:\/\/api.w.org\/{rel}","templated":true}]}}