{"id":50111,"date":"2025-11-15T16:30:21","date_gmt":"2025-11-15T16:30:21","guid":{"rendered":"https:\/\/www.europesays.com\/lv\/50111\/"},"modified":"2025-11-15T16:30:21","modified_gmt":"2025-11-15T16:30:21","slug":"guntars-kirsis-pamet-latvijas-koncerti-valdes-locekla-amatu-vienosanas-cela-lente-lv","status":"publish","type":"post","link":"https:\/\/www.europesays.com\/lv\/50111\/","title":{"rendered":"Guntars \u0136irsis pamet &#8220;Latvijas Koncerti&#8221; valdes locek\u013ca amatu vieno\u0161an\u0101s ce\u013c\u0101\u00a0\u2014\u00a0Lente.lv"},"content":{"rendered":"<p>Guntars \u0136irsis atst\u0101j amatu VSIA &#8220;Latvijas Koncerti&#8221;<\/p>\n<p>Guntars \u0136irsis, kur\u0161 ilgu laiku ie\u0146\u0113ma valdes locek\u013ca amatu VSIA &#8220;Latvijas Koncerti&#8221;, ir nol\u0113mis atst\u0101t savu amatu vienojoties ar Kult\u016bras ministriju. \u0160is l\u0113mums st\u0101sies sp\u0113k\u0101 no 24. novembra. Zi\u0146a par \u0136ir\u0161a aizie\u0161anu tika publiskota piektdien, 2025. gada 14. novembr\u012b. Kult\u016bras ministrijas Sabiedrisko attiec\u012bbu noda\u013cas vad\u012bt\u0101ja Lita Kokale apstiprin\u0101ja, ka ministrija un \u0136irsis ir pan\u0101ku\u0161i abpus\u0113ju vieno\u0161anos par darba attiec\u012bbu p\u0101rtrauk\u0161anu. P\u0113c publiskot\u0101s inform\u0101cijas, \u0136ir\u0161a iesniegums par darba attiec\u012bbu p\u0101rtrauk\u0161anu tika sa\u0146emts Kult\u016bras ministrij\u0101, kas sasauca &#8220;Latvijas koncertu&#8221; dal\u012bbnieku sapulci, kur\u0101 tika pie\u0146emts min\u0113tais l\u0113mums.<\/p>\n<p>Iemesli un priek\u0161v\u0113sture<\/p>\n<p>Lai gan ofici\u0101lais iemesls \u0136ir\u0161a aizie\u0161anai ir pan\u0101kta vieno\u0161an\u0101s, publiskaj\u0101 telp\u0101 par\u0101d\u012bju\u0161\u0101s zi\u0146as par iesp\u0113jam\u0101m &#8220;kr\u0101pniecisk\u0101m darb\u012bb\u0101m&#8221; publiskajos iepirkumos, kas saist\u012btas ar &#8220;Latvijas Koncertiem&#8221;. Anon\u012bma v\u0113stule, kas tika nos\u016bt\u012bta Kult\u016bras ministrijai, nor\u0101d\u012bja uz iesp\u0113jamiem nopietniem p\u0101rk\u0101pumiem, un Kult\u016bras ministrija \u0161o inform\u0101ciju nodeva izv\u0113rt\u0113\u0161anai Korupcijas nov\u0113r\u0161anas un apkaro\u0161anas birojam (KNAB) un Iepirkumu uzraudz\u012bbas birojam (IUB). T\u0101pat no \u0136ir\u0161a tika piepras\u012bts paskaidrojums par sadarb\u012bbu ar anon\u012bmaj\u0101 iesniegum\u0101 min\u0113tajiem uz\u0146\u0113mumiem.<\/p>\n<p>Guntara \u0136ir\u0161a karjera kult\u016bras jom\u0101<\/p>\n<p>Guntars \u0136irsis ir pla\u0161i paz\u012bstams k\u0101 diri\u0123ents, festiv\u0101lu producents un kult\u016bras organiz\u0101ciju vad\u012bt\u0101js ar iev\u0113rojamu pieredzi. Pirms darba &#8220;Latvijas Koncertos&#8221;, kur vi\u0146\u0161 str\u0101d\u0101ja kop\u0161 2005. gada un vi\u0146a pilnvaru termi\u0146\u0161 bija l\u012bdz 2027. gadam, \u0136irsis vad\u012bjis Dzintaru koncertz\u0101li (no 2014. gada). Vi\u0146\u0161 bijis ar\u012b Latvijas Radio kora direktors laika posm\u0101 no 1993. l\u012bdz 2005. gadam. Vi\u0146a karjera ir dzi\u013ci saist\u012bta ar latvie\u0161u dziesmu sv\u0113tku trad\u012bciju; vi\u0146\u0161 ir bijis XXIII Visp\u0101r\u0113jo latvie\u0161u Dziesmusv\u0113tku virsdiri\u0123ents. Guntars \u0136irsis ir ieguvis ar\u012b starptautisku atzin\u012bbu, tostarp Francijas komandora pak\u0101pes ordeni m\u0101ksl\u0101 un literat\u016br\u0101.<\/p>\n","protected":false},"excerpt":{"rendered":"Guntars \u0136irsis atst\u0101j amatu VSIA &#8220;Latvijas Koncerti&#8221; Guntars \u0136irsis, kur\u0161 ilgu laiku ie\u0146\u0113ma valdes locek\u013ca amatu VSIA &#8220;Latvijas&hellip;\n","protected":false},"author":2,"featured_media":50112,"comment_status":"","ping_status":"","sticky":false,"template":"","format":"standard","meta":{"footnotes":""},"categories":[5],"tags":[23,28,29,32,33,12295,22,30,31,35,39,38,36,37,34,40,20,26,27,24,25,21],"class_list":{"0":"post-50111","1":"post","2":"type-post","3":"status-publish","4":"format-standard","5":"has-post-thumbnail","7":"category-aktualitates","8":"tag-aktualitates","9":"tag-breaking-news","10":"tag-breakingnews","11":"tag-featured-news","12":"tag-featurednews","13":"tag-guntars-kirsis","14":"tag-headlines","15":"tag-latest-news","16":"tag-latestnews","17":"tag-latvia","18":"tag-latvian","19":"tag-latviesu","20":"tag-latviesu-valoda","21":"tag-latviesuvaloda","22":"tag-latvija","23":"tag-lv","24":"tag-news","25":"tag-popularakas-zinas","26":"tag-popularakaszinas","27":"tag-top-stories","28":"tag-topstories","29":"tag-zinas"},"share_on_mastodon":{"url":"https:\/\/pubeurope.com\/@lv\/115554669222385365","error":""},"_links":{"self":[{"href":"https:\/\/www.europesays.com\/lv\/wp-json\/wp\/v2\/posts\/50111","targetHints":{"allow":["GET"]}}],"collection":[{"href":"https:\/\/www.europesays.com\/lv\/wp-json\/wp\/v2\/posts"}],"about":[{"href":"https:\/\/www.europesays.com\/lv\/wp-json\/wp\/v2\/types\/post"}],"author":[{"embeddable":true,"href":"https:\/\/www.europesays.com\/lv\/wp-json\/wp\/v2\/users\/2"}],"replies":[{"embeddable":true,"href":"https:\/\/www.europesays.com\/lv\/wp-json\/wp\/v2\/comments?post=50111"}],"version-history":[{"count":0,"href":"https:\/\/www.europesays.com\/lv\/wp-json\/wp\/v2\/posts\/50111\/revisions"}],"wp:featuredmedia":[{"embeddable":true,"href":"https:\/\/www.europesays.com\/lv\/wp-json\/wp\/v2\/media\/50112"}],"wp:attachment":[{"href":"https:\/\/www.europesays.com\/lv\/wp-json\/wp\/v2\/media?parent=50111"}],"wp:term":[{"taxonomy":"category","embeddable":true,"href":"https:\/\/www.europesays.com\/lv\/wp-json\/wp\/v2\/categories?post=50111"},{"taxonomy":"post_tag","embeddable":true,"href":"https:\/\/www.europesays.com\/lv\/wp-json\/wp\/v2\/tags?post=50111"}],"curies":[{"name":"wp","href":"https:\/\/api.w.org\/{rel}","templated":true}]}}