{"id":50113,"date":"2025-11-15T16:33:07","date_gmt":"2025-11-15T16:33:07","guid":{"rendered":"https:\/\/www.europesays.com\/lv\/50113\/"},"modified":"2025-11-15T16:33:07","modified_gmt":"2025-11-15T16:33:07","slug":"latvija-elektribas-izstrade-kritusies-par-27-baltija-pieaugusi-lente-lv","status":"publish","type":"post","link":"https:\/\/www.europesays.com\/lv\/50113\/","title":{"rendered":"Latvij\u0101 elektr\u012bbas izstr\u0101de kritusies par 27%, Baltij\u0101 \u2013 pieaugusi\u00a0\u2014\u00a0Lente.lv"},"content":{"rendered":"<p>\u00abLatvenergo\u00bb: Latvij\u0101 elektr\u012bbas izstr\u0101de bija par 27% zem\u0101ka<\/p>\n<p>Pag\u0101ju\u0161aj\u0101 ned\u0113\u013c\u0101 Latvij\u0101 elektroener\u0123ijas izstr\u0101des apjoms piedz\u012bvojis iev\u0113rojamu kritumu, samazinoties par 27% sal\u012bdzin\u0101jum\u0101 ar iepriek\u0161\u0113jo ned\u0113\u013cu. Kopum\u0101 Latvij\u0101 tika sara\u017eotas 64 GWh elektroener\u0123ijas, kas veidoja 53% no valsts pat\u0113ri\u0146a. \u0160is kritums ir pretrun\u0101 ar kop\u0113jo Baltijas valstu tendenci, kur elektroener\u0123ijas izstr\u0101de pieauga par 11%, kopum\u0101 sara\u017eojot 315 GWh. Tai pat laik\u0101 Lietuv\u0101 elektroener\u0123ijas ra\u017eo\u0161ana palielin\u0101j\u0101s par 25%, sasniedzot 166 GWh, bet Igaunij\u0101 \u2013 par 37%, sara\u017eojot 84 GWh.<\/p>\n<p>Cenu sv\u0101rst\u012bbas un to c\u0113lo\u0146i<\/p>\n<p>Elektroener\u0123ijas vairumtirdzniec\u012bbas cenas Zieme\u013cvalstu re\u0123ion\u0101 ned\u0113\u013cas nogal\u0113 piedz\u012bvoja nelielu pieaugumu, sasniedzot 45,55 EUR\/MWh, kas ir par 4% vair\u0101k nek\u0101 iepriek\u0161\u0113j\u0101 ned\u0113\u013c\u0101. Savuk\u0101rt Baltijas valst\u012bs cenas krit\u0101s \u2013 Latvij\u0101 un Lietuv\u0101 t\u0101s samazin\u0101j\u0101s par 11%, nosl\u012bdoties l\u012bdz 93,91 EUR\/MWh. Igaunij\u0101 cenas kritums bija v\u0113l izteikt\u0101ks, sasniedzot 93,44 EUR\/MWh jeb par 12% maz\u0101k nek\u0101 iepriek\u0161\u0113j\u0101 ned\u0113\u013c\u0101. Galvenais faktors, kas veicin\u0101ja zem\u0101kas cenas Baltijas re\u0123ion\u0101, bija augst\u0101ka v\u0113ja izstr\u0101de. \u0160is fakts ir k\u0101 elpo\u0161anas vingrin\u0101jums p\u0113c spriedzes, jo liecina par dabas resursu potenci\u0101lu.<\/p>\n<p>Zieme\u013cvalst\u012bs atomelektrostaciju pieejam\u012bba samazin\u0101j\u0101s par 11%, sasniedzot 55% pieejam\u012bbas, kas rad\u012bja spiedienu uz cen\u0101m \u0161aj\u0101s zon\u0101s. Toties vis\u0101 re\u0123ion\u0101 v\u0113ja staciju izstr\u0101de kopum\u0101 pieauga par 26%, lai gan saules staciju izstr\u0101de piedz\u012bvoja kritumu par 16%. Tas par\u0101da, ka m\u016bsu ener\u0123\u0113tikas n\u0101kotne ir sp\u0113\u013cu laukums starp da\u017e\u0101diem atjaunojamajiem energoresursiem.<\/p>\n<p>Igaunijas-Somijas starpsavienojuma izmai\u0146as un Polijas tirgus<\/p>\n<p>No 1. l\u012bdz 24. septembrim Igaunijas-Somijas starpsavienojuma jauda tika samazin\u0101ta no 1016 MW uz 658 MW. Tas ir k\u0101 mezgls, kas var ierobe\u017eot pl\u016bsmu un rad\u012bt izmai\u0146as tirg\u016b. Taj\u0101 pa\u0161\u0101 laik\u0101 Polijas elektroener\u0123ijas cena ned\u0113\u013cas laik\u0101 pieauga par 8%, sasniedzot 121,62 EUR\/MWh. \u0160\u012b situ\u0101cija atspogu\u013co pla\u0161\u0101ku Eiropas ener\u0123\u0113tikas tirgus sare\u017e\u0123\u012bt\u012bbu un savstarp\u0113jo ietekmi.<\/p>\n<p>Ener\u0123ijas pat\u0113ri\u0146\u0161 un ra\u017eo\u0161anas bilance<\/p>\n<p>Kopum\u0101 \u201cNord Pool\u201d re\u0123ion\u0101 elektroener\u0123ijas pat\u0113ri\u0146\u0161 sasniedza 6 831 GWh, bet ra\u017eo\u0161anas apjomi \u2013 7 289 GWh. Baltij\u0101 kop\u0113jais elektroener\u0123ijas pat\u0113ri\u0146\u0161 samazin\u0101j\u0101s par 2%, sasniedzot 462 GWh. Latvij\u0101 pat\u0113ri\u0146\u0161 palika nemain\u012bgs \u2013 121 GWh. Savuk\u0101rt Igaunij\u0101 pat\u0113ri\u0146\u0161 krit\u0101s par 9% l\u012bdz 131 GWh, bet Lietuv\u0101 tas pieauga par 2%, sasniedzot 210 GWh. \u0160ie skait\u013ci par\u0101da, cik \u013coti m\u016bsu ikdienas dz\u012bve ir atkar\u012bga no nep\u0101rtrauktas ener\u0123ijas pieg\u0101des.<\/p>\n<p>Izstr\u0101des apjoms pret pat\u0113ri\u0146u Latvij\u0101 bija 53%, Igaunij\u0101 \u2013 64%, bet Lietuv\u0101 \u2013 79%. Kopum\u0101 Baltijas valst\u012bs tika sara\u017eoti 68% no re\u0123ion\u0101 pat\u0113r\u0113t\u0101 elektroener\u0123ijas apjoma. \u0160is r\u0101d\u012bt\u0101js ir k\u0101 spogulis, kas atspogu\u013co m\u016bsu sp\u0113ju nodro\u0161in\u0101t sevi ar ener\u0123iju.<\/p>\n<p>Ietekme uz gala pat\u0113r\u0113t\u0101jiem<\/p>\n<p>J\u0101atceras, ka \u201cNord Pool\u201d bir\u017eas cenu sv\u0101rst\u012bbas tie\u0161\u0101 veid\u0101 ietekm\u0113 tikai tos klientus, kuri ar savu elektr\u012bbas tirgot\u0101ju nosl\u0113gu\u0161i main\u012bg\u0101s cenas l\u012bgumu. Tiem, kuriem ir fiks\u0113tas cenas l\u012bgums, \u0161\u012bs sv\u0101rst\u012bbas neietekm\u0113 ikm\u0113ne\u0161a maks\u0101jumus, saglab\u0101jot prognoz\u0113jam\u012bbu un mieru.<\/p>\n","protected":false},"excerpt":{"rendered":"\u00abLatvenergo\u00bb: Latvij\u0101 elektr\u012bbas izstr\u0101de bija par 27% zem\u0101ka Pag\u0101ju\u0161aj\u0101 ned\u0113\u013c\u0101 Latvij\u0101 elektroener\u0123ijas izstr\u0101des apjoms piedz\u012bvojis iev\u0113rojamu kritumu, samazinoties&hellip;\n","protected":false},"author":2,"featured_media":50114,"comment_status":"","ping_status":"","sticky":false,"template":"","format":"standard","meta":{"footnotes":""},"categories":[16],"tags":[722,77,76,13702,13703,3075,35,39,38,36,37,34,40],"class_list":{"0":"post-50113","1":"post","2":"type-post","3":"status-publish","4":"format-standard","5":"has-post-thumbnail","7":"category-bizness","8":"tag-baltijas-valstis","9":"tag-bizness","10":"tag-business","11":"tag-elektroenergijas-izstrade","12":"tag-energijas-cenas","13":"tag-latvenergo","14":"tag-latvia","15":"tag-latvian","16":"tag-latviesu","17":"tag-latviesu-valoda","18":"tag-latviesuvaloda","19":"tag-latvija","20":"tag-lv"},"share_on_mastodon":{"url":"https:\/\/pubeurope.com\/@lv\/115554681266922513","error":""},"_links":{"self":[{"href":"https:\/\/www.europesays.com\/lv\/wp-json\/wp\/v2\/posts\/50113","targetHints":{"allow":["GET"]}}],"collection":[{"href":"https:\/\/www.europesays.com\/lv\/wp-json\/wp\/v2\/posts"}],"about":[{"href":"https:\/\/www.europesays.com\/lv\/wp-json\/wp\/v2\/types\/post"}],"author":[{"embeddable":true,"href":"https:\/\/www.europesays.com\/lv\/wp-json\/wp\/v2\/users\/2"}],"replies":[{"embeddable":true,"href":"https:\/\/www.europesays.com\/lv\/wp-json\/wp\/v2\/comments?post=50113"}],"version-history":[{"count":0,"href":"https:\/\/www.europesays.com\/lv\/wp-json\/wp\/v2\/posts\/50113\/revisions"}],"wp:featuredmedia":[{"embeddable":true,"href":"https:\/\/www.europesays.com\/lv\/wp-json\/wp\/v2\/media\/50114"}],"wp:attachment":[{"href":"https:\/\/www.europesays.com\/lv\/wp-json\/wp\/v2\/media?parent=50113"}],"wp:term":[{"taxonomy":"category","embeddable":true,"href":"https:\/\/www.europesays.com\/lv\/wp-json\/wp\/v2\/categories?post=50113"},{"taxonomy":"post_tag","embeddable":true,"href":"https:\/\/www.europesays.com\/lv\/wp-json\/wp\/v2\/tags?post=50113"}],"curies":[{"name":"wp","href":"https:\/\/api.w.org\/{rel}","templated":true}]}}