{"id":50117,"date":"2025-11-15T16:36:08","date_gmt":"2025-11-15T16:36:08","guid":{"rendered":"https:\/\/www.europesays.com\/lv\/50117\/"},"modified":"2025-11-15T16:36:08","modified_gmt":"2025-11-15T16:36:08","slug":"lauris-reiniks-un-ralfs-eilands-radijusi-dod-pieci-himnu-labos-darbos-kraj-lente-lv","status":"publish","type":"post","link":"https:\/\/www.europesays.com\/lv\/50117\/","title":{"rendered":"Lauris Reiniks un Ralfs Eilands rad\u012bju\u0161i \u201cDod pieci!\u201d himnu \u201cLabos darbos kr\u0101j\u201d\u00a0\u2014\u00a0Lente.lv"},"content":{"rendered":"<p>Jaunums labdar\u012bbas maratonam \u201cDod pieci!\u201d<\/p>\n<p>Latvijas Radio un TV3 labdar\u012bbas maratons \u201cDod pieci!\u201d \u0161ogad ieguvis jaunu, iedvesmojo\u0161u himnu, ko rad\u012bju\u0161i talant\u012bgie Lauris Reiniks un Ralfs Eilands. Dziesma ar nosaukumu \u201cLabos darbus kr\u0101j\u201d jau izpeln\u012bjusies pozit\u012bvas atsauksmes un sola k\u013c\u016bt par gada muzik\u0101lo simbolu labajiem darbiem.<\/p>\n<p>Iedvesmojo\u0161a sadarb\u012bba un v\u0113st\u012bjums<\/p>\n<p>\u0160\u012b rado\u0161\u0101 apvien\u012bba sola ne tikai sp\u0113c\u012bgu muzik\u0101lu baud\u012bjumu, bet ar\u012b dzi\u013cu v\u0113st\u012bjumu. Lauris Reiniks, kur\u0161 paz\u012bstams ar sav\u0101m pozit\u012bvaj\u0101m un ener\u0123iskaj\u0101m dziesm\u0101m, kop\u0101 ar Ralfa Eilanda unik\u0101lo skan\u0113jumu ir rad\u012bju\u0161i kompoz\u012bciju, kas aicina sabiedr\u012bbu apvienoties un dar\u012bt labus darbus. Dziesmas ideja ir vienk\u0101r\u0161a, bet \u013coti sp\u0113c\u012bga \u2013 uzsv\u0113rt to, cik svar\u012bgi ir kr\u0101t nevis materi\u0101l\u0101s v\u0113rt\u012bbas, bet gan pozit\u012bvas emocijas un pal\u012bdz\u0113t citiem. Tas ir aicin\u0101jums piepild\u012bt dz\u012bvi ar j\u0113gu un ieguld\u012bjumu sabiedr\u012bbas att\u012bst\u012bb\u0101.<\/p>\n<p>\u201cDod pieci!\u201d \u2013 trad\u012bcija, kas vieno sirdis<\/p>\n<p>Labdar\u012bbas maratons \u201cDod pieci!\u201d jau gadiem ir k\u013cuvis par noz\u012bm\u012bgu notikumu Latvijas ikgad\u0113j\u0101 kalend\u0101r\u0101, pulc\u0113jot cilv\u0113kus kop\u012bgam m\u0113r\u0137im \u2013 pal\u012bdz\u0113t tiem, kam tas visvair\u0101k nepiecie\u0161ams. Katru gadu tiek izvirz\u012bta k\u0101da aktu\u0101la soci\u0101la probl\u0113ma, un \u0161ogad uzman\u012bba tiek piev\u0113rsta vientu\u013cajiem senioriem. Vi\u0146u atbalstam tiek aicin\u0101ts ziedot, lai nodro\u0161in\u0101tu vi\u0146iem gan praktisku pal\u012bdz\u012bbu, gan emocion\u0101lu atbalstu. Dziesma \u201cLabos darbos kr\u0101j\u201d kalpos k\u0101 muzik\u0101ls pavadonis \u0161iem centieniem, stiprinot kop\u012bbas saj\u016btu un iedvesmojot ziedot.<\/p>\n<p>M\u016bzi\u0137u ieguld\u012bjums un cer\u012bbas<\/p>\n<p>Gan Lauris Reiniks, gan Ralfs Eilands ir izteiku\u0161i savu saj\u016bsmu par iesp\u0113ju piedal\u012bties \u0161\u012b gada \u201cDod pieci!\u201d projekt\u0101. Vi\u0146i cer, ka vi\u0146u dziesma sasniegs klaus\u012bt\u0101ju sirdis un mudin\u0101s tos akt\u012bvi iesaist\u012bties labdar\u012bbas akcij\u0101. Reiniks uzsver, ka m\u016bzika sp\u0113j apvienot cilv\u0113kus un iedvesmot uz liel\u0101m liet\u0101m, bet Eilands piebilst, ka katrs mazais darbs ir noz\u012bm\u012bgs, \u012bpa\u0161i, ja tas tiek dar\u012bts ar labu nodomu. Vi\u0146u kopdarbs ir apliecin\u0101jums tam, ka ar\u012b m\u016bzi\u0137i ar savu talantu var sniegt iev\u0113rojamu ieguld\u012bjumu sabiedr\u012bbas lab\u0101.<\/p>\n<p>K\u0101 iesaist\u012bties?<\/p>\n<p>Maratons norisin\u0101sies no 16. l\u012bdz 22. decembrim, un ikviens ir aicin\u0101ts ziedot, klausoties iem\u012b\u013coto dziesmu atska\u0146o\u0161anu un daloties ar saviem st\u0101stiem par labajiem darbiem. Vair\u0101k inform\u0101cijas par to, k\u0101 atbalst\u012bt seniorus un piedal\u012bties \u201cDod pieci!\u201d akcij\u0101, pieejama Latvijas Radio un TV3 ofici\u0101laj\u0101s m\u0101jaslap\u0101s.<\/p>\n","protected":false},"excerpt":{"rendered":"Jaunums labdar\u012bbas maratonam \u201cDod pieci!\u201d Latvijas Radio un TV3 labdar\u012bbas maratons \u201cDod pieci!\u201d \u0161ogad ieguvis jaunu, iedvesmojo\u0161u himnu,&hellip;\n","protected":false},"author":2,"featured_media":50118,"comment_status":"","ping_status":"","sticky":false,"template":"","format":"standard","meta":{"footnotes":""},"categories":[5],"tags":[13220,23,28,29,32,33,22,13704,13705,30,31,35,39,38,36,37,34,12443,40,20,26,27,9945,24,25,21],"class_list":{"0":"post-50117","1":"post","2":"type-post","3":"status-publish","4":"format-standard","5":"has-post-thumbnail","7":"category-aktualitates","8":"tag-dod-pieci","9":"tag-aktualitates","10":"tag-breaking-news","11":"tag-breakingnews","12":"tag-featured-news","13":"tag-featurednews","14":"tag-headlines","15":"tag-labdaribas-maratons","16":"tag-labie-darbi","17":"tag-latest-news","18":"tag-latestnews","19":"tag-latvia","20":"tag-latvian","21":"tag-latviesu","22":"tag-latviesu-valoda","23":"tag-latviesuvaloda","24":"tag-latvija","25":"tag-lauris-reiniks","26":"tag-lv","27":"tag-news","28":"tag-popularakas-zinas","29":"tag-popularakaszinas","30":"tag-ralfs-eilands","31":"tag-top-stories","32":"tag-topstories","33":"tag-zinas"},"share_on_mastodon":{"url":"https:\/\/pubeurope.com\/@lv\/115554692817810373","error":""},"_links":{"self":[{"href":"https:\/\/www.europesays.com\/lv\/wp-json\/wp\/v2\/posts\/50117","targetHints":{"allow":["GET"]}}],"collection":[{"href":"https:\/\/www.europesays.com\/lv\/wp-json\/wp\/v2\/posts"}],"about":[{"href":"https:\/\/www.europesays.com\/lv\/wp-json\/wp\/v2\/types\/post"}],"author":[{"embeddable":true,"href":"https:\/\/www.europesays.com\/lv\/wp-json\/wp\/v2\/users\/2"}],"replies":[{"embeddable":true,"href":"https:\/\/www.europesays.com\/lv\/wp-json\/wp\/v2\/comments?post=50117"}],"version-history":[{"count":0,"href":"https:\/\/www.europesays.com\/lv\/wp-json\/wp\/v2\/posts\/50117\/revisions"}],"wp:featuredmedia":[{"embeddable":true,"href":"https:\/\/www.europesays.com\/lv\/wp-json\/wp\/v2\/media\/50118"}],"wp:attachment":[{"href":"https:\/\/www.europesays.com\/lv\/wp-json\/wp\/v2\/media?parent=50117"}],"wp:term":[{"taxonomy":"category","embeddable":true,"href":"https:\/\/www.europesays.com\/lv\/wp-json\/wp\/v2\/categories?post=50117"},{"taxonomy":"post_tag","embeddable":true,"href":"https:\/\/www.europesays.com\/lv\/wp-json\/wp\/v2\/tags?post=50117"}],"curies":[{"name":"wp","href":"https:\/\/api.w.org\/{rel}","templated":true}]}}