{"id":50119,"date":"2025-11-15T16:40:20","date_gmt":"2025-11-15T16:40:20","guid":{"rendered":"https:\/\/www.europesays.com\/lv\/50119\/"},"modified":"2025-11-15T16:40:20","modified_gmt":"2025-11-15T16:40:20","slug":"marsa-izpetes-misija-palaista-blue-origin-rakete","status":"publish","type":"post","link":"https:\/\/www.europesays.com\/lv\/50119\/","title":{"rendered":"Marsa izp\u0113tes misij\u0101 palaista &#8220;Blue Origin&#8221; ra\u0137ete"},"content":{"rendered":"<p>Turkl\u0101t ra\u0137etes atk\u0101rtoti izmantojamais pirmais posms veiksm\u012bgi atgriez\u0101s uz Zemes.<\/p>\n<p>98 metrus gar\u0101 <a href=\"https:\/\/www.apollo.lv\/term\/563925\/rakete\" class=\"topicLink\" target=\"_blank\" rel=\"nofollow noopener\">ra\u0137ete<\/a>, kas nosaukta par godu <a href=\"https:\/\/www.apollo.lv\/term\/555410\/asv\" class=\"topicLink\" target=\"_blank\" rel=\"nofollow noopener\">ASV<\/a> pirmajam astronautam Zemes orb\u012bt\u0101 D\u017eonam Glenam, tika palaista no Kanaveralas zemesraga Floridas \u0161tat\u0101, liecina &#8220;Blue Origin&#8221; public\u0113tie att\u0113li.<\/p>\n<p>Palai\u0161ana iepriek\u0161 divas reizes tika atlikta sliktu laikapst\u0101k\u013cu un ba\u017eu par sp\u0113c\u012bgas magn\u0113tisk\u0101s v\u0113tras iesp\u0113jamo ietekmi d\u0113\u013c.<\/p>\n<p>ASV Nacion\u0101l\u0101 Aeronautikas un kosmosa p\u0101rvalde (NASA) pazi\u0146oja, ka dubultais kosmosa ku\u0123is &#8220;Escapade&#8221; Zemes tuvuma orb\u012bt\u0101 paliks apm\u0113ram gadu un ap 2026. gada novembri dosies uz Marsu. Sarkano plan\u0113tu orbit\u0101lie apar\u0101ti var\u0113tu sasniegt 2027. gada septembr\u012b un zin\u0101tnisko misiju tur var\u0113tu s\u0101kt 2028. gad\u0101.<\/p>\n<p>Ar \u0161o misiju NASA cita starp\u0101 pl\u0101no p\u0113t\u012bt Marsa atmosf\u0113ru.<\/p>\n<p>Divu posmu ra\u0137ete &#8220;New Glenn&#8221; tika izstr\u0101d\u0101ta vair\u0101k nek\u0101 desmit gadu. Posmi atrodas viens uz otra un tiek pak\u0101peniski iedarbin\u0101ti, ra\u0137etei lidojot caur Zemes atmosf\u0113ru.<\/p>\n<p>Paredz\u0113ts, ka p\u0113c posmu sadal\u012b\u0161an\u0101s pirm\u0101 &#8220;New Glenn&#8221; da\u013ca atgrie\u017eas uz Zemes un taisni piezem\u0113jas, lai to var\u0113tu atk\u0101rtoti izmantot vismaz 25 lidojumos.<\/p>\n<p>&#8220;New Glenn&#8221; pirmo reizi palaist tika pl\u0101nots 2020. gad\u0101, ta\u010du to vair\u0101kas reizes atlika. Lidojums beidzot notika \u0161ogad janv\u0101r\u012b. Lai gan ra\u0137ete veiksm\u012bgi sasniedza orb\u012btu, t\u0101s pirm\u0101 posma atgrie\u0161an\u0101s nebija veiksm\u012bga.<\/p>\n<p>&#8220;Blue Origin&#8221; v\u0113las konkur\u0113t ar \u012alona Maska &#8220;SpaceX&#8221;, kuras ra\u0137etes ir izstr\u0101d\u0101tas da\u013c\u0113jai vai piln\u012bgai atk\u0101rtotai izmanto\u0161anai, kas b\u016btiski samazina ra\u0137e\u0161u palai\u0161anas izmaksas un sara\u017eotos atkritumus.<\/p>\n","protected":false},"excerpt":{"rendered":"Turkl\u0101t ra\u0137etes atk\u0101rtoti izmantojamais pirmais posms veiksm\u012bgi atgriez\u0101s uz Zemes. 98 metrus gar\u0101 ra\u0137ete, kas nosaukta par godu&hellip;\n","protected":false},"author":2,"featured_media":50120,"comment_status":"","ping_status":"","sticky":false,"template":"","format":"standard","meta":{"footnotes":""},"categories":[14],"tags":[23,57,292,28,29,32,33,22,30,31,35,39,38,36,37,34,40,13706,20,26,27,13707,24,25,54,55,56,21,58],"class_list":{"0":"post-50119","1":"post","2":"type-post","3":"status-publish","4":"format-standard","5":"has-post-thumbnail","7":"category-zinas-no-arvalstim","8":"tag-aktualitates","9":"tag-arvalstim","10":"tag-asv","11":"tag-breaking-news","12":"tag-breakingnews","13":"tag-featured-news","14":"tag-featurednews","15":"tag-headlines","16":"tag-latest-news","17":"tag-latestnews","18":"tag-latvia","19":"tag-latvian","20":"tag-latviesu","21":"tag-latviesu-valoda","22":"tag-latviesuvaloda","23":"tag-latvija","24":"tag-lv","25":"tag-marss","26":"tag-news","27":"tag-popularakas-zinas","28":"tag-popularakaszinas","29":"tag-rakete","30":"tag-top-stories","31":"tag-topstories","32":"tag-world","33":"tag-world-news","34":"tag-worldnews","35":"tag-zinas","36":"tag-zinas-no-arvalstim"},"share_on_mastodon":{"url":"https:\/\/pubeurope.com\/@lv\/115554708600519026","error":""},"_links":{"self":[{"href":"https:\/\/www.europesays.com\/lv\/wp-json\/wp\/v2\/posts\/50119","targetHints":{"allow":["GET"]}}],"collection":[{"href":"https:\/\/www.europesays.com\/lv\/wp-json\/wp\/v2\/posts"}],"about":[{"href":"https:\/\/www.europesays.com\/lv\/wp-json\/wp\/v2\/types\/post"}],"author":[{"embeddable":true,"href":"https:\/\/www.europesays.com\/lv\/wp-json\/wp\/v2\/users\/2"}],"replies":[{"embeddable":true,"href":"https:\/\/www.europesays.com\/lv\/wp-json\/wp\/v2\/comments?post=50119"}],"version-history":[{"count":0,"href":"https:\/\/www.europesays.com\/lv\/wp-json\/wp\/v2\/posts\/50119\/revisions"}],"wp:featuredmedia":[{"embeddable":true,"href":"https:\/\/www.europesays.com\/lv\/wp-json\/wp\/v2\/media\/50120"}],"wp:attachment":[{"href":"https:\/\/www.europesays.com\/lv\/wp-json\/wp\/v2\/media?parent=50119"}],"wp:term":[{"taxonomy":"category","embeddable":true,"href":"https:\/\/www.europesays.com\/lv\/wp-json\/wp\/v2\/categories?post=50119"},{"taxonomy":"post_tag","embeddable":true,"href":"https:\/\/www.europesays.com\/lv\/wp-json\/wp\/v2\/tags?post=50119"}],"curies":[{"name":"wp","href":"https:\/\/api.w.org\/{rel}","templated":true}]}}