{"id":50139,"date":"2025-11-15T17:38:08","date_gmt":"2025-11-15T17:38:08","guid":{"rendered":"https:\/\/www.europesays.com\/lv\/50139\/"},"modified":"2025-11-15T17:38:08","modified_gmt":"2025-11-15T17:38:08","slug":"pelicans-atbrivo-grinu-no-galvena-trenera-amata","status":"publish","type":"post","link":"https:\/\/www.europesays.com\/lv\/50139\/","title":{"rendered":"&#8220;Pelicans&#8221; atbr\u012bvo Gr\u012bnu no galven\u0101 trenera amata"},"content":{"rendered":"<p>Par pagaidu galveno treneri noz\u012bm\u0113t D\u017eeimss Borrego, kur\u0161 iepriek\u0161 bija Gr\u012bna asistents un savulaik \u010detras sezonas vad\u012bja \u0160arlotas &#8220;Hornets&#8221;, k\u0101 ar\u012b bija pagaidu treneri Orlando &#8220;Magic&#8221;.<\/p>\n<p>&#8220;P\u0113c r\u016bp\u012bgas izv\u0113rt\u0113\u0161anas esam pie\u0146\u0113mu\u0161i gr\u016btu l\u0113mumu main\u012bt galveno treneri,&#8221; komandas pazi\u0146ojum\u0101 nor\u0101d\u012bja &#8220;Pelicans&#8221; viceprezidents basketbola oper\u0101ciju jaut\u0101jumos D\u017eo Dumarss. &#8220;Es \u013coti cienu Gr\u012bnu un esmu pateic\u012bgs par vi\u0146a ieguld\u012bjumu &#8220;Pelicans&#8221; organiz\u0101cij\u0101 un \u0145\u016borle\u0101nas sabiedr\u012bb\u0101.&#8221;<\/p>\n<p>Gr\u012bns k\u013cuva par &#8220;Pelicans&#8221; galveno treneri 2021. gada vasar\u0101. Vi\u0146a vad\u012bb\u0101 \u0145\u016borle\u0101nas vien\u012bba divas reizes iek\u013cuva izsl\u0113g\u0161anas sp\u0113l\u0113s, 2022. gad\u0101 pirmaj\u0101 k\u0101rt\u0101 zaud\u0113jot F\u012bniksas &#8220;Suns&#8221; un 2024. gad\u0101 pirmaj\u0101 k\u0101rt\u0101 atz\u012bstot Oklahomasitijas &#8220;Thunder&#8221; p\u0101r\u0101kumu.<\/p>\n<p>Pirms pievieno\u0161an\u0101s \u0145\u016borle\u0101nas komandas treneru kolekt\u012bvam Gr\u012bns str\u0101d\u0101ja k\u0101 asistents &#8220;Suns&#8221; un Goldensteitas &#8220;Warriors&#8221; komand\u0101s.<\/p>\n<p>&#8220;Pelicans&#8221; sezonu s\u0101ka ar se\u0161iem zaud\u0113jumiem p\u0113c k\u0101rtas un ar bilanci 2-10 ierindojas 15. poz\u012bcij\u0101 Rietumu konferenc\u0113.<\/p>\n","protected":false},"excerpt":{"rendered":"Par pagaidu galveno treneri noz\u012bm\u0113t D\u017eeimss Borrego, kur\u0161 iepriek\u0161 bija Gr\u012bna asistents un savulaik \u010detras sezonas vad\u012bja \u0160arlotas&hellip;\n","protected":false},"author":2,"featured_media":50140,"comment_status":"","ping_status":"","sticky":false,"template":"","format":"standard","meta":{"footnotes":""},"categories":[17],"tags":[35,39,38,36,37,34,40,1258,2529,67,13713],"class_list":{"0":"post-50139","1":"post","2":"type-post","3":"status-publish","4":"format-standard","5":"has-post-thumbnail","7":"category-sports","8":"tag-latvia","9":"tag-latvian","10":"tag-latviesu","11":"tag-latviesu-valoda","12":"tag-latviesuvaloda","13":"tag-latvija","14":"tag-lv","15":"tag-nba","16":"tag-nuorleanas-pelicans","17":"tag-sports","18":"tag-villijs-grins"},"share_on_mastodon":{"url":"https:\/\/pubeurope.com\/@lv\/115554936728576028","error":""},"_links":{"self":[{"href":"https:\/\/www.europesays.com\/lv\/wp-json\/wp\/v2\/posts\/50139","targetHints":{"allow":["GET"]}}],"collection":[{"href":"https:\/\/www.europesays.com\/lv\/wp-json\/wp\/v2\/posts"}],"about":[{"href":"https:\/\/www.europesays.com\/lv\/wp-json\/wp\/v2\/types\/post"}],"author":[{"embeddable":true,"href":"https:\/\/www.europesays.com\/lv\/wp-json\/wp\/v2\/users\/2"}],"replies":[{"embeddable":true,"href":"https:\/\/www.europesays.com\/lv\/wp-json\/wp\/v2\/comments?post=50139"}],"version-history":[{"count":0,"href":"https:\/\/www.europesays.com\/lv\/wp-json\/wp\/v2\/posts\/50139\/revisions"}],"wp:featuredmedia":[{"embeddable":true,"href":"https:\/\/www.europesays.com\/lv\/wp-json\/wp\/v2\/media\/50140"}],"wp:attachment":[{"href":"https:\/\/www.europesays.com\/lv\/wp-json\/wp\/v2\/media?parent=50139"}],"wp:term":[{"taxonomy":"category","embeddable":true,"href":"https:\/\/www.europesays.com\/lv\/wp-json\/wp\/v2\/categories?post=50139"},{"taxonomy":"post_tag","embeddable":true,"href":"https:\/\/www.europesays.com\/lv\/wp-json\/wp\/v2\/tags?post=50139"}],"curies":[{"name":"wp","href":"https:\/\/api.w.org\/{rel}","templated":true}]}}