{"id":50219,"date":"2025-11-15T18:41:08","date_gmt":"2025-11-15T18:41:08","guid":{"rendered":"https:\/\/www.europesays.com\/lv\/50219\/"},"modified":"2025-11-15T18:41:08","modified_gmt":"2025-11-15T18:41:08","slug":"riga-1200-kvadratmetru-platiba-degusi-metala-atkritumu-kaudze-tvnet","status":"publish","type":"post","link":"https:\/\/www.europesays.com\/lv\/50219\/","title":{"rendered":"R\u012bg\u0101 1200 kvadr\u0101tmetru plat\u012bb\u0101 degusi met\u0101la atkritumu kaudze &#8211; TVNET"},"content":{"rendered":"<ol>\n<li><a href=\"https:\/\/news.google.com\/rss\/articles\/CBMilAFBVV95cUxQNlU0VmxpdU9OeDdSa1NvbFVzNlM3Z0ZkUnkzNWR5SVNGNWdNUW9CRW5QWDZjYTlZSERMQUhTNU9UX0FWdEJ2YjBLa205Q1FJZ2NNNE85ZjdZbGR1alY5UWc0WW1HcVU4RUY0OFUwRS1JOVVGTXBENjU4R2VsbnFwZ3phQ2xJcjd6aHpSeTlfcFRIelJ6?oc=5\" target=\"_blank\" rel=\"nofollow noopener\">R\u012bg\u0101 1200 kvadr\u0101tmetru plat\u012bb\u0101 degusi met\u0101la atkritumu kaudze<\/a>&nbsp;&nbsp;TVNET<\/li>\n<li><a href=\"https:\/\/news.google.com\/rss\/articles\/CBMixAFBVV95cUxQU3RFMWo5cEtUczdZQ0JXVE5iTXRPOFVNeERmTlppbm1XZkhScE5FRHFyUEtrYldsMkY5V3R2Q3FNdVdEMTFqMHAyQjFLN1BDLVJjMXNtWVVZNUFPaWdYb2RsX3hYNmt2YlluZ1psVHVhVFk4S3dsMnJOYzlTRC1FX3BOUXcteUdfSHA1V2lXV3hxTk02M1ZCTWlYbEV3dVVtSU5ZTF8xTDdyUmZWWDdBS29XQ0xZRGhnbWFvQ2JxdHNMYjRs?oc=5\" target=\"_blank\" rel=\"nofollow noopener\">Ugunsdz\u0113s\u0113ji R\u012bg\u0101 turpina dz\u0113st aizdegu\u0161os met\u0101la atkritumu kaudzi \/ Raksts<\/a>&nbsp;&nbsp;LSM<\/li>\n<li><a href=\"https:\/\/news.google.com\/rss\/articles\/CBMilAFBVV95cUxNZExIR3JSY0hsZldpQS01MFVPbDlKbGZwQ0pNbXQ0WHIzOENpcXNHYjFlVkxRaThGREw2UGNjd1k2SlpZajFaQ1VCWTV6V0ZGT0pwel9UaUZVcWliVTU0dWoyU3VJa3BMa2xYWUI3T1NhbVpITzI2am1NTlFyRUV2a0J0QjNtNTRsbUpQQlVnbml4QmN6?oc=5\" target=\"_blank\" rel=\"nofollow noopener\">Gran\u012bta iel\u0101 izc\u0113lies paaugstin\u0101tas b\u012bstam\u012bbas ugunsgr\u0113ks<\/a>&nbsp;&nbsp;Ropa\u017eu novada pa\u0161vald\u012bba<\/li>\n<li><a href=\"https:\/\/news.google.com\/rss\/articles\/CBMitgFBVV95cUxNUE85ZU1hYS1hUEVpTVB2ZDVubmhiTXN3Tm1WOEIxNDY2NkFxX01VV2licDVpdW0tWmQ0dlZTaHFPWWZpX3BHNVZOZG9YTEd4YTBxeVp0NmotMFBKRFEzdmFKRFFiNGF3eVNUTjQzVTFBQ0c1OEppR0VHQUFmNTJHcy1pSy1MWWoxRmVHNm5EX1dlc0FTX05xZ0JaU0ZRZk9GNl9nZzFXU3hLZWpQUUkyUFdQWTUwUQ?oc=5\" target=\"_blank\" rel=\"nofollow noopener\">R\u012bg\u0101 1200 kvadr\u0101tmetru plat\u012bb\u0101 degusi met\u0101la atkritumu kaudze (plkst.11.48)<\/a>&nbsp;&nbsp;Delfi<\/li>\n<li><a href=\"https:\/\/news.google.com\/rss\/articles\/CBMipwFBVV95cUxQUGxyT2RQQ2twZGZKaE5TdTYzajEtQlA0TlZXRld1OWw4cHYwQzRRQzFMaFhaT21LbTRGWV9td3MwOGloSlpaTDY5NFRWeWluR3RLdmhJaTJVZUl4S081YS1VY2htbDRVcjU4YzdGMXB1MjIwSTlITjdQaEN4dVBsUWU2TmZ4OVBia24tTGtoa1hpcXV5TTRxVllTeFdxT3UyOVFFZThJQQ?oc=5\" target=\"_blank\" rel=\"nofollow noopener\">Nakt\u012b R\u012bg\u0101 izc\u0113l\u0101s iespaid\u012bgs ugunsgr\u0113ks Gran\u012bta iel\u0101 \u2013 gais\u0101 pac\u0113l\u0101s biezs d\u016bmu m\u0101konis<\/a>&nbsp;&nbsp;LA.LV<\/li>\n<\/ol>\n","protected":false},"excerpt":{"rendered":"R\u012bg\u0101 1200 kvadr\u0101tmetru plat\u012bb\u0101 degusi met\u0101la atkritumu kaudze&nbsp;&nbsp;TVNET Ugunsdz\u0113s\u0113ji R\u012bg\u0101 turpina dz\u0113st aizdegu\u0161os met\u0101la atkritumu kaudzi \/ Raksts&nbsp;&nbsp;LSM&hellip;\n","protected":false},"author":2,"featured_media":50220,"comment_status":"","ping_status":"","sticky":false,"template":"","format":"standard","meta":{"footnotes":""},"categories":[12],"tags":[23,28,29,32,33,22,30,31,35,39,38,36,37,34,40,20,26,27,24,25,377,4909,4908,21],"class_list":{"0":"post-50219","1":"post","2":"type-post","3":"status-publish","4":"format-standard","5":"has-post-thumbnail","7":"category-latvija","8":"tag-aktualitates","9":"tag-breaking-news","10":"tag-breakingnews","11":"tag-featured-news","12":"tag-featurednews","13":"tag-headlines","14":"tag-latest-news","15":"tag-latestnews","16":"tag-latvia","17":"tag-latvian","18":"tag-latviesu","19":"tag-latviesu-valoda","20":"tag-latviesuvaloda","21":"tag-latvija","22":"tag-lv","23":"tag-news","24":"tag-popularakas-zinas","25":"tag-popularakaszinas","26":"tag-top-stories","27":"tag-topstories","28":"tag-ugunsgreks","29":"tag-valsts-ugunsdzesibas-un-glabsanas-dienests-vugd","30":"tag-vugd","31":"tag-zinas"},"share_on_mastodon":{"url":"https:\/\/pubeurope.com\/@lv\/115555184331992882","error":""},"_links":{"self":[{"href":"https:\/\/www.europesays.com\/lv\/wp-json\/wp\/v2\/posts\/50219","targetHints":{"allow":["GET"]}}],"collection":[{"href":"https:\/\/www.europesays.com\/lv\/wp-json\/wp\/v2\/posts"}],"about":[{"href":"https:\/\/www.europesays.com\/lv\/wp-json\/wp\/v2\/types\/post"}],"author":[{"embeddable":true,"href":"https:\/\/www.europesays.com\/lv\/wp-json\/wp\/v2\/users\/2"}],"replies":[{"embeddable":true,"href":"https:\/\/www.europesays.com\/lv\/wp-json\/wp\/v2\/comments?post=50219"}],"version-history":[{"count":0,"href":"https:\/\/www.europesays.com\/lv\/wp-json\/wp\/v2\/posts\/50219\/revisions"}],"wp:featuredmedia":[{"embeddable":true,"href":"https:\/\/www.europesays.com\/lv\/wp-json\/wp\/v2\/media\/50220"}],"wp:attachment":[{"href":"https:\/\/www.europesays.com\/lv\/wp-json\/wp\/v2\/media?parent=50219"}],"wp:term":[{"taxonomy":"category","embeddable":true,"href":"https:\/\/www.europesays.com\/lv\/wp-json\/wp\/v2\/categories?post=50219"},{"taxonomy":"post_tag","embeddable":true,"href":"https:\/\/www.europesays.com\/lv\/wp-json\/wp\/v2\/tags?post=50219"}],"curies":[{"name":"wp","href":"https:\/\/api.w.org\/{rel}","templated":true}]}}