{"id":50243,"date":"2025-11-15T19:22:07","date_gmt":"2025-11-15T19:22:07","guid":{"rendered":"https:\/\/www.europesays.com\/lv\/50243\/"},"modified":"2025-11-15T19:22:07","modified_gmt":"2025-11-15T19:22:07","slug":"saindesanas-ar-partiku-atvalinajuma-laika-stambula-gajusi-boja-mate-un-divi-vinas-berni","status":"publish","type":"post","link":"https:\/\/www.europesays.com\/lv\/50243\/","title":{"rendered":"Saind\u0113\u0161an\u0101s ar p\u0101rtiku? Atva\u013cin\u0101juma laik\u0101 Stambul\u0101 g\u0101jusi boj\u0101 m\u0101te un divi vi\u0146as b\u0113rni"},"content":{"rendered":"<p>Turcijas zi\u0146u a\u0123ent\u016bras DHA un Anadolu v\u0113sta, ka ar <a href=\"https:\/\/www.tvnet.lv\/term\/566184\/saindesanas\" class=\"topicLink\" target=\"_blank\" rel=\"nofollow noopener\">saind\u0113\u0161an\u0101s<\/a> paz\u012bm\u0113m slimn\u012bc\u0101 nog\u0101d\u0101ti v\u0113l divi citi t\u016bristi.<\/p>\n<p>Tiek uzskat\u012bts, ka tie ir k\u0101ds it\u0101lis un k\u0101ds marok\u0101nis. Vi\u0146i nak\u0161\u0146oja taj\u0101 pa\u0161\u0101 viesn\u012bc\u0101 Stambulas vecpils\u0113t\u0101, kur\u0101 uztur\u0113j\u0101s \u0123imene no V\u0101cijas. Saska\u0146\u0101 ar Anadolu inform\u0101ciju, abi s\u016bdz\u0113j\u0101s par sliktu d\u016b\u0161u un vem\u0161anu, ta\u010du vi\u0146u dz\u012bv\u012bb\u0101m briesmas nedraud.<\/p>\n<p>Viens no viesn\u012bcas \u012bpa\u0161niekiem, atbildot uz CNN T\u00fcrk jaut\u0101jumu par iesp\u0113jamu saind\u0113\u0161anos ar p\u0101rtiku, teica, ka viesn\u012bc\u0101 nav restor\u0101na, tur ir pieejams tikai \u016bdens. Saska\u0146\u0101 ar Anadolu inform\u0101ciju, izmekl\u0113t\u0101ji uz vietas pa\u0146\u0113ma dzeram\u0101 \u016bdens paraugus un izv\u0113rt\u0113ja nov\u0113ro\u0161anas kameru ierakstus. Tika ar\u012b konstat\u0113ts, ka viena istaba \u0113kas pirmaj\u0101 st\u0101v\u0101 bija dezinfic\u0113ta ar \u0137imik\u0101lij\u0101m.<\/p>\n<p>Aiztur\u0113ti septi\u0146i aizdom\u0101s turamie<\/p>\n<p>Izdevums \u201cDer Spiegel\u201d, atsaucoties uz Anadolu izplat\u012bto inform\u0101ciju, zi\u0146o, ka policija aiztur\u0113jusi tr\u012bs aizdom\u0101s turamos: viesn\u012bcas atbild\u012bgo personu un divas personas, kas veica dezinfekciju. T\u0101d\u0113j\u0101di kop\u0113jais aiztur\u0113to personu skaits ir pieaudzis l\u012bdz septi\u0146\u0101m.<\/p>\n<p>Piektdien jau bija aiztur\u0113ti \u010detri aizdom\u0101s turamie. Saska\u0146\u0101 ar valsts telev\u012bzijas kan\u0101la TRT inform\u0101ciju, tie ir saldumu, pild\u012btu glieme\u017eu un te\u013ca zarnu \u0113dienu p\u0101rdev\u0113ji. Vi\u0146iem tiek inkrimin\u0113ta slepkav\u012bba bez iepriek\u0161\u0113ja nodoma. Visi aizdom\u0101s turamie jau iepriek\u0161 esot sod\u012bti par citiem noziegumiem. Turkl\u0101t varasiest\u0101des lika sl\u0113gt veikalu, kur\u0101 \u0123imene esot \u0113dusi.<\/p>\n","protected":false},"excerpt":{"rendered":"Turcijas zi\u0146u a\u0123ent\u016bras DHA un Anadolu v\u0113sta, ka ar saind\u0113\u0161an\u0101s paz\u012bm\u0113m slimn\u012bc\u0101 nog\u0101d\u0101ti v\u0113l divi citi t\u016bristi. Tiek&hellip;\n","protected":false},"author":2,"featured_media":50244,"comment_status":"","ping_status":"","sticky":false,"template":"","format":"standard","meta":{"footnotes":""},"categories":[14],"tags":[23,57,28,29,32,33,22,30,31,35,39,38,36,37,34,40,20,3843,591,26,27,13732,24,25,2380,54,55,56,21,58],"class_list":{"0":"post-50243","1":"post","2":"type-post","3":"status-publish","4":"format-standard","5":"has-post-thumbnail","7":"category-zinas-no-arvalstim","8":"tag-aktualitates","9":"tag-arvalstim","10":"tag-breaking-news","11":"tag-breakingnews","12":"tag-featured-news","13":"tag-featurednews","14":"tag-headlines","15":"tag-latest-news","16":"tag-latestnews","17":"tag-latvia","18":"tag-latvian","19":"tag-latviesu","20":"tag-latviesu-valoda","21":"tag-latviesuvaloda","22":"tag-latvija","23":"tag-lv","24":"tag-news","25":"tag-partika","26":"tag-partikas-produkti","27":"tag-popularakas-zinas","28":"tag-popularakaszinas","29":"tag-saindesanas","30":"tag-top-stories","31":"tag-topstories","32":"tag-turcija","33":"tag-world","34":"tag-world-news","35":"tag-worldnews","36":"tag-zinas","37":"tag-zinas-no-arvalstim"},"share_on_mastodon":{"url":"https:\/\/pubeurope.com\/@lv\/115555345561014716","error":""},"_links":{"self":[{"href":"https:\/\/www.europesays.com\/lv\/wp-json\/wp\/v2\/posts\/50243","targetHints":{"allow":["GET"]}}],"collection":[{"href":"https:\/\/www.europesays.com\/lv\/wp-json\/wp\/v2\/posts"}],"about":[{"href":"https:\/\/www.europesays.com\/lv\/wp-json\/wp\/v2\/types\/post"}],"author":[{"embeddable":true,"href":"https:\/\/www.europesays.com\/lv\/wp-json\/wp\/v2\/users\/2"}],"replies":[{"embeddable":true,"href":"https:\/\/www.europesays.com\/lv\/wp-json\/wp\/v2\/comments?post=50243"}],"version-history":[{"count":0,"href":"https:\/\/www.europesays.com\/lv\/wp-json\/wp\/v2\/posts\/50243\/revisions"}],"wp:featuredmedia":[{"embeddable":true,"href":"https:\/\/www.europesays.com\/lv\/wp-json\/wp\/v2\/media\/50244"}],"wp:attachment":[{"href":"https:\/\/www.europesays.com\/lv\/wp-json\/wp\/v2\/media?parent=50243"}],"wp:term":[{"taxonomy":"category","embeddable":true,"href":"https:\/\/www.europesays.com\/lv\/wp-json\/wp\/v2\/categories?post=50243"},{"taxonomy":"post_tag","embeddable":true,"href":"https:\/\/www.europesays.com\/lv\/wp-json\/wp\/v2\/tags?post=50243"}],"curies":[{"name":"wp","href":"https:\/\/api.w.org\/{rel}","templated":true}]}}