{"id":50245,"date":"2025-11-15T19:24:08","date_gmt":"2025-11-15T19:24:08","guid":{"rendered":"https:\/\/www.europesays.com\/lv\/50245\/"},"modified":"2025-11-15T19:24:08","modified_gmt":"2025-11-15T19:24:08","slug":"mezsargs-nosarga-mogo-otra-celiena-izskana-veic-izskirosu-triecienu-kortinai-hokejs-sportacentrs-com","status":"publish","type":"post","link":"https:\/\/www.europesays.com\/lv\/50245\/","title":{"rendered":"Me\u017esargs nosarg\u0101, &#8220;Mogo&#8221; otr\u0101 c\u0113liena izska\u0146\u0101 veic iz\u0161\u0137iro\u0161u triecienu Kort\u012bnai \u2013 Hokejs \u2013 Sportacentrs.com"},"content":{"rendered":"<p>Vakar ne p\u0101r\u0101k sekm\u012bgu sniegumu pret m\u0101jiniekiem par\u0101d\u012bju\u0161ais K\u0101rlis Me\u017esargs r\u012bdzinieku cietoksni sarg\u0101ja ar\u012b \u0161odien, otraj\u0101 no diennakts laik\u0101 notiku\u0161aj\u0101m c\u012b\u0146\u0101m nosp\u0113l\u0113jot p\u0101rliecino\u0161\u0101k \u2013 nepilnus 22 gadus vecajam v\u0101rtu v\u012bram izdev\u0101s tikt gal\u0101 ar visiem 26 pretinieku metieniem.<\/p>\n<p>Pirmaj\u0101s div\u0101s tre\u0161da\u013c\u0101s komand\u0101m pa vienam vair\u0101kumam. Ab\u0101m \u0161\u012bs iesp\u0113jas palika neizmantotas, tom\u0113r neilgi p\u0113c sava pirm\u0101 skaitlisk\u0101 p\u0101rsvara &#8220;Mogo&#8221; atsl\u0113dza soma Anti Karjalainena cietoksni, jau vakar man\u012btaj\u0101 stil\u0101 izsp\u0113l\u0113jot l\u012bdz metienam tuk\u0161os v\u0101rtos \u2013 vien otro sp\u0113li &#8220;Mogo&#8221; rind\u0101s aizvad\u012bju\u0161ais 18 gadnieks Art\u016brs Ve\u0123eris aukstasin\u012bgi iesp\u0113l\u0113ja Gintam Meijam, kur\u0161 Latvijas \u010dempioni izvirz\u012bja priek\u0161gal\u0101. Biju\u0161ais Latvijas valstsvien\u012bbas uzbruc\u0113js An\u017e\u0113 ar\u0113n\u0101 sp\u0113l\u0113ja ar\u012b 2023. gad\u0101, kad p\u0101rst\u0101v\u0113ja \u0161\u012bs pils\u0113tas klubu.<\/p>\n<p>Da\u017eas sekundes pirms otr\u0101 c\u0113liena izska\u0146as Kort\u012bnas hokejisti pavir\u0161i nosp\u0113l\u0113ja viduszon\u0101, ripu p\u0101rtverot un uz smaili piesp\u0113l\u0113jot Reinim Lejniekam. J\u0101nis Zem\u012btis radu\u0161os izcilo iesp\u0113ju izmantoja, izg\u0101jien\u0101 ripu raidot zem k\u0101jsargiem.<\/p>\n<p>P\u0113d\u0113j\u0101 20 min\u016b\u0161u nogriezn\u012b p\u0101rsvars Kort\u012bnai, tom\u0113r Me\u017esargs bija dro\u0161s. Beig\u0101s p\u0101rsvaru ar metienu tuk\u0161os nostiprin\u0101ja Kaspars Daugavi\u0146\u0161. Iemest\u0101 papildus ripa var b\u016bt noz\u012bm\u012bga r\u012btdienas kontekst\u0101.<\/p>\n<p>&#8220;Cortina&#8221; \u2013 R\u012bgas &#8220;Mogo&#8221;\/RSU 0:3 (0:0, 0:2, 0:1)<br \/>V\u0101rti: 38:32 Meija (Ve\u0123eris, I. Lo\u010dmelis) 0:1, 39:44 Zem\u012btis (Lejnieks, \u017delubovskis) 0:2, 58:37 Daugavi\u0146\u0161 (Meija, Bi\u010devskis, t.v.) 0:3.<br \/>Metieni pa v\u0101rtiem: 26-22 (8-6, 4-8, 14-8)<br \/>Soda min\u016btes: 4-8 (2-4, 2-0, 0-4)<br \/>V\u0101rtsargi: Anti Karjalainens \u2013 K\u0101rlis Me\u017esargs.<\/p>\n<p>IIHF Kontinent\u0101l\u0101 kausa pusfin\u0101la posms (An\u017e\u0113, Francija)<\/p>\n<tr>DatumsLaiksSp\u0113leRezult\u0101ts<\/tr>\n<tr class=\"even\">\n<td>14.11.<\/td>\n<td class=\"ralign\">17.30<\/td>\n<td>Cortina \u2013 Gyergy\u00f3i<\/td>\n<td>5:3 (3:1; 0:1; 2:1)<\/td>\n<\/tr>\n<tr class=\"odd\">\n<td\/>\n<td class=\"ralign\">21.30<\/td>\n<td>Ducs d&#8217;Angers \u2013 Mogo\/RSU<\/td>\n<td>6:4 (2:0; 1:3; 3:1)<\/td>\n<\/tr>\n<tr class=\"even\">\n<td>15.11.<\/td>\n<td class=\"ralign\">17.30<\/td>\n<td>Cortina \u2013 Mogo\/RSU<\/td>\n<td>0:3 (0:0; 0:2; 0:1)<\/td>\n<\/tr>\n<tr class=\"odd\">\n<td\/>\n<td class=\"ralign\">21.30<\/td>\n<td>Ducs d&#8217;Angers \u2013 Gyergy\u00f3i<\/td>\n<td><\/td>\n<\/tr>\n<tr class=\"even\">\n<td>16.11.<\/td>\n<td class=\"ralign\">15.30<\/td>\n<td>Gyergy\u00f3i \u2013 Mogo\/RSU<\/td>\n<td><\/td>\n<\/tr>\n<tr class=\"odd\">\n<td\/>\n<td class=\"ralign\">19.30<\/td>\n<td>Ducs d&#8217;Angers \u2013 Cortina<\/td>\n<td><\/td>\n<\/tr>\n<p>Kopv\u0113rt\u0113jums<\/p>\n<tr>VKomandaSUUPZPZV\u0101rtiP<\/tr>\n<tr class=\"even\">\n<td>1.<\/td>\n<td>Ducs d&#8217;Angers (Francija)<\/td>\n<td class=\"ralign\">1<\/td>\n<td class=\"ralign\">1<\/td>\n<td class=\"ralign\">0<\/td>\n<td class=\"ralign\">0<\/td>\n<td class=\"ralign\">0<\/td>\n<td class=\"ralign\">6:4<\/td>\n<td class=\"ralign\">3<\/td>\n<\/tr>\n<tr class=\"odd\">\n<td>2.<\/td>\n<td>Mogo\/RSU (Latvija)<\/td>\n<td class=\"ralign\">2<\/td>\n<td class=\"ralign\">1<\/td>\n<td class=\"ralign\">0<\/td>\n<td class=\"ralign\">0<\/td>\n<td class=\"ralign\">1<\/td>\n<td class=\"ralign\">7:6<\/td>\n<td class=\"ralign\">3<\/td>\n<\/tr>\n<tr class=\"even\">\n<td\/>\n<td\/>\n<td class=\"ralign\"\/>\n<td class=\"ralign\"\/>\n<td class=\"ralign\"\/>\n<td class=\"ralign\"\/>\n<td class=\"ralign\"\/>\n<td class=\"ralign\"\/>\n<td class=\"ralign\"\/><\/tr>\n<tr class=\"odd\">\n<td\/>\n<td\/>\n<td class=\"ralign\"\/>\n<td class=\"ralign\"\/>\n<td class=\"ralign\"\/>\n<td class=\"ralign\"\/>\n<td class=\"ralign\"\/>\n<td class=\"ralign\"\/>\n<td class=\"ralign\"\/><\/tr>\n<tr class=\"even\">\n<td>3.<\/td>\n<td>Cortina (It\u0101lija)<\/td>\n<td class=\"ralign\">2<\/td>\n<td class=\"ralign\">1<\/td>\n<td class=\"ralign\">0<\/td>\n<td class=\"ralign\">0<\/td>\n<td class=\"ralign\">1<\/td>\n<td class=\"ralign\">5:6<\/td>\n<td class=\"ralign\">3<\/td>\n<\/tr>\n<tr class=\"odd\">\n<td>4.<\/td>\n<td>Gyergy\u00f3i (Rum\u0101nija)<\/td>\n<td class=\"ralign\">1<\/td>\n<td class=\"ralign\">0<\/td>\n<td class=\"ralign\">0<\/td>\n<td class=\"ralign\">0<\/td>\n<td class=\"ralign\">1<\/td>\n<td class=\"ralign\">3:5<\/td>\n<td class=\"ralign\">0<\/td>\n<\/tr>\n<p>Ce\u013caz\u012bmes uz fin\u0101lturn\u012bru izc\u012bn\u012bs \u0161\u012b \u010detrinieka pirm\u0101s divas komandas. No 14. l\u012bdz 17. janv\u0101rim Notingem\u0101 paredz\u0113taj\u0101 beigu posm\u0101 dal\u012bba jau pie\u0161\u0137irta D\u0101nijas, Kazahst\u0101nas un Polijas vice\u010dempion\u0113m \u2013 attiec\u012bgi Herningas &#8220;Blue Fox&#8221;, Eskemenas (Ustjkamenogorskas) &#8220;Torpedo&#8221; un Katovicei, k\u0101 ar\u012b Lielbrit\u0101nijas l\u012bgas izsl\u0113g\u0161anas turn\u012bra uzvar\u0113t\u0101jai &#8220;Panthers&#8221;.<\/p>\n<p>Sacens\u012bbu vietne:<br \/><a target=\"_blank\" href=\"https:\/\/www.iihf.com\/en\/events\/2026\/ccc\" rel=\"nofollow noopener\">https:\/\/www.iihf.com\/en\/events\/2026&#8230;<\/a><\/p>\n","protected":false},"excerpt":{"rendered":"Vakar ne p\u0101r\u0101k sekm\u012bgu sniegumu pret m\u0101jiniekiem par\u0101d\u012bju\u0161ais K\u0101rlis Me\u017esargs r\u012bdzinieku cietoksni sarg\u0101ja ar\u012b \u0161odien, otraj\u0101 no diennakts&hellip;\n","protected":false},"author":2,"featured_media":50246,"comment_status":"","ping_status":"","sticky":false,"template":"","format":"standard","meta":{"footnotes":""},"categories":[5],"tags":[23,28,29,32,33,22,394,30,31,35,39,38,36,37,34,40,20,26,27,24,25,21],"class_list":{"0":"post-50245","1":"post","2":"type-post","3":"status-publish","4":"format-standard","5":"has-post-thumbnail","7":"category-aktualitates","8":"tag-aktualitates","9":"tag-breaking-news","10":"tag-breakingnews","11":"tag-featured-news","12":"tag-featurednews","13":"tag-headlines","14":"tag-hokejs","15":"tag-latest-news","16":"tag-latestnews","17":"tag-latvia","18":"tag-latvian","19":"tag-latviesu","20":"tag-latviesu-valoda","21":"tag-latviesuvaloda","22":"tag-latvija","23":"tag-lv","24":"tag-news","25":"tag-popularakas-zinas","26":"tag-popularakaszinas","27":"tag-top-stories","28":"tag-topstories","29":"tag-zinas"},"share_on_mastodon":{"url":"https:\/\/pubeurope.com\/@lv\/115555353425052399","error":""},"_links":{"self":[{"href":"https:\/\/www.europesays.com\/lv\/wp-json\/wp\/v2\/posts\/50245","targetHints":{"allow":["GET"]}}],"collection":[{"href":"https:\/\/www.europesays.com\/lv\/wp-json\/wp\/v2\/posts"}],"about":[{"href":"https:\/\/www.europesays.com\/lv\/wp-json\/wp\/v2\/types\/post"}],"author":[{"embeddable":true,"href":"https:\/\/www.europesays.com\/lv\/wp-json\/wp\/v2\/users\/2"}],"replies":[{"embeddable":true,"href":"https:\/\/www.europesays.com\/lv\/wp-json\/wp\/v2\/comments?post=50245"}],"version-history":[{"count":0,"href":"https:\/\/www.europesays.com\/lv\/wp-json\/wp\/v2\/posts\/50245\/revisions"}],"wp:featuredmedia":[{"embeddable":true,"href":"https:\/\/www.europesays.com\/lv\/wp-json\/wp\/v2\/media\/50246"}],"wp:attachment":[{"href":"https:\/\/www.europesays.com\/lv\/wp-json\/wp\/v2\/media?parent=50245"}],"wp:term":[{"taxonomy":"category","embeddable":true,"href":"https:\/\/www.europesays.com\/lv\/wp-json\/wp\/v2\/categories?post=50245"},{"taxonomy":"post_tag","embeddable":true,"href":"https:\/\/www.europesays.com\/lv\/wp-json\/wp\/v2\/tags?post=50245"}],"curies":[{"name":"wp","href":"https:\/\/api.w.org\/{rel}","templated":true}]}}