{"id":50247,"date":"2025-11-15T19:29:08","date_gmt":"2025-11-15T19:29:08","guid":{"rendered":"https:\/\/www.europesays.com\/lv\/50247\/"},"modified":"2025-11-15T19:29:08","modified_gmt":"2025-11-15T19:29:08","slug":"valsts-prezidents-edgars-rinkevics-jaundubultu-kapos-godina-lacplesa-kara-ordena-kavaliera-roberta-laca-pieminu-lente-lv","status":"publish","type":"post","link":"https:\/\/www.europesays.com\/lv\/50247\/","title":{"rendered":"Valsts prezidents Edgars Rink\u0113vi\u010ds Jaundubultu kapos godina L\u0101\u010dpl\u0113\u0161a Kara orde\u0146a kavaliera Roberta L\u0101\u010da piemi\u0146u\u00a0\u2014\u00a0Lente.lv"},"content":{"rendered":"<p>Valsts prezidents godina L\u0101\u010dpl\u0113\u0161a Kara orde\u0146a kavaliera Roberta L\u0101\u010da piemi\u0146u<\/p>\n<p>Otrdienas, 11. novembra, r\u012bt\u0101 Jaundubultu kapos Valsts prezidents Edgars Rink\u0113vi\u010ds godin\u0101ja 2. Vidzemes div\u012bzijas m\u012bnmet\u0113ju rotas leitnanta un L\u0101\u010dpl\u0113\u0161a Kara orde\u0146a kavaliera Roberta L\u0101\u010da (1891\u20131946) piemi\u0146u. \u0160is c\u0113lais \u017eests ir da\u013ca no Valsts prezidenta iedibin\u0101t\u0101s trad\u012bcijas, kas ik gadu L\u0101\u010dpl\u0113\u0161a dien\u0101 atg\u0101dina par tiem varo\u0146iem, kuri ar savu drosmi un pa\u0161aizliedz\u012bbu pal\u012bdz\u0113ja veidot un aizst\u0101v\u0113t Latvijas valsts neatkar\u012bbu.<\/p>\n<p>Leitnanta Roberta L\u0101\u010da varon\u012bbas atspulgs<\/p>\n<p>Roberta L\u0101\u010da dz\u012bves ce\u013c\u0161, lai ar\u012b nosl\u0113dzies 1946. gad\u0101, joproj\u0101m iedvesmo un kalpo k\u0101 spilgts piem\u0113rs pa\u0161aizliedz\u012bbai un drosmei. Vi\u0146\u0161 br\u012bvpr\u0101t\u012bgi iest\u0101j\u0101s Latvijas armij\u0101 1919. gada 31. maij\u0101, apliecinot savu nelok\u0101mo patriotisko ap\u0146em\u0161anos. Neatkar\u012bbas kar\u0101 leitnants L\u0101cis izc\u0113l\u0101s \u012bpa\u0161i Latvijas atbr\u012bvo\u0161anas c\u012b\u0146u iz\u0161\u0137iro\u0161ajos br\u012b\u017eos. Vi\u0146a drosm\u012bg\u0101 r\u012bc\u012bba 11. novembr\u012b, kad vi\u0146\u0161 p\u0101rveda m\u012bnmet\u0113jus p\u0101ri Daugavas ledum uz Za\u0137usalu, atbalst\u012bja R\u012bgas atbr\u012bvo\u0161anu no bermontie\u0161iem un b\u016btiski atviegloja Lucav salas un P\u0101rdaugavas ie\u0146em\u0161anu. V\u0113l\u0101k, 17. novembr\u012b, pie Cenas kroga, leitnants L\u0101cis, st\u0101joties pretim ienaidnieka bru\u0146uvilcienam, demonstr\u0113ja neatsl\u0101bsto\u0161u iztur\u012bbu. Neskatoties uz to, ka vi\u0146a m\u012bnmet\u0113ju vien\u012bba tika ielenkta, vi\u0146\u0161 turpin\u0101ja vad\u012bt uguni, piespie\u017eot pretinieku atk\u0101pties un stabiliz\u0113jot Latvijas armijas poz\u012bcijas. Roberta L\u0101\u010da drosme un pa\u0161aizliedz\u012bba tika nov\u0113rt\u0113ta ar L\u0101\u010dpl\u0113\u0161a Kara ordeni \u2013 augst\u0101ko Latvijas milit\u0101ro apbalvojumu, kas pie\u0161\u0137irts par izciliem nopelniem kauj\u0101s par dzimtenes br\u012bv\u012bbu.<\/p>\n<p>L\u0101\u010dpl\u0113\u0161a Kara ordenis \u2013 varon\u012bbas simbols<\/p>\n<p>L\u0101\u010dpl\u0113\u0161a Kara ordenis, dibin\u0101ts 1919. gad\u0101, ir ne tikai pirmais un augst\u0101kais Latvijas valsts milit\u0101rais apbalvojums, bet ar\u012b dzi\u013c\u0161 simbols c\u012b\u0146ai par Latvijas br\u012bv\u012bbu. T\u0101 nosaukums, kas aizg\u016bts no latvie\u0161u tautas eposa varo\u0146a L\u0101\u010dpl\u0113\u0161a, iemieso neatlaid\u012bbu un drosmi dzimtenes aizst\u0101v\u012bb\u0101. Tas tika pasniegts no 1920. l\u012bdz 1928. gadam, godinot tos karav\u012brus, kuri sevi\u0161\u0137i izc\u0113lu\u0161ies kauj\u0101s par neatkar\u012bgu Latviju. \u0160\u012b orde\u0146a dev\u012bze \u201cPar Latviju\u201d joproj\u0101m ir dz\u012bva un sp\u0113j iedvesmot.<\/p>\n<p>Valsts prezidenta misija godin\u0101t varo\u0146us<\/p>\n<p>Valsts prezidenta Edgara Rink\u0113vi\u010da kl\u0101tb\u016btne Jaundubultu kapos, lai godin\u0101tu leitnanta Roberta L\u0101\u010da piemi\u0146u, ir noz\u012bm\u012bgs apliecin\u0101jums tautas atmi\u0146ai. \u0160\u012b trad\u012bcija, ko prezidents aizs\u0101cis, uzsver katra individu\u0101l\u0101 varo\u0146darba v\u0113rt\u012bbu un noz\u012bmi visas n\u0101cijas v\u0113stur\u0113. T\u0101 ir k\u0101 simbolisks tilts starp pag\u0101tni un tagadni, kas mums visiem atg\u0101dina par tiem upuriem, kas tika veikti, lai m\u0113s \u0161odien var\u0113tu dz\u012bvot br\u012bv\u0101 Latvij\u0101.<\/p>\n","protected":false},"excerpt":{"rendered":"Valsts prezidents godina L\u0101\u010dpl\u0113\u0161a Kara orde\u0146a kavaliera Roberta L\u0101\u010da piemi\u0146u Otrdienas, 11. novembra, r\u012bt\u0101 Jaundubultu kapos Valsts prezidents&hellip;\n","protected":false},"author":2,"featured_media":50248,"comment_status":"","ping_status":"","sticky":false,"template":"","format":"standard","meta":{"footnotes":""},"categories":[12],"tags":[23,28,29,816,32,33,22,11267,13087,30,31,35,39,38,36,37,34,12224,40,20,26,27,13733,24,25,21],"class_list":{"0":"post-50247","1":"post","2":"type-post","3":"status-publish","4":"format-standard","5":"has-post-thumbnail","7":"category-latvija","8":"tag-aktualitates","9":"tag-breaking-news","10":"tag-breakingnews","11":"tag-edgars-rinkevics","12":"tag-featured-news","13":"tag-featurednews","14":"tag-headlines","15":"tag-lacplesa-diena","16":"tag-lacplesa-kara-ordenis","17":"tag-latest-news","18":"tag-latestnews","19":"tag-latvia","20":"tag-latvian","21":"tag-latviesu","22":"tag-latviesu-valoda","23":"tag-latviesuvaloda","24":"tag-latvija","25":"tag-latvijas-neatkaribas-kars","26":"tag-lv","27":"tag-news","28":"tag-popularakas-zinas","29":"tag-popularakaszinas","30":"tag-roberts-lacis","31":"tag-top-stories","32":"tag-topstories","33":"tag-zinas"},"share_on_mastodon":{"url":"https:\/\/pubeurope.com\/@lv\/115555373268143768","error":""},"_links":{"self":[{"href":"https:\/\/www.europesays.com\/lv\/wp-json\/wp\/v2\/posts\/50247","targetHints":{"allow":["GET"]}}],"collection":[{"href":"https:\/\/www.europesays.com\/lv\/wp-json\/wp\/v2\/posts"}],"about":[{"href":"https:\/\/www.europesays.com\/lv\/wp-json\/wp\/v2\/types\/post"}],"author":[{"embeddable":true,"href":"https:\/\/www.europesays.com\/lv\/wp-json\/wp\/v2\/users\/2"}],"replies":[{"embeddable":true,"href":"https:\/\/www.europesays.com\/lv\/wp-json\/wp\/v2\/comments?post=50247"}],"version-history":[{"count":0,"href":"https:\/\/www.europesays.com\/lv\/wp-json\/wp\/v2\/posts\/50247\/revisions"}],"wp:featuredmedia":[{"embeddable":true,"href":"https:\/\/www.europesays.com\/lv\/wp-json\/wp\/v2\/media\/50248"}],"wp:attachment":[{"href":"https:\/\/www.europesays.com\/lv\/wp-json\/wp\/v2\/media?parent=50247"}],"wp:term":[{"taxonomy":"category","embeddable":true,"href":"https:\/\/www.europesays.com\/lv\/wp-json\/wp\/v2\/categories?post=50247"},{"taxonomy":"post_tag","embeddable":true,"href":"https:\/\/www.europesays.com\/lv\/wp-json\/wp\/v2\/tags?post=50247"}],"curies":[{"name":"wp","href":"https:\/\/api.w.org\/{rel}","templated":true}]}}