{"id":50249,"date":"2025-11-15T19:30:14","date_gmt":"2025-11-15T19:30:14","guid":{"rendered":"https:\/\/www.europesays.com\/lv\/50249\/"},"modified":"2025-11-15T19:30:14","modified_gmt":"2025-11-15T19:30:14","slug":"skel-tumsu-un-parsteidz-ridziniekus-galvaspilseta-spozi-iemirdzas-staro-riga-objekti","status":"publish","type":"post","link":"https:\/\/www.europesays.com\/lv\/50249\/","title":{"rendered":"\u0160\u0137e\u013c tumsu un p\u0101rsteidz r\u012bdziniekus. Galvaspils\u0113t\u0101 spo\u017ei iemirdzas &#8220;Staro R\u012bga&#8221; objekti"},"content":{"rendered":"<p>Sestdienas, 15. novembra vakar\u0101 R\u012bgas centr\u0101 un tam tuv\u0101kaj\u0101s apkaim\u0113s iemirdz\u0113ju\u0161ies gaismas festiv\u0101la &#8220;Staro R\u012bga&#8221; objekti. Festiv\u0101ls izgaismos galvaspils\u0113tu Valsts sv\u0113tku laik\u0101 un priec\u0113s skat\u012bt\u0101jus l\u012bdz 18. novembrim.<\/p>\n<p>\u0160\u012b gada &#8220;Staro R\u012bga&#8221; mar\u0161rutu veidos se\u0161i &#8220;Gaismas loki&#8221; cauri pils\u0113tai, s\u0101kot ar gaismas objektiem pie Latvijas Nacion\u0101l\u0101s bibliot\u0113kas, kam sekos Vecr\u012bgas gaismas loks, Br\u012bv\u012bbas pieminek\u013ca gaismas loks, R\u012bgas centra parku gaismas loks (V\u0113rmanes d\u0101rzs, Esplan\u0101de), Br\u012bv\u012bbas ielas gaismas loks un k\u0101 nosl\u0113dzo\u0161ais \u2013 Miera ielas gaismas loks.<\/p>\n<p class=\"m-0\">Seko &#8220;Delfi&#8221; ar\u012b  <a target=\"_blank\" href=\"https:\/\/www.instagram.com\/delfi.lv\/\" rel=\"nofollow noopener\">Instagram<\/a>  un <a target=\"_blank\" href=\"https:\/\/www.youtube.com\/channel\/UCw5foWtcJvAbUm64rv7jwUQ\" rel=\"nofollow noopener\">YouTube<\/a>  profil\u0101 \u2013 pievienojies, lai uzzin\u0101tu svar\u012bg\u0101ko un interesant\u0101ko pirmais!<\/p>\n<p>Publik\u0101cijas saturs vai t\u0101s jebk\u0101da apjoma da\u013ca ir aizsarg\u0101ts autorties\u012bbu objekts Autorties\u012bbu likuma izpratn\u0113, un t\u0101 izmanto\u0161ana bez izdev\u0113ja at\u013caujas ir aizliegta. Vair\u0101k lasi  <a target=\"_blank\" href=\"https:\/\/www.delfi.lv\/noteikumi#autortiesibas\" rel=\"nofollow noopener\">\u0161eit<\/a><script async src=\"\/\/www.instagram.com\/embed.js\"><\/script><\/p>\n","protected":false},"excerpt":{"rendered":"Sestdienas, 15. novembra vakar\u0101 R\u012bgas centr\u0101 un tam tuv\u0101kaj\u0101s apkaim\u0113s iemirdz\u0113ju\u0161ies gaismas festiv\u0101la &#8220;Staro R\u012bga&#8221; objekti. Festiv\u0101ls izgaismos&hellip;\n","protected":false},"author":2,"featured_media":50250,"comment_status":"","ping_status":"","sticky":false,"template":"","format":"standard","meta":{"footnotes":""},"categories":[5],"tags":[23,28,29,13734,32,33,22,30,31,35,39,38,36,37,34,40,20,26,27,12888,24,25,21],"class_list":{"0":"post-50249","1":"post","2":"type-post","3":"status-publish","4":"format-standard","5":"has-post-thumbnail","7":"category-aktualitates","8":"tag-aktualitates","9":"tag-breaking-news","10":"tag-breakingnews","11":"tag-esplanade","12":"tag-featured-news","13":"tag-featurednews","14":"tag-headlines","15":"tag-latest-news","16":"tag-latestnews","17":"tag-latvia","18":"tag-latvian","19":"tag-latviesu","20":"tag-latviesu-valoda","21":"tag-latviesuvaloda","22":"tag-latvija","23":"tag-lv","24":"tag-news","25":"tag-popularakas-zinas","26":"tag-popularakaszinas","27":"tag-staro-riga","28":"tag-top-stories","29":"tag-topstories","30":"tag-zinas"},"share_on_mastodon":{"url":"https:\/\/pubeurope.com\/@lv\/115555377039489058","error":""},"_links":{"self":[{"href":"https:\/\/www.europesays.com\/lv\/wp-json\/wp\/v2\/posts\/50249","targetHints":{"allow":["GET"]}}],"collection":[{"href":"https:\/\/www.europesays.com\/lv\/wp-json\/wp\/v2\/posts"}],"about":[{"href":"https:\/\/www.europesays.com\/lv\/wp-json\/wp\/v2\/types\/post"}],"author":[{"embeddable":true,"href":"https:\/\/www.europesays.com\/lv\/wp-json\/wp\/v2\/users\/2"}],"replies":[{"embeddable":true,"href":"https:\/\/www.europesays.com\/lv\/wp-json\/wp\/v2\/comments?post=50249"}],"version-history":[{"count":0,"href":"https:\/\/www.europesays.com\/lv\/wp-json\/wp\/v2\/posts\/50249\/revisions"}],"wp:featuredmedia":[{"embeddable":true,"href":"https:\/\/www.europesays.com\/lv\/wp-json\/wp\/v2\/media\/50250"}],"wp:attachment":[{"href":"https:\/\/www.europesays.com\/lv\/wp-json\/wp\/v2\/media?parent=50249"}],"wp:term":[{"taxonomy":"category","embeddable":true,"href":"https:\/\/www.europesays.com\/lv\/wp-json\/wp\/v2\/categories?post=50249"},{"taxonomy":"post_tag","embeddable":true,"href":"https:\/\/www.europesays.com\/lv\/wp-json\/wp\/v2\/tags?post=50249"}],"curies":[{"name":"wp","href":"https:\/\/api.w.org\/{rel}","templated":true}]}}