{"id":50273,"date":"2025-11-15T20:37:14","date_gmt":"2025-11-15T20:37:14","guid":{"rendered":"https:\/\/www.europesays.com\/lv\/50273\/"},"modified":"2025-11-15T20:37:14","modified_gmt":"2025-11-15T20:37:14","slug":"madonna-nakamgad-izdos-jaunu-deju-muzikas-albumu-un-atgriezisies-pie-warner-records-lente-lv-2","status":"publish","type":"post","link":"https:\/\/www.europesays.com\/lv\/50273\/","title":{"rendered":"Madonna n\u0101kamgad izdos jaunu deju m\u016bzikas albumu un atgriez\u012bsies pie Warner Records\u00a0\u2014\u00a0Lente.lv"},"content":{"rendered":"<p>Madonnas ilgi gaid\u012btais atgrie\u0161an\u0101s deju m\u016bzikas pasaul\u0113<\/p>\n<p>Amerik\u0101\u0146u popm\u016bzikas ikona Madonna, kura jau ilg\u0101ku laiku nav lutin\u0101jusi savus fanus ar piln\u012bgi jauniem ska\u0146darbiem, n\u0101kamgad iecer\u0113jusi izdot jaunu deju m\u016bzikas albumu. \u0160\u012b zi\u0146a, ko 67 gadus vec\u0101 dzied\u0101t\u0101ja publiskoja ceturtdien, ir satraukusi m\u016bzikas pasauli un sol\u0101s b\u016bt viens no gaid\u012bt\u0101kajiem notikumiem n\u0101kamaj\u0101 gad\u0101. \u0160is b\u016bs Madonnas pirmais studijas albums p\u0113c septi\u0146u gadu p\u0101rtraukuma, kas ir ilgs laiks pat tik akt\u012bvai m\u0101ksliniecei.<\/p>\n<p>Atgrie\u0161an\u0101s pie sakn\u0113m ar Warner Records<\/p>\n<p>V\u0113l viens noz\u012bm\u012bgs pav\u0113rsiens Madonnas karjer\u0101 ir vi\u0146as atgrie\u0161an\u0101s pie ierakstu komp\u0101nijas &#8220;Warner Records&#8221;. Tie\u0161i ar \u0161o le\u0123end\u0101ro komp\u0101niju tika izdoti vi\u0146as agr\u012bnie, karjeru veidojo\u0161ie hiti, kas nu jau k\u013cuvu\u0161i par klasiku \u2013 piem\u0113ram, &#8220;Like a Virgin&#8221; un &#8220;Holiday&#8221;. Madonna pameta &#8220;Warner Records&#8221; 2007. gad\u0101, lai parakst\u012btu l\u012bgumu ar &#8220;Live Nation&#8221;, ta\u010du tagad \u0161\u0137iet, ka dzied\u0101t\u0101ja atkal ir izl\u0113musi atgriezties pie sav\u0101m m\u016bzikas sakn\u0113m. \u0160is solis simboliz\u0113 ne tikai pag\u0101tnes godin\u0101\u0161anu, bet ar\u012b skaidru v\u0113st\u012bjumu par n\u0101kotnes amb\u012bcij\u0101m.<\/p>\n<p>Sol\u012bjums par negaid\u012btu un provokat\u012bvu m\u016bziku<\/p>\n<p>Dzied\u0101t\u0101ja sav\u0101 pazi\u0146ojum\u0101 pau\u017e ne tikai prieku par izdev\u012bgo sadarb\u012bbas atjauno\u0161anu ar &#8220;Warner Records&#8221;, bet ar\u012b sola kaut ko patiesi negaid\u012btu. Vi\u0146a piebilst, ka jaunais albums, iesp\u0113jams, izprovoc\u0113s da\u017eas nepiecie\u0161amas sarunas un piev\u0113rs\u012bs uzman\u012bbu svar\u012bgiem jaut\u0101jumiem. \u0160\u0101di v\u0101rdi liecina par ap\u0146em\u0161anos rad\u012bt ne tikai deju gr\u012bdas noska\u0146ai atbilsto\u0161u m\u016bziku, bet ar\u012b darbu ar dzi\u013c\u0101ku v\u0113st\u012bjumu, kas rakstur\u012bgs Madonnai vis\u0101 vi\u0146as karjeras laik\u0101. Fani jau ar nepaciet\u012bbu gaida, k\u0101dus p\u0101rsteigumus m\u0101ksliniece b\u016bs sagatavojusi.<\/p>\n<p>Nosl\u0113pums ap albuma nosaukumu<\/p>\n<p>Lai gan par jauno m\u016bzikas projektu ir zin\u0101ms jau daudz, viens no galvenajiem nosl\u0113pumiem joproj\u0101m ir pa\u0161a albuma nosaukums. \u0160obr\u012bd tas v\u0113l nav izzi\u0146ots, kas rada papildu intrigu un dod iesp\u0113ju faniem spekul\u0113t un izteikt savas prognozes. \u0160\u012b inform\u0101cijas tr\u016bkuma strat\u0113\u0123ija ir bie\u017ei sastopama m\u016bzikas industrij\u0101, lai uztur\u0113tu interesi pirms ofici\u0101l\u0101s izn\u0101k\u0161anas. Sagaid\u0101ms, ka dr\u012bzum\u0101 tiks sniegta pla\u0161\u0101ka inform\u0101cija gan par nosaukumu, gan par albuma saturu un iesp\u0113jamo izdo\u0161anas datumu.<\/p>\n","protected":false},"excerpt":{"rendered":"Madonnas ilgi gaid\u012btais atgrie\u0161an\u0101s deju m\u016bzikas pasaul\u0113 Amerik\u0101\u0146u popm\u016bzikas ikona Madonna, kura jau ilg\u0101ku laiku nav lutin\u0101jusi savus&hellip;\n","protected":false},"author":2,"featured_media":50274,"comment_status":"","ping_status":"","sticky":false,"template":"","format":"standard","meta":{"footnotes":""},"categories":[19],"tags":[928,89,90,309,35,39,38,36,37,34,40,927,2762,929],"class_list":{"0":"post-50273","1":"post","2":"type-post","3":"status-publish","4":"format-standard","5":"has-post-thumbnail","7":"category-izklaide","8":"tag-deju-muzika","9":"tag-entertainment","10":"tag-izklaide","11":"tag-jauns-albums","12":"tag-latvia","13":"tag-latvian","14":"tag-latviesu","15":"tag-latviesu-valoda","16":"tag-latviesuvaloda","17":"tag-latvija","18":"tag-lv","19":"tag-madonna","20":"tag-muzikas-jaunumi","21":"tag-warner-records"},"share_on_mastodon":{"url":"https:\/\/pubeurope.com\/@lv\/115555640597789822","error":""},"_links":{"self":[{"href":"https:\/\/www.europesays.com\/lv\/wp-json\/wp\/v2\/posts\/50273","targetHints":{"allow":["GET"]}}],"collection":[{"href":"https:\/\/www.europesays.com\/lv\/wp-json\/wp\/v2\/posts"}],"about":[{"href":"https:\/\/www.europesays.com\/lv\/wp-json\/wp\/v2\/types\/post"}],"author":[{"embeddable":true,"href":"https:\/\/www.europesays.com\/lv\/wp-json\/wp\/v2\/users\/2"}],"replies":[{"embeddable":true,"href":"https:\/\/www.europesays.com\/lv\/wp-json\/wp\/v2\/comments?post=50273"}],"version-history":[{"count":0,"href":"https:\/\/www.europesays.com\/lv\/wp-json\/wp\/v2\/posts\/50273\/revisions"}],"wp:featuredmedia":[{"embeddable":true,"href":"https:\/\/www.europesays.com\/lv\/wp-json\/wp\/v2\/media\/50274"}],"wp:attachment":[{"href":"https:\/\/www.europesays.com\/lv\/wp-json\/wp\/v2\/media?parent=50273"}],"wp:term":[{"taxonomy":"category","embeddable":true,"href":"https:\/\/www.europesays.com\/lv\/wp-json\/wp\/v2\/categories?post=50273"},{"taxonomy":"post_tag","embeddable":true,"href":"https:\/\/www.europesays.com\/lv\/wp-json\/wp\/v2\/tags?post=50273"}],"curies":[{"name":"wp","href":"https:\/\/api.w.org\/{rel}","templated":true}]}}