{"id":50283,"date":"2025-11-15T20:46:08","date_gmt":"2025-11-15T20:46:08","guid":{"rendered":"https:\/\/www.europesays.com\/lv\/50283\/"},"modified":"2025-11-15T20:46:08","modified_gmt":"2025-11-15T20:46:08","slug":"sim-asinainajam-slaktinam-ir-jabeidzas-atri-tramps-par-krievijas-iebrukumu-ukraina","status":"publish","type":"post","link":"https:\/\/www.europesays.com\/lv\/50283\/","title":{"rendered":"&#8220;\u0160im asi\u0146ainajam slakti\u0146am ir j\u0101beidzas \u0101tri.&#8221; Tramps par Krievijas iebrukumu Ukrain\u0101"},"content":{"rendered":"<p>K\u0101 v\u0113sta &#8220;European Pravda&#8221;, vi\u0146\u0161 \u0161o pazi\u0146ojumu sniedza intervij\u0101 &#8220;GB News&#8221;.<\/p>\n<p>Intervijas laik\u0101 Tramps atk\u0101rtoja savus apgalvojumus, ka vi\u0146\u0161 ir &#8220;atrisin\u0101jis asto\u0146us karus&#8221; un ka &#8220;viens ir atlicis&#8221;.<\/p>\n<p>&#8220;Es dom\u0101ju, ka tas b\u016bs viegl\u0101k, jo esmu atrisin\u0101jis karus, kas vien\u0101 gad\u012bjum\u0101 ilga 32 gadus. Un \u0161o es atrisin\u0101ju div\u0101s dien\u0101s. Es ar to \u013coti lepojos&#8230; Vien\u012bgais, ko es v\u0113l neesmu paveicis, ir Krievija un <a href=\"https:\/\/www.apollo.lv\/term\/8497\/ukraina\" class=\"topicLink\" target=\"_blank\" rel=\"nofollow noopener\">Ukraina<\/a>. Tam nekad nevajadz\u0113ja notikt. \u0160is ir slakti\u0146\u0161. Briesm\u012bgs slakti\u0146\u0161,&#8221; vi\u0146\u0161 teica.<\/p>\n<p>P\u0113c ASV prezidenta teikt\u0101, \u0161\u0101da m\u0113roga kar\u0161 Eirop\u0101 nav bijis kop\u0161 Otr\u0101 pasaules kara.<\/p>\n<p>Tramps ar\u012b pauda p\u0101rliec\u012bbu, ka Krievijas uzs\u0101ktais kar\u0161 pret Ukrainu dr\u012bz beigsies.<\/p>\n<p>&#8220;Es ceru, ka tas notiks dr\u012bz. M\u0113s uz vi\u0146iem izdar\u0101m lielu spiedienu \u2013 uz Indiju un uz naftu. Indija atk\u0101pjas, citi atk\u0101pjas, jo, kam\u0113r Krievija p\u0101rdod naftu, vi\u0146iem ir nauda, \u200b\u200blai turpin\u0101tu. Bet es dom\u0101ju, ka m\u0113s to paveiksim. Tas ir kauns,&#8221; sac\u012bja Tramps.<\/p>\n<p>Nesen Tramps pazi\u0146oja, ka tiek g\u016bti pan\u0101kumi Krievijas un Ukrainas kara risin\u0101\u0161an\u0101.<\/p>\n<p>Vi\u0146\u0161 ar\u012b teica, ka var\u0113tu pan\u0101kt kara izbeig\u0161anu, jo Krievija &#8220;v\u0113las veikt dar\u012bjumus&#8221; ar Amerikas Savienotaj\u0101m Valst\u012bm.<\/p>\n","protected":false},"excerpt":{"rendered":"K\u0101 v\u0113sta &#8220;European Pravda&#8221;, vi\u0146\u0161 \u0161o pazi\u0146ojumu sniedza intervij\u0101 &#8220;GB News&#8221;. Intervijas laik\u0101 Tramps atk\u0101rtoja savus apgalvojumus, ka&hellip;\n","protected":false},"author":2,"featured_media":37722,"comment_status":"","ping_status":"","sticky":false,"template":"","format":"standard","meta":{"footnotes":""},"categories":[14],"tags":[23,57,28,29,542,32,33,22,74,30,31,35,39,38,36,37,34,40,20,26,27,24,25,276,54,55,56,21,58],"class_list":{"0":"post-50283","1":"post","2":"type-post","3":"status-publish","4":"format-standard","5":"has-post-thumbnail","7":"category-zinas-no-arvalstim","8":"tag-aktualitates","9":"tag-arvalstim","10":"tag-breaking-news","11":"tag-breakingnews","12":"tag-donalds-tramps","13":"tag-featured-news","14":"tag-featurednews","15":"tag-headlines","16":"tag-krievijas-iebrukums-ukraina","17":"tag-latest-news","18":"tag-latestnews","19":"tag-latvia","20":"tag-latvian","21":"tag-latviesu","22":"tag-latviesu-valoda","23":"tag-latviesuvaloda","24":"tag-latvija","25":"tag-lv","26":"tag-news","27":"tag-popularakas-zinas","28":"tag-popularakaszinas","29":"tag-top-stories","30":"tag-topstories","31":"tag-ukraina","32":"tag-world","33":"tag-world-news","34":"tag-worldnews","35":"tag-zinas","36":"tag-zinas-no-arvalstim"},"share_on_mastodon":{"url":"https:\/\/pubeurope.com\/@lv\/115555675898707620","error":""},"_links":{"self":[{"href":"https:\/\/www.europesays.com\/lv\/wp-json\/wp\/v2\/posts\/50283","targetHints":{"allow":["GET"]}}],"collection":[{"href":"https:\/\/www.europesays.com\/lv\/wp-json\/wp\/v2\/posts"}],"about":[{"href":"https:\/\/www.europesays.com\/lv\/wp-json\/wp\/v2\/types\/post"}],"author":[{"embeddable":true,"href":"https:\/\/www.europesays.com\/lv\/wp-json\/wp\/v2\/users\/2"}],"replies":[{"embeddable":true,"href":"https:\/\/www.europesays.com\/lv\/wp-json\/wp\/v2\/comments?post=50283"}],"version-history":[{"count":0,"href":"https:\/\/www.europesays.com\/lv\/wp-json\/wp\/v2\/posts\/50283\/revisions"}],"wp:featuredmedia":[{"embeddable":true,"href":"https:\/\/www.europesays.com\/lv\/wp-json\/wp\/v2\/media\/37722"}],"wp:attachment":[{"href":"https:\/\/www.europesays.com\/lv\/wp-json\/wp\/v2\/media?parent=50283"}],"wp:term":[{"taxonomy":"category","embeddable":true,"href":"https:\/\/www.europesays.com\/lv\/wp-json\/wp\/v2\/categories?post=50283"},{"taxonomy":"post_tag","embeddable":true,"href":"https:\/\/www.europesays.com\/lv\/wp-json\/wp\/v2\/tags?post=50283"}],"curies":[{"name":"wp","href":"https:\/\/api.w.org\/{rel}","templated":true}]}}