{"id":50298,"date":"2025-11-15T21:04:10","date_gmt":"2025-11-15T21:04:10","guid":{"rendered":"https:\/\/www.europesays.com\/lv\/50298\/"},"modified":"2025-11-15T21:04:10","modified_gmt":"2025-11-15T21:04:10","slug":"ukrainas-drama-2025-gada-12-novembri-lente-lv","status":"publish","type":"post","link":"https:\/\/www.europesays.com\/lv\/50298\/","title":{"rendered":"Ukrainas dr\u0101ma 2025. gada 12. novembr\u012b\u00a0\u2014\u00a0Lente.lv"},"content":{"rendered":"<p>Kara atspulgi fotogr\u0101fiju objekt\u012bv\u0101: 12. novembris, 2025<\/p>\n<p>Kara dr\u0101ma Ukrain\u0101 turpina atst\u0101t dzi\u013cas, emocion\u0101las un bie\u017ei vien neizsak\u0101mas p\u0113das cilv\u0113ku dz\u012bv\u0113s. \u0160is konflikts, kas jau gadiem plosa re\u0123ionu, tiek iem\u016b\u017ein\u0101ts ne tikai zi\u0146u virsrakstos, bet ar\u012b starptautisko zi\u0146u a\u0123ent\u016bru fotogr\u0101fu uz\u0146emtaj\u0101s fotogr\u0101fij\u0101s. 2025. gada 12. novembra kadri atkl\u0101j skaudro realit\u0101ti, kur\u0101 dz\u012bvojo\u0161ie ukrai\u0146i saskaras ar ikdienas izaicin\u0101jumiem un nep\u0101rtraukto c\u012b\u0146u par savu n\u0101kotni. Fotogr\u0101fi, st\u0101vot frontes l\u012bnij\u0101s vai pils\u0113t\u0101s, kas piedz\u012bvoju\u0161as post\u012bjumus, dokument\u0113 gan kara ne\u017e\u0113l\u012bbu, gan cilv\u0113cisk\u0101s iztur\u012bbas un cer\u012bbas dzirkstis. Vi\u0146u darbs k\u013c\u016bst par svar\u012bgu vizu\u0101lu liec\u012bbu, kas ne\u013cauj pasaulei aizmirst par notieko\u0161o, radot dzi\u013cu emp\u0101tiju un mudinot uz solidarit\u0101ti. \u0160ie att\u0113li, kas uz\u0146emti da\u017e\u0101dos Ukrainas re\u0123ionos, atspogu\u013co gan civiliedz\u012bvot\u0101ju evaku\u0101ciju, gan medic\u012bnisk\u0101s pal\u012bdz\u012bbas snieg\u0161anu, gan ar\u012b post\u012bjumus, ko atst\u0101ju\u0161i uzbrukumi, piem\u0113ram, Harkiv\u0101. \u0160\u012bs fotogr\u0101fijas ir k\u0101 skaudrs atg\u0101din\u0101jums par kara hum\u0101no cenu, kas nereti paliek \u0113n\u0101 aiz milit\u0101raj\u0101m strat\u0113\u0123ij\u0101m un politiskajiem notikumiem.<\/p>\n<p>Cilv\u0113cisk\u0101s pieredzes arh\u012bvs<\/p>\n<p>Starptautisko zi\u0146u a\u0123ent\u016bru fotogr\u0101fu darbs ir neatsverams, jo tas sp\u0113j iem\u016b\u017ein\u0101t mirk\u013cus, kas cit\u0101di pazustu aizmirst\u012bb\u0101. Vi\u0146u objekt\u012bvi dokument\u0113 ne tikai milit\u0101ru konfliktu, bet ar\u012b cilv\u0113ku likte\u0146us, kas tiek neatgriezeniski main\u012bti. \u0160ie fotogr\u0101fi, daudzi no kuriem pa\u0161i risk\u0113 savu dz\u012bv\u012bbu, dokument\u0113 cilv\u0113ku cie\u0161anas, drosmi un notur\u012bbu. Katrs uz\u0146emtais kadrs ir st\u0101sts \u2013 par izpost\u012bt\u0101m pils\u0113t\u0101m, par dz\u012bv\u0113m, kas sagrautas p\u0101ris mirk\u013cos, un par nenogurdin\u0101mo Ukrainas tautas pretest\u012bbu. \u0160\u012bs fotogr\u0101fijas ir k\u0101 vizu\u0101li v\u0113st\u012bjumi, kas sniedz dzi\u013cu ieskatu cilv\u0113ku pieredz\u0113, radot sp\u0113c\u012bgu emocion\u0101lu rezonansi skat\u012bt\u0101j\u0101. T\u0101s \u013cauj mums saskat\u012bt indiv\u012bdu st\u0101stus aiz statistikas datiem, liekot apzin\u0101ties kara patieso dabu un t\u0101 sekas.<\/p>\n<p>Kara \u0113nas p\u0101r Ukrainu: Notikumu konteksts<\/p>\n<p>Krievijas pla\u0161a m\u0113roga iebrukums Ukrain\u0101, kas s\u0101k\u0101s 2022. gada 24. febru\u0101r\u012b, ir rad\u012bjis nepieredz\u0113tas sekas. S\u0101kotn\u0113jie Krievijas pl\u0101ni \u0101tri ie\u0146emt Kijivu neizdev\u0101s ukrai\u0146u tautas sp\u0113c\u012bg\u0101s pretest\u012bbas d\u0113\u013c. P\u0113c neveiksm\u0113m pie Kijivas, Krievijas sp\u0113ki turpin\u0101ja ofens\u012bvu citos re\u0123ionos, bet Ukrainas pretuzbrukumi, lai gan guvu\u0161i pan\u0101kumus, nav piln\u012bb\u0101 main\u012bju\u0161i kara gaitu, ko Ukrainas armija skaidro ar nepietiekamu Rietumu atbalstu un Krievijas sp\u0113ku izveidotaj\u0101m aizsardz\u012bbas l\u012bnij\u0101m. Situ\u0101cija ir k\u013cuvusi par poz\u012bciju karu ar ilgsto\u0161\u0101m kauj\u0101m, liekot gatavoties ilgtermi\u0146a atbalstam Ukrainai. Krievija turpina uzbrukt civilajiem objektiem, un sagaid\u0101ms, ka ener\u0123\u0113tikas infrastrukt\u016bra joproj\u0101m b\u016bs m\u0113r\u0137is. Neskatoties uz da\u017e\u0101diem miera sarunu m\u0113\u0123in\u0101jumiem, tostarp ar ASV prezidenta Donalda Trampa administr\u0101cijas iesaisti, l\u012bdz \u0161im nav pan\u0101kts noz\u012bm\u012bgs progress. Kara laik\u0101 Ukrain\u0101 notiek ne tikai milit\u0101ras darb\u012bbas, bet ar\u012b pla\u0161as sabiedrisk\u0101s un politisk\u0101s norises, piem\u0113ram, G7 valstu \u0101rlietu ministri pau\u017e stingru atbalstu Ukrainas teritori\u0101lajai nedal\u0101m\u012bbai. Vienlaikus ar\u012b starptautisk\u0101 kopiena cen\u0161as pal\u012bdz\u0113t Ukrainai, pie\u0161\u0137irot tai finansi\u0101lu atbalstu. Fotogr\u0101fu uz\u0146emtie att\u0113li, kas dat\u0113ti ar 2025. gada 12. novembri, atspogu\u013co \u0161o sare\u017e\u0123\u012bto un smago realit\u0101ti, kur\u0101 Ukraina turpina c\u012bn\u012bties par savu suverenit\u0101ti un n\u0101kotni.<\/p>\n","protected":false},"excerpt":{"rendered":"Kara atspulgi fotogr\u0101fiju objekt\u012bv\u0101: 12. novembris, 2025 Kara dr\u0101ma Ukrain\u0101 turpina atst\u0101t dzi\u013cas, emocion\u0101las un bie\u017ei vien neizsak\u0101mas&hellip;\n","protected":false},"author":2,"featured_media":50299,"comment_status":"","ping_status":"","sticky":false,"template":"","format":"standard","meta":{"footnotes":""},"categories":[14],"tags":[13746,23,57,28,29,13747,32,33,7042,22,3354,30,31,35,39,38,36,37,34,40,20,26,27,6118,24,25,54,55,56,21,58],"class_list":{"0":"post-50298","1":"post","2":"type-post","3":"status-publish","4":"format-standard","5":"has-post-thumbnail","7":"category-zinas-no-arvalstim","8":"tag-2025-gada-12-novembris","9":"tag-aktualitates","10":"tag-arvalstim","11":"tag-breaking-news","12":"tag-breakingnews","13":"tag-cilveciskas-ciesanas","14":"tag-featured-news","15":"tag-featurednews","16":"tag-fotografija","17":"tag-headlines","18":"tag-kars-ukraina","19":"tag-latest-news","20":"tag-latestnews","21":"tag-latvia","22":"tag-latvian","23":"tag-latviesu","24":"tag-latviesu-valoda","25":"tag-latviesuvaloda","26":"tag-latvija","27":"tag-lv","28":"tag-news","29":"tag-popularakas-zinas","30":"tag-popularakaszinas","31":"tag-starptautiskas-zinu-agenturas","32":"tag-top-stories","33":"tag-topstories","34":"tag-world","35":"tag-world-news","36":"tag-worldnews","37":"tag-zinas","38":"tag-zinas-no-arvalstim"},"share_on_mastodon":{"url":"https:\/\/pubeurope.com\/@lv\/115555746674246034","error":""},"_links":{"self":[{"href":"https:\/\/www.europesays.com\/lv\/wp-json\/wp\/v2\/posts\/50298","targetHints":{"allow":["GET"]}}],"collection":[{"href":"https:\/\/www.europesays.com\/lv\/wp-json\/wp\/v2\/posts"}],"about":[{"href":"https:\/\/www.europesays.com\/lv\/wp-json\/wp\/v2\/types\/post"}],"author":[{"embeddable":true,"href":"https:\/\/www.europesays.com\/lv\/wp-json\/wp\/v2\/users\/2"}],"replies":[{"embeddable":true,"href":"https:\/\/www.europesays.com\/lv\/wp-json\/wp\/v2\/comments?post=50298"}],"version-history":[{"count":0,"href":"https:\/\/www.europesays.com\/lv\/wp-json\/wp\/v2\/posts\/50298\/revisions"}],"wp:featuredmedia":[{"embeddable":true,"href":"https:\/\/www.europesays.com\/lv\/wp-json\/wp\/v2\/media\/50299"}],"wp:attachment":[{"href":"https:\/\/www.europesays.com\/lv\/wp-json\/wp\/v2\/media?parent=50298"}],"wp:term":[{"taxonomy":"category","embeddable":true,"href":"https:\/\/www.europesays.com\/lv\/wp-json\/wp\/v2\/categories?post=50298"},{"taxonomy":"post_tag","embeddable":true,"href":"https:\/\/www.europesays.com\/lv\/wp-json\/wp\/v2\/tags?post=50298"}],"curies":[{"name":"wp","href":"https:\/\/api.w.org\/{rel}","templated":true}]}}