{"id":5032,"date":"2025-09-25T20:20:08","date_gmt":"2025-09-25T20:20:08","guid":{"rendered":"https:\/\/www.europesays.com\/lv\/5032\/"},"modified":"2025-09-25T20:20:08","modified_gmt":"2025-09-25T20:20:08","slug":"pekina-bus-lielais-rita-teniss","status":"publish","type":"post","link":"https:\/\/www.europesays.com\/lv\/5032\/","title":{"rendered":"Pekin\u0101 b\u016bs lielais r\u012bta teniss"},"content":{"rendered":"<p># Latvijas tenisa eksl\u012bdere <a href=\"https:\/\/sportacentrs.com\/teniss\/anastasija_sevastova\" target=\"_blank\" rel=\"nofollow noopener\">Anastasija Sevastova<\/a> (#221) \u0161eit iek\u013cuva ar speci\u0101lo rangu (sp\u0113l\u0113t\u0101jas reitings, kas bija pirms maternit\u0101tes p\u0101rtraukuma vai pirms ilgsto\u0161a savainojuma) un Pekinas otraj\u0101 k\u0101rt\u0101 sp\u0113l\u0113s pret It\u0101lijas lab\u0101ko tenisisti D\u017easm\u012bnu Paol\u012bni (#8).<\/p>\n<p>\u2022 Sevastovas un Paol\u012bni savstarp\u0113j\u0101s sp\u0113l\u0113s ir 0-3, tostarp zaud\u0113jums \u0161ovasar &#8211; 6:2, 3:6, 2:6.<\/p>\n<p>\u2022 2025. gad\u0101 Sevastovas ir 10-10 bilance, savuk\u0101rt Paol\u012bni \u0161ogad sakr\u0101jusi 36-15.<\/p>\n<p>\u2022 Pekinas turn\u012br\u0101 Sevastova start\u0113 sesto gadu, augst\u0101kais sasniegums ir fin\u0101ls (2018). Paol\u012bni \u0161eit sp\u0113l\u0113 tre\u0161o reizi p\u0113c k\u0101rtas, lab\u0101kais pan\u0101kums ir 1\/8 fin\u0101ls (2023).<\/p>\n<p>\u2022 \u0160oreiz pirmaj\u0101 k\u0101rt\u0101 Latvijas tenisiste p\u0101rsp\u0113ja (<a href=\"https:\/\/sportacentrs.com\/teniss\/24092025-sevastova_pekina_sak_ar_uzvaru\" target=\"_blank\" rel=\"nofollow noopener\">6:3, 7:6<\/a>) austr\u0101lieti Kimberliju Birelu (#88), savuk\u0101rt Paol\u012bni bija atbr\u012bvota no pirm\u0101s k\u0101rtas.<\/p>\n<p>\u2022 Pirms da\u017e\u0101m dien\u0101m Paol\u012bni otro gadu p\u0113c k\u0101rtas <a href=\"https:\/\/sportacentrs.com\/teniss\/21092025-italijas_tenisistes_apspele_amerikanietes\" target=\"_blank\" rel=\"nofollow noopener\">izc\u012bn\u012bja pasaules \u010dempiones titulu<\/a>.<\/p>\n<p>\u2022 Due\u013ca uzvar\u0113t\u0101jai tre\u0161aj\u0101 k\u0101rt\u0101 pret\u012b st\u0101sies, dom\u0101jams, amerik\u0101niete Sofija Kenina (#26).<\/p>\n<p># Otraj\u0101 k\u0101rt\u0101 sp\u0113kosies Baltijas pirm\u0101 rakete <a href=\"https:\/\/sportacentrs.com\/teniss\/jelena_ostapenko\" target=\"_blank\" rel=\"nofollow noopener\">A\u013cona Ostapenko<\/a> (#24) un Austr\u0101lijas piekt\u0101 rakete Prisilla Hona (#108).<\/p>\n<p>\u2022 2025. gad\u0101 Ostapenko ir 18-17 bilance, savuk\u0101rt Hona \u0161ogad sakr\u0101jusi 34-18.<\/p>\n<p>\u2022 Latvijas tenisa l\u012bderei \u0161osezon ir savdab\u012bga bilance ma\u010dos pret da\u017e\u0101da ranga tenisist\u0113m: 10-13 pret \u0101rpus &#8220;top 30&#8221; eso\u0161\u0101m, 4-3 pret #11-30 sp\u0113l\u0113t\u0101j\u0101m, 4-1 pret &#8220;top 5&#8221;.<\/p>\n<p>\u2022 Karjeras laik\u0101 28 gad\u012bg\u0101 Ostapenko triumf\u0113jusi devi\u0146os WTA turn\u012bros, tostarp apr\u012bl\u012b uzvar\u0113ja <a href=\"https:\/\/sportacentrs.com\/teniss\/jelena_ostapenko\/21042025-ostapenko_apspele_ranga_lideri_un_nopelna\" target=\"_blank\" rel=\"nofollow noopener\">\u0160tutgartes &#8220;WTA 500&#8221;<\/a> m\u0101la fin\u0101l\u0101. 27 gad\u012bg\u0101 honkongie\u0161u izcelsmes austr\u0101liete v\u0113l nav izc\u012bn\u012bjusi noz\u012bm\u012bgu titulu.<\/p>\n<p>\u2022 &#8220;Grand Slam&#8221; l\u012bmen\u012b Ostapenko kr\u0101jum\u0101 ir &#8220;French Open&#8221; \u010dempiones tituls (2017) un Vimbldonas pusfin\u0101ls (2018), savuk\u0101rt Hona \u0161oruden sp\u0113l\u0113ja &#8220;US Open&#8221; tre\u0161aj\u0101 k\u0101rt\u0101.<\/p>\n<p>\u2022 Pekinas turn\u012br\u0101 Ostapenko start\u0113 sesto gadu, lab\u0101kais sasniegums ir pusfin\u0101ls (2017). Hona te sacen\u0161as otro gadu p\u0113c k\u0101rtas, p\u0113rn zaud\u0113ja kvalifik\u0101cijas otraj\u0101 k\u0101rt\u0101.<\/p>\n<p>\u2022 Ostapenko tagad bija atbr\u012bvota no pirm\u0101s k\u0101rtas, savuk\u0101rt Hona vispirms uzveica (<a href=\"https:\/\/sportacentrs.com\/teniss\/24092025-golubica_un_hona_pekinas_pirmaja_karta\" target=\"_blank\" rel=\"nofollow noopener\">1:6, 6:3, 7:6<\/a>) \u0161veicieti Viktoriju Golubi\u010du (#70).<\/p>\n<p>\u2022 Sezonas atliku\u0161aj\u0101 da\u013c\u0101 Ostapenko nav j\u0101aizst\u0101v p\u0113rnie punkti, savuk\u0101rt 108. rakete v\u0113las debit\u0113t ranga simtniek\u0101.<\/p>\n<p>\u2022 Sp\u0113l\u0113s laik\u0101 var\u0113tu b\u016bt 28 gr\u0101di.<\/p>\n<p>\u2022 Due\u013ca uzvar\u0113t\u0101jai tre\u0161aj\u0101 pret\u012b st\u0101sies, dom\u0101jams, \u0161veiciete Belinda Ben\u010di\u010da (#16).<\/p>\n<p>\u2022 Otr\u0101s k\u0101rtas dal\u012bbniece nopelna 35 punktus rangam un 35 260 ASV dol\u0101ru naudas balvu, savuk\u0101rt par tre\u0161o k\u0101rtu pien\u0101kas attiec\u012bgi 65 un 60 400.<\/p>\n<p>Izmantotie resursi:<br \/><a href=\"https:\/\/www.wtatennis.com\/tournaments\/china-open\/draws\" target=\"_blank\" rel=\"nofollow noopener\">wtatennis.com<\/a><\/p>\n","protected":false},"excerpt":{"rendered":"# Latvijas tenisa eksl\u012bdere Anastasija Sevastova (#221) \u0161eit iek\u013cuva ar speci\u0101lo rangu (sp\u0113l\u0113t\u0101jas reitings, kas bija pirms maternit\u0101tes&hellip;\n","protected":false},"author":2,"featured_media":5033,"comment_status":"","ping_status":"","sticky":false,"template":"","format":"standard","meta":{"footnotes":""},"categories":[17],"tags":[35,39,38,36,37,34,40,67,683],"class_list":{"0":"post-5032","1":"post","2":"type-post","3":"status-publish","4":"format-standard","5":"has-post-thumbnail","7":"category-sports","8":"tag-latvia","9":"tag-latvian","10":"tag-latviesu","11":"tag-latviesu-valoda","12":"tag-latviesuvaloda","13":"tag-latvija","14":"tag-lv","15":"tag-sports","16":"tag-teniss"},"share_on_mastodon":{"url":"","error":""},"_links":{"self":[{"href":"https:\/\/www.europesays.com\/lv\/wp-json\/wp\/v2\/posts\/5032","targetHints":{"allow":["GET"]}}],"collection":[{"href":"https:\/\/www.europesays.com\/lv\/wp-json\/wp\/v2\/posts"}],"about":[{"href":"https:\/\/www.europesays.com\/lv\/wp-json\/wp\/v2\/types\/post"}],"author":[{"embeddable":true,"href":"https:\/\/www.europesays.com\/lv\/wp-json\/wp\/v2\/users\/2"}],"replies":[{"embeddable":true,"href":"https:\/\/www.europesays.com\/lv\/wp-json\/wp\/v2\/comments?post=5032"}],"version-history":[{"count":0,"href":"https:\/\/www.europesays.com\/lv\/wp-json\/wp\/v2\/posts\/5032\/revisions"}],"wp:featuredmedia":[{"embeddable":true,"href":"https:\/\/www.europesays.com\/lv\/wp-json\/wp\/v2\/media\/5033"}],"wp:attachment":[{"href":"https:\/\/www.europesays.com\/lv\/wp-json\/wp\/v2\/media?parent=5032"}],"wp:term":[{"taxonomy":"category","embeddable":true,"href":"https:\/\/www.europesays.com\/lv\/wp-json\/wp\/v2\/categories?post=5032"},{"taxonomy":"post_tag","embeddable":true,"href":"https:\/\/www.europesays.com\/lv\/wp-json\/wp\/v2\/tags?post=5032"}],"curies":[{"name":"wp","href":"https:\/\/api.w.org\/{rel}","templated":true}]}}