{"id":50328,"date":"2025-11-15T22:07:09","date_gmt":"2025-11-15T22:07:09","guid":{"rendered":"https:\/\/www.europesays.com\/lv\/50328\/"},"modified":"2025-11-15T22:07:09","modified_gmt":"2025-11-15T22:07:09","slug":"repere-atzime-jaunu-dzives-posmu-lente-lv","status":"publish","type":"post","link":"https:\/\/www.europesays.com\/lv\/50328\/","title":{"rendered":"Repere atz\u012bm\u0113 jaunu dz\u012bves posmu\u00a0\u2014\u00a0Lente.lv"},"content":{"rendered":"<p>Priec\u012bgas zi\u0146as slaven\u012bbu pasaul\u0113<\/p>\n<p>Pasaulslaven\u0101 repere Cardi B ir k\u013cuvusi par \u010detru b\u0113rnu m\u0101mi\u0146u. \u0160is ir vi\u0146as pirmais b\u0113rni\u0146\u0161, kas dzimis attiec\u012bb\u0101s ar amerik\u0101\u0146u futbola komandas \u201cNew England Patriots\u201d sp\u0113l\u0113t\u0101ju Stefonu Digsu. Priec\u012bg\u0101 v\u0113sts izskan\u0113jusi 13. novembr\u012b, liekot aiz auss da\u017e\u0101d\u0101m spekul\u0101cij\u0101m un baum\u0101m, kas kl\u012bda pirms tam. Cardi B pati sav\u0101s soci\u0101lo t\u012bklu platform\u0101s dal\u012bjusies ar emocion\u0101lu ierakstu, nor\u0101dot, ka \u0161is ir jauns un aizraujo\u0161s dz\u012bves posms, ko vi\u0146a raksturo k\u0101 \u201cMe vs. Me\u201d jeb \u201cEs pret sevi\u201d. Tas simboliz\u0113 vi\u0146as person\u012bg\u0101s izaugsmes un pilnveido\u0161an\u0101s ce\u013cu.<\/p>\n<p>Jauns s\u0101kums un m\u0101tes lomas piepild\u012bjums<\/p>\n<p>Repere uzsver, ka jaunais dz\u012bves posms ir gan izaicin\u0101jums, gan ar\u012b \u013coti v\u0113rt\u012bgs piedz\u012bvojums. Vi\u0146a pau\u017e saj\u016bsmu un dzi\u013cu gandar\u012bjumu par savu jauno m\u0101mi\u0146as lomu, piebilstot, ka katrs b\u0113rns ir jauns un sp\u0113c\u012bgs iemesls k\u013c\u016bt par v\u0113l lab\u0101ku sevis versiju. \u201cJauna dz\u012bve man\u0101 pasaul\u0113 un v\u0113l viens iemesls b\u016bt lab\u0101kajai savai versijai, v\u0113l viens iemesls vair\u0101k sevi m\u012bl\u0113t, lai es var\u0113tu turpin\u0101t dot saviem b\u0113rniem m\u012blest\u012bbu un dz\u012bvi, kuru vi\u0146i ir peln\u012bju\u0161i,\u201d Cardi B atkl\u0101jusi saviem faniem. Vi\u0146a ir p\u0101rliecin\u0101ta, ka sp\u0113j veiksm\u012bgi balans\u0113t starp sav\u0101m karjeras amb\u012bcij\u0101m un m\u0101tes pien\u0101kumiem, un \u0161obr\u012bd j\u016btas sp\u0113c\u012bg\u0101ka nek\u0101 jebkad agr\u0101k, gatavojoties gaid\u0101majai turnejai un r\u016bp\u0113joties par savu ment\u0101lo un fizisko labsaj\u016btu.<\/p>\n<p>Iepriek\u0161\u0113j\u0101s attiec\u012bbas un stipras \u0123imenes v\u0113rt\u012bbas<\/p>\n<p>\u0160is ir reperes ceturtais b\u0113rns kopum\u0101. Vi\u0146a jau ir tr\u012bs b\u0113rnu \u2013 meitu Kulture un Blossom, k\u0101 ar\u012b d\u0113la Veiva \u2013 m\u0101te no iepriek\u0161\u0113j\u0101m attiec\u012bb\u0101m ar reperi Offsetu. Stefons Digss ir t\u0113vs asto\u0146us gadus vecai meitai Novai, kas n\u0101k no vi\u0146a iepriek\u0161\u0113j\u0101m attiec\u012bb\u0101m. Cardi B jau iepriek\u0161 ir paudusi v\u0113lmi, lai vi\u0146as b\u0113rni k\u0101dreiz p\u0101rsp\u0113tu vi\u0146as sasniegumus, uzsverot, ka audzina vi\u0146us gan ar lielu m\u012blest\u012bbu, gan ar\u012b ar stingru audzin\u0101\u0161anu. Attiec\u012bbas starp Cardi B un Stefons Diggs publiski k\u013cuva zin\u0101mas 2024. gada nogal\u0113, un p\u0101ris savu m\u012blest\u012bbu nav sl\u0113pis. Lai gan Cardi B un Offseta \u0161\u0137ir\u0161an\u0101s process v\u0113l nav nosl\u0113dzies, reper\u012bte pau\u017e cer\u012bbu uz veiksm\u012bgu sadarb\u012bbu b\u0113rnu audzin\u0101\u0161an\u0101 ar\u012b turpm\u0101k. Vi\u0146a ir atv\u0113rta jauniem izaicin\u0101jumiem un uzskata, ka \u0161obr\u012bd ir stipr\u0101ka un apzin\u0101t\u0101ka nek\u0101 jebkad agr\u0101k.<\/p>\n","protected":false},"excerpt":{"rendered":"Priec\u012bgas zi\u0146as slaven\u012bbu pasaul\u0113 Pasaulslaven\u0101 repere Cardi B ir k\u013cuvusi par \u010detru b\u0113rnu m\u0101mi\u0146u. \u0160is ir vi\u0146as pirmais&hellip;\n","protected":false},"author":2,"featured_media":50329,"comment_status":"","ping_status":"","sticky":false,"template":"","format":"standard","meta":{"footnotes":""},"categories":[19],"tags":[934,89,90,13761,35,39,38,36,37,34,40,9970,4150,13760],"class_list":{"0":"post-50328","1":"post","2":"type-post","3":"status-publish","4":"format-standard","5":"has-post-thumbnail","7":"category-izklaide","8":"tag-cardi-b","9":"tag-entertainment","10":"tag-izklaide","11":"tag-jauns-berns","12":"tag-latvia","13":"tag-latvian","14":"tag-latviesu","15":"tag-latviesu-valoda","16":"tag-latviesuvaloda","17":"tag-latvija","18":"tag-lv","19":"tag-mamina","20":"tag-slavenibu-zinas","21":"tag-stefons-digss"},"share_on_mastodon":{"url":"https:\/\/pubeurope.com\/@lv\/115555994426956978","error":""},"_links":{"self":[{"href":"https:\/\/www.europesays.com\/lv\/wp-json\/wp\/v2\/posts\/50328","targetHints":{"allow":["GET"]}}],"collection":[{"href":"https:\/\/www.europesays.com\/lv\/wp-json\/wp\/v2\/posts"}],"about":[{"href":"https:\/\/www.europesays.com\/lv\/wp-json\/wp\/v2\/types\/post"}],"author":[{"embeddable":true,"href":"https:\/\/www.europesays.com\/lv\/wp-json\/wp\/v2\/users\/2"}],"replies":[{"embeddable":true,"href":"https:\/\/www.europesays.com\/lv\/wp-json\/wp\/v2\/comments?post=50328"}],"version-history":[{"count":0,"href":"https:\/\/www.europesays.com\/lv\/wp-json\/wp\/v2\/posts\/50328\/revisions"}],"wp:featuredmedia":[{"embeddable":true,"href":"https:\/\/www.europesays.com\/lv\/wp-json\/wp\/v2\/media\/50329"}],"wp:attachment":[{"href":"https:\/\/www.europesays.com\/lv\/wp-json\/wp\/v2\/media?parent=50328"}],"wp:term":[{"taxonomy":"category","embeddable":true,"href":"https:\/\/www.europesays.com\/lv\/wp-json\/wp\/v2\/categories?post=50328"},{"taxonomy":"post_tag","embeddable":true,"href":"https:\/\/www.europesays.com\/lv\/wp-json\/wp\/v2\/tags?post=50328"}],"curies":[{"name":"wp","href":"https:\/\/api.w.org\/{rel}","templated":true}]}}