{"id":50343,"date":"2025-11-15T22:34:12","date_gmt":"2025-11-15T22:34:12","guid":{"rendered":"https:\/\/www.europesays.com\/lv\/50343\/"},"modified":"2025-11-15T22:34:12","modified_gmt":"2025-11-15T22:34:12","slug":"nozelojams-glevulis-billija-eilisa-asi-nosoda-ilonu-masku-un-aicina-vina-bagatibu-novirzit-ziedojumiem","status":"publish","type":"post","link":"https:\/\/www.europesays.com\/lv\/50343\/","title":{"rendered":"&#8220;No\u017e\u0113lojams g\u013c\u0113vulis&#8221; \u2013 Billija Eili\u0161a asi nosoda \u012alonu Masku un aicina vi\u0146a bag\u0101t\u012bbu novirz\u012bt ziedojumiem"},"content":{"rendered":"<p>Amerik\u0101\u0146u popzvaigzne Billija Eili\u0161a atkal kritiz\u0113 miljardierus, \u0161oreiz tie\u0161i uzrun\u0101jot &#8220;<a rel=\"noopener nofollow\" target=\"_blank\" href=\"https:\/\/www.delfi.lv\/temas\/42470256\/tesla\" tag-id=\"42470256\">Tesla<\/a>&#8221; dibin\u0101t\u0101ju \u012alonu Masku. Ceturtdien, 13. novembr\u012b, vi\u0146a savos &#8220;Instagram&#8221; st\u0101stos p\u0101rpublic\u0113ja kampa\u0146as &#8220;My Voice, My Choice&#8221; veidotu ierakstu ar virsrakstu par Masku k\u0101 potenci\u0101lo pasaules pirmo triljon\u0101ru un piebildi, ko vi\u0146\u0161 ar \u0161o naudu var\u0113tu izdar\u012bt.<\/p>\n<p>Dzied\u0101t\u0101ja aicina \u0161\u0101du bag\u0101t\u012bbu novirz\u012bt filantropijai, piem\u0113ram, ik gadu t\u0113r\u0113t 40 miljardus dol\u0101ru c\u012b\u0146ai ar badu, 140 miljardus dol\u0101ru septi\u0146u gadu laik\u0101 dro\u0161a dzeram\u0101 \u016bdens nodro\u0161in\u0101\u0161anai vis\u0101 pasaul\u0113, 1\u20132 miljardus dol\u0101ru gad\u0101 kritiski apdraud\u0113to sugu gl\u0101b\u0161anai, k\u0101 ar\u012b 53,2 miljardus dol\u0101ru Gazas un okup\u0113t\u0101 Rietumkrasta atjauno\u0161anai. Eili\u0161a public\u0113ja ar\u012b att\u0113lu ar rupj\u012bb\u0101m pies\u0101tin\u0101tu tekstu, kur\u0101 Masku nod\u0113v\u0113ja par &#8220;no\u017e\u0113lojamu g\u013c\u0113vuli&#8221; un lietoja v\u0113l vair\u0101kus citus lamuv\u0101rdus, v\u0113sta &#8220;USA Today&#8221;.<\/p>\n<p class=\"MsoNormal\">Masks pagaid\u0101m v\u0113l nav triljon\u0101rs \u2013 runa ir par akcion\u0101ru apstiprin\u0101tu akciju kompens\u0101cijas paketi, kas vi\u0146u teor\u0113tiski var\u0113tu padar\u012bt par pirmo cilv\u0113ku ar triljons dol\u0101ru bag\u0101t\u012bbu. 6. novembr\u012b &#8220;Tesla&#8221; akcion\u0101ri nobalsoja par akciju pie\u0161\u0137ir\u0161anas pl\u0101nu, kura bruto v\u0113rt\u012bba teor\u0113tiski var sasniegt aptuveni triljonu dol\u0101ru, ja uz\u0146\u0113mums n\u0101kam\u0101s desmitgades laik\u0101 izpilda virkni finan\u0161u m\u0113r\u0137u, tostarp sasniedz aptuveni 8,5 triljonu dol\u0101ru tirgus kapitaliz\u0101ciju un \u012bsteno robottaksometru un humano\u012bdo robotu masveida ievie\u0161anu.<\/p>\n<p class=\"m-0\">Seko &#8220;Delfi&#8221; ar\u012b  <a target=\"_blank\" href=\"https:\/\/www.instagram.com\/delfi.lv\/\" rel=\"nofollow noopener\">Instagram<\/a>  un <a target=\"_blank\" href=\"https:\/\/www.youtube.com\/channel\/UCw5foWtcJvAbUm64rv7jwUQ\" rel=\"nofollow noopener\">YouTube<\/a>  profil\u0101 \u2013 pievienojies, lai uzzin\u0101tu svar\u012bg\u0101ko un interesant\u0101ko pirmais!<\/p>\n<p>Publik\u0101cijas saturs vai t\u0101s jebk\u0101da apjoma da\u013ca ir aizsarg\u0101ts autorties\u012bbu objekts Autorties\u012bbu likuma izpratn\u0113, un t\u0101 izmanto\u0161ana bez izdev\u0113ja at\u013caujas ir aizliegta. Vair\u0101k lasi  <a target=\"_blank\" href=\"https:\/\/www.delfi.lv\/noteikumi#autortiesibas\" rel=\"nofollow noopener\">\u0161eit<\/a><script async src=\"\/\/www.instagram.com\/embed.js\"><\/script><\/p>\n","protected":false},"excerpt":{"rendered":"Amerik\u0101\u0146u popzvaigzne Billija Eili\u0161a atkal kritiz\u0113 miljardierus, \u0161oreiz tie\u0161i uzrun\u0101jot &#8220;Tesla&#8221; dibin\u0101t\u0101ju \u012alonu Masku. Ceturtdien, 13. novembr\u012b, vi\u0146a&hellip;\n","protected":false},"author":2,"featured_media":50344,"comment_status":"","ping_status":"","sticky":false,"template":"","format":"standard","meta":{"footnotes":""},"categories":[14],"tags":[23,57,28,29,32,33,22,79,30,31,35,39,38,36,37,34,40,5031,20,26,27,81,24,25,54,55,56,21,58],"class_list":{"0":"post-50343","1":"post","2":"type-post","3":"status-publish","4":"format-standard","5":"has-post-thumbnail","7":"category-zinas-no-arvalstim","8":"tag-aktualitates","9":"tag-arvalstim","10":"tag-breaking-news","11":"tag-breakingnews","12":"tag-featured-news","13":"tag-featurednews","14":"tag-headlines","15":"tag-ilons-masks","16":"tag-latest-news","17":"tag-latestnews","18":"tag-latvia","19":"tag-latvian","20":"tag-latviesu","21":"tag-latviesu-valoda","22":"tag-latviesuvaloda","23":"tag-latvija","24":"tag-lv","25":"tag-miljardieri","26":"tag-news","27":"tag-popularakas-zinas","28":"tag-popularakaszinas","29":"tag-tesla","30":"tag-top-stories","31":"tag-topstories","32":"tag-world","33":"tag-world-news","34":"tag-worldnews","35":"tag-zinas","36":"tag-zinas-no-arvalstim"},"share_on_mastodon":{"url":"https:\/\/pubeurope.com\/@lv\/115556100543120916","error":""},"_links":{"self":[{"href":"https:\/\/www.europesays.com\/lv\/wp-json\/wp\/v2\/posts\/50343","targetHints":{"allow":["GET"]}}],"collection":[{"href":"https:\/\/www.europesays.com\/lv\/wp-json\/wp\/v2\/posts"}],"about":[{"href":"https:\/\/www.europesays.com\/lv\/wp-json\/wp\/v2\/types\/post"}],"author":[{"embeddable":true,"href":"https:\/\/www.europesays.com\/lv\/wp-json\/wp\/v2\/users\/2"}],"replies":[{"embeddable":true,"href":"https:\/\/www.europesays.com\/lv\/wp-json\/wp\/v2\/comments?post=50343"}],"version-history":[{"count":0,"href":"https:\/\/www.europesays.com\/lv\/wp-json\/wp\/v2\/posts\/50343\/revisions"}],"wp:featuredmedia":[{"embeddable":true,"href":"https:\/\/www.europesays.com\/lv\/wp-json\/wp\/v2\/media\/50344"}],"wp:attachment":[{"href":"https:\/\/www.europesays.com\/lv\/wp-json\/wp\/v2\/media?parent=50343"}],"wp:term":[{"taxonomy":"category","embeddable":true,"href":"https:\/\/www.europesays.com\/lv\/wp-json\/wp\/v2\/categories?post=50343"},{"taxonomy":"post_tag","embeddable":true,"href":"https:\/\/www.europesays.com\/lv\/wp-json\/wp\/v2\/tags?post=50343"}],"curies":[{"name":"wp","href":"https:\/\/api.w.org\/{rel}","templated":true}]}}