{"id":50360,"date":"2025-11-15T23:31:06","date_gmt":"2025-11-15T23:31:06","guid":{"rendered":"https:\/\/www.europesays.com\/lv\/50360\/"},"modified":"2025-11-15T23:31:06","modified_gmt":"2025-11-15T23:31:06","slug":"animacijas-filma-dieva-suns-atklas-rigas-starptautisko-kino-festivalu-un-pretendes-uz-oskara-balvu-lente-lv-3","status":"publish","type":"post","link":"https:\/\/www.europesays.com\/lv\/50360\/","title":{"rendered":"Anim\u0101cijas filma \u00abDieva suns\u00bb atkl\u0101s R\u012bgas Starptautisko kino festiv\u0101lu un pretend\u0113s uz \u00abOskara\u00bb balvu\u00a0\u2014\u00a0Lente.lv"},"content":{"rendered":"<p>Festiv\u0101la atkl\u0101\u0161anas filma un kandid\u0101te \u00abOskara\u00bb balvai<\/p>\n<p>Br\u0101\u013cu Laura un Raita \u0100be\u013cu veidot\u0101 filma \u00abDieva suns\u00bb ir izv\u0113l\u0113ta par Latvijas p\u0101rst\u0101vi presti\u017eaj\u0101 R\u012bgas Starptautiskaj\u0101 kinofestiv\u0101l\u0101 (RIGA IFF). \u0160\u012b unik\u0101l\u0101 anim\u0101cijas filma, kas jau iekarojusi starptautisku atzin\u012bbu un ir izvirz\u012bta ar\u012b k\u0101 Latvijas kandid\u0101te \u00abOskara\u00bb balvai Gada lab\u0101k\u0101s starptautisk\u0101s filmas kategorij\u0101, atkl\u0101s festiv\u0101la 12. sezonu 16. oktobr\u012b. Filma, kas pasaules pirmizr\u0101di piedz\u012bvoja Traibekas festiv\u0101l\u0101 \u0145ujork\u0101, izce\u013cas ar drosm\u012bgu un novatorisku pieeju, izmantojot reti sastopamo rotoskopijas anim\u0101cijas tehniku. T\u0101s st\u0101sts aizved skat\u012bt\u0101jus uz 17. gadsimta Livoniju, atkl\u0101jot mistiskus notikumus un saistoties ar slaveno \u00abvilka\u010da T\u012bsa lietu\u00bb .<\/p>\n<p>Filmu konkursa \u00abSpogulis\u00bb spo\u017e\u0101kais akcents<\/p>\n<p>\u00abDieva suns\u00bb sacent\u012bsies pilnmetr\u0101\u017eas filmu konkurs\u0101 kop\u0101 ar asto\u0146iem citiem izmekl\u0113tiem darbiem no da\u017e\u0101d\u0101m valst\u012bm, tostarp D\u0101nijas, Lietuvas, Norv\u0113\u0123ijas, Ukrainas un Zviedrijas. Festiv\u0101la epicentrs ir tie\u0161i \u0161is konkurss, kur\u0101 tiek pasniegts galvenais apbalvojums \u2013 bronzas statuete un 5 000 eiro naudas balva . \u017d\u016brijas komisija sast\u0101v no atz\u012btiem kino nozares profesion\u0101\u013ciem, tostarp fran\u010du kuratora Tibo Braksa, igau\u0146u re\u017eisores Annas Hintas, latvie\u0161u producentes Alises \u0122elzes, norv\u0113\u0123u producentes Gudnijas Humelvolla un Kannu kinofestiv\u0101la Filmu departamenta vad\u012bt\u0101ja Kristi\u0101na \u017d\u0113na .<\/p>\n<p>Latvijas kino daudzveid\u012bba RIGA IFF programm\u0101<\/p>\n<p>\u0160ogad RIGA IFF programm\u0101 Latviju p\u0101rst\u0101v ne tikai \u00abDieva suns\u00bb, bet ar\u012b citas spilgtas filmas. Konkurs\u0101 iek\u013cauts J\u0101\u0146a \u0100beles dokument\u0101lais detekt\u012bvs \u00abTestaments\u00bb, kas aizved skat\u012bt\u0101jus ce\u013cojum\u0101 pa Rietumeiropas sarkano lukturu rajoniem, un Kristas Bur\u0101nes muzik\u0101l\u0101 \u012bpa\u0161vietas izr\u0101de, kas fiks\u0113ta kino form\u0101t\u0101, piev\u0113r\u0161oties gan tautasdziesm\u0101m, gan dramatiskaj\u0101m p\u0101rmai\u0146\u0101m putnu sugu popul\u0101cij\u0101 Latvij\u0101 . Filmas ir apliecin\u0101jums Latvijas kino daudzveid\u012bbai, pied\u0101v\u0101jot gan emocion\u0101li nospriegotus dokument\u0101los darbus, gan smalkus autoru rokrakstus un izteiksm\u012bgus cilv\u0113kst\u0101stus .<\/p>\n<p>Starptautisk\u0101 atzin\u012bba un kinoakad\u0113miju uzman\u012bba<\/p>\n<p>\u00abDieva suns\u00bb ir sa\u0146\u0113musi iev\u0113rojamu starptautisko uzman\u012bbu. Papildus izvirz\u012b\u0161anai \u00abOskara\u00bb balvai, filma ir iek\u013cauta ar\u012b Eiropas Kinoakad\u0113mijas balvu \u00ab\u012bso sarakstu\u00bb pretendentu vid\u016b . \u0160\u012b presti\u017e\u0101 atzin\u012bba apliecina filmas m\u0101ksliniecisko v\u0113rt\u012bbu un t\u0101s sp\u0113ju rezon\u0113t ar glob\u0101lo kino publiku. \u00abDieva suns\u00bb iepriek\u0161 tika izvirz\u012bta Kannu kinofestiv\u0101la programmai \u00abFantastic 7\u00bb, kas paredz\u0113ta septi\u0146iem aizraujo\u0161\u0101kajiem \u017eanru filmu projektiem no visas pasaules .<\/p>\n<p>R\u012bgas Starptautiskais kino festiv\u0101ls \u2013 dinamiska platforma jaunajam kino<\/p>\n<p>RIGA IFF, kas notiks no 16. l\u012bdz 26. oktobrim, pied\u0101v\u0101 daudzveid\u012bgu programmu, kur\u0101 iek\u013cauti ne tikai konkursu darbi, bet ar\u012b jaun\u0101kie veikumi no citu Baltijas j\u016bras re\u0123iona un Zieme\u013cvalstu kino veidot\u0101jiem . Festiv\u0101la rado\u0161\u0101 direktore Sonora Broka uzsver, ka konkurs\u0101 iek\u013cautie darbi \u00abelpo l\u012bdz ar pasauli\u00bb, pat ja to si\u017eeti risin\u0101s v\u0113sturiskos laikos. Filmu varo\u0146i mekl\u0113 savu identit\u0101ti, cen\u0161as saprast dz\u012bves un n\u0101ves mist\u0113rijas, atspogu\u013cojot m\u016bsdienu cilv\u0113ka satraukumus un alkas . Bi\u013cetes uz seansiem jau ir pieejamas festiv\u0101la m\u0101jaslap\u0101 un \u00abBi\u013ce\u0161u serviss\u00bb tirdzniec\u012bbas viet\u0101s.<\/p>\n","protected":false},"excerpt":{"rendered":"Festiv\u0101la atkl\u0101\u0161anas filma un kandid\u0101te \u00abOskara\u00bb balvai Br\u0101\u013cu Laura un Raita \u0100be\u013cu veidot\u0101 filma \u00abDieva suns\u00bb ir izv\u0113l\u0113ta&hellip;\n","protected":false},"author":2,"featured_media":50361,"comment_status":"","ping_status":"","sticky":false,"template":"","format":"standard","meta":{"footnotes":""},"categories":[19],"tags":[2462,4191,89,90,35,39,38,36,37,34,40,6893,3876,7491],"class_list":{"0":"post-50360","1":"post","2":"type-post","3":"status-publish","4":"format-standard","5":"has-post-thumbnail","7":"category-izklaide","8":"tag-animacijas-filma","9":"tag-dieva-suns","10":"tag-entertainment","11":"tag-izklaide","12":"tag-latvia","13":"tag-latvian","14":"tag-latviesu","15":"tag-latviesu-valoda","16":"tag-latviesuvaloda","17":"tag-latvija","18":"tag-lv","19":"tag-oskara-balva","20":"tag-riga-iff","21":"tag-rigas-starptautiskais-kinofestivals"},"share_on_mastodon":{"url":"https:\/\/pubeurope.com\/@lv\/115556324657659440","error":""},"_links":{"self":[{"href":"https:\/\/www.europesays.com\/lv\/wp-json\/wp\/v2\/posts\/50360","targetHints":{"allow":["GET"]}}],"collection":[{"href":"https:\/\/www.europesays.com\/lv\/wp-json\/wp\/v2\/posts"}],"about":[{"href":"https:\/\/www.europesays.com\/lv\/wp-json\/wp\/v2\/types\/post"}],"author":[{"embeddable":true,"href":"https:\/\/www.europesays.com\/lv\/wp-json\/wp\/v2\/users\/2"}],"replies":[{"embeddable":true,"href":"https:\/\/www.europesays.com\/lv\/wp-json\/wp\/v2\/comments?post=50360"}],"version-history":[{"count":0,"href":"https:\/\/www.europesays.com\/lv\/wp-json\/wp\/v2\/posts\/50360\/revisions"}],"wp:featuredmedia":[{"embeddable":true,"href":"https:\/\/www.europesays.com\/lv\/wp-json\/wp\/v2\/media\/50361"}],"wp:attachment":[{"href":"https:\/\/www.europesays.com\/lv\/wp-json\/wp\/v2\/media?parent=50360"}],"wp:term":[{"taxonomy":"category","embeddable":true,"href":"https:\/\/www.europesays.com\/lv\/wp-json\/wp\/v2\/categories?post=50360"},{"taxonomy":"post_tag","embeddable":true,"href":"https:\/\/www.europesays.com\/lv\/wp-json\/wp\/v2\/tags?post=50360"}],"curies":[{"name":"wp","href":"https:\/\/api.w.org\/{rel}","templated":true}]}}