{"id":50364,"date":"2025-11-16T00:01:08","date_gmt":"2025-11-16T00:01:08","guid":{"rendered":"https:\/\/www.europesays.com\/lv\/50364\/"},"modified":"2025-11-16T00:01:08","modified_gmt":"2025-11-16T00:01:08","slug":"cels-no-rezeknes-lidz-makoniem-un-sapni-par-kino-lente-lv","status":"publish","type":"post","link":"https:\/\/www.europesays.com\/lv\/50364\/","title":{"rendered":"Ce\u013c\u0161 no R\u0113zeknes l\u012bdz &#8220;M\u0101ko\u0146iem&#8221; un sap\u0146i par kino\u00a0\u2014\u00a0Lente.lv"},"content":{"rendered":"<p>No R\u0113zeknes l\u012bdz &#8220;M\u0101ko\u0146iem&#8221;: Dionas muzik\u0101lais ce\u013c\u0161 caur \u0113rk\u0161\u0137iem<\/p>\n<p>Diona Liepi\u0146a, m\u016bsdien\u0101s paz\u012bstama vienk\u0101r\u0161i k\u0101 Diona, ir spo\u017ea zvaigzne Latvijas m\u016bzikas ainav\u0101. Vi\u0146as st\u0101sts ir iedvesmojo\u0161s piem\u0113rs tam, k\u0101 ar neatlaid\u012bbu, talantu un sp\u0113c\u012bgu v\u012bziju var sasniegt sap\u0146us, pat n\u0101kot no maz\u0101kas pils\u0113tas k\u0101 R\u0113zekne. Piecu gadu laik\u0101 Diona ir no jaunas, ambiciozas dzied\u0101t\u0101jas izaugusi par m\u0101kslinieci ar diviem albumiem, savu meite\u0146u grupu un atpaz\u012bstam\u012bbu vis\u0101 Latvij\u0101. Vi\u0146as ce\u013c\u0161 neb\u016bt nav bijis nokl\u0101ts ar roz\u0113m, bet gan ar izaicin\u0101jumiem, ko vi\u0146a drosm\u012bgi pievar\u0113jusi, lau\u017eot ce\u013cu m\u016bzikas industrij\u0101 bez sponsoru atbalsta un paz\u012bstamu aizst\u0101vju pal\u012bdz\u012bbas.<\/p>\n<p>Pirmie so\u013ci un atpaz\u012bstam\u012bba<\/p>\n<p>Dionas muzik\u0101lais ce\u013cojums aizs\u0101k\u0101s R\u0113zekn\u0113, ta\u010du jau agr\u012bn\u0101 jaun\u012bb\u0101 vi\u0146a dev\u0101s uz R\u012bgu, lai uz\u0146emtu savu pirmo interviju. \u0160is solis, lai ar\u012b \u0161\u0137iet neliels, bija noz\u012bm\u012bgs pirmais pav\u0113rsiens vi\u0146as karjer\u0101. Tom\u0113r pla\u0161\u0101ku atpaz\u012bstam\u012bbu Diona ieguva, piedaloties popul\u0101raj\u0101 telev\u012bzijas \u0161ov\u0101 \u201cX Faktors\u201d. Tur vi\u0146a ne tikai demonstr\u0113ja savu unik\u0101lo vok\u0101lo talantu un sp\u0113ju aizkustin\u0101t auditoriju, bet ar\u012b par\u0101d\u012bja savu person\u012bbu, kas uzreiz iekaroja daudzu skat\u012bt\u0101ju sirdis. P\u0113c \u0161ova Dionai ir izdevies veiksm\u012bgi turpin\u0101t savu muzik\u0101lo att\u012bst\u012bbu, radot dziesmas, kas bie\u017ei ir personiskas un dzi\u013ci j\u016bt\u012bgas, atrodot dzi\u013cu rezonansi klaus\u012bt\u0101ju vid\u016b. Vi\u0146as dziesma \u201cEs Aizeju\u201d k\u013cuva par vienu no vi\u0146as noz\u012bm\u012bg\u0101kajiem hitiem, nostiprinot vi\u0146as poz\u012bcijas Latvijas m\u016bzikas aprit\u0113. Dzied\u0101t\u0101ja ir dzimusi 2002. gad\u0101, kas noz\u012bm\u0113, ka 2025. gad\u0101 vi\u0146ai ir 23 gadi, spilgti apliecinot, ka jaun\u012bba un talants var nest spo\u017eus rezult\u0101tus.<\/p>\n<p>C\u012b\u0146a ar dzelteno presi un m\u016bzikas industriju<\/p>\n<p>Dionas ce\u013c\u0161 nav bijis viegls, \u012bpa\u0161i saskaroties ar dzelten\u0101s preses uzman\u012bbu un ne vienm\u0113r god\u012bgu attieksmi. Vi\u0146a ir sask\u0101rusies ar da\u017e\u0101d\u0101m baum\u0101m un spekul\u0101cij\u0101m par savu priv\u0101to dz\u012bvi, ta\u010du ir sp\u0113jusi saglab\u0101t mieru un koncentr\u0113ties uz savu rado\u0161o darb\u012bbu. K\u0101 dzied\u0101t\u0101ja pati atz\u012bst, m\u016bzikas industrija ir ne\u017e\u0113l\u012bga, un, lai taj\u0101 izsistos, ir nepiecie\u0161ams ne tikai talants, bet ar\u012b milz\u012bga neatlaid\u012bba un pa\u0161iniciat\u012bva. Diona ir pier\u0101d\u012bjusi, ka var g\u016bt pan\u0101kumus bez sponsoru un paz\u012bstamu vec\u0101ku pal\u012bdz\u012bbas, pa\u013caujoties tikai uz saviem sp\u0113kiem un talantu. Vi\u0146as sp\u0113ja stabili tur\u0113ties sav\u0101s v\u0113rt\u012bb\u0101s un neatk\u0101pties no saviem m\u0113r\u0137iem ir apliecin\u0101jums vi\u0146as stiprajai person\u012bbai.<\/p>\n<p>Iedvesma no M\u0101rti\u0146a Freima\u0146a un sapnis par kino<\/p>\n<p>Diona nekad nav sl\u0113pusi, ka vi\u0146u ir iedvesmojis M\u0101rti\u0146\u0161 Freimanis un vi\u0146a dai\u013crade. Vi\u0146as sapnis bija rad\u012bt kop\u012bgu dziesmu ar grupu \u201cTumsas\u201d m\u016bzi\u0137iem, kas tagad darbojas ar nosaukumu \u201cp\u0113cTUMSAs\u201d. \u0160is sapnis piepild\u012bj\u0101s, radot dziesmu \u201cT\u0101lum\u0101\u201d kop\u0101 ar J\u0101ni Daudali, vienu no \u201cTumsas\u201d dibin\u0101t\u0101jiem. \u0160\u012b sadarb\u012bba ir k\u013cuvusi par noz\u012bm\u012bgu atskaites punktu Dionas karjer\u0101, apliecinot vi\u0146as sp\u0113ju apvienot paaudzes un m\u016bzikas stilus. Interesanti, ka dzied\u0101t\u0101ja v\u0113l nesen piemin\u0113ja ar\u012b savu sapni par kino, nor\u0101dot uz savu pla\u0161o intere\u0161u loku un rado\u0161o potenci\u0101lu. \u0160is sapnis par kino var\u0113tu b\u016bt n\u0101kamais solis vi\u0146as jau t\u0101 veiksm\u012bgaj\u0101 karjer\u0101, atverot jaunas durvis un iesp\u0113jas.<\/p>\n<p>Albums &#8220;M\u0101ko\u0146os&#8221; un n\u0101kamie so\u013ci<\/p>\n<p>Dionas otrais studijas albums \u201cM\u0101ko\u0146i\u201d tika laists klaj\u0101 2025. gada oktobr\u012b ar nelielu koncertu \u201cArodbiedr\u012bbu nama\u201d sestaj\u0101 st\u0101v\u0101. Albuma izn\u0101k\u0161anu pavad\u012bja ar\u012b videoklips, kas izce\u013cas ar savdab\u012bgu form\u0101tu un interpret\u0101ciju, pieminot ar\u012b Merilinu Monro t\u0113lu. \u0160is albums ir apliecin\u0101jums Dionas rado\u0161ajai izaugsmei un sp\u0113jai rad\u012bt dzi\u013cas, p\u0101rdomas rosino\u0161as dziesmas. Katra dziesma album\u0101 ir k\u0101 da\u013ca no Dionas biogr\u0101fijas, ietverot vi\u0146as dz\u012bves p\u0101rdz\u012bvojumus un piedz\u012bvojumus, kas ar\u012b tiek uzskat\u012bts par vi\u0146as dai\u013crades pievienoto v\u0113rt\u012bbu. Vi\u0146as m\u016bzika ir personiska un j\u016bt\u012bga, kas \u013cauj klaus\u012bt\u0101jiem justies saist\u012btiem un saprastiem. Diona ir apvelt\u012bta ar sp\u0113ju nest gaismu caur savu dai\u013cradi, k\u0101 to apliecina vi\u0146as pa\u0161t\u0113ls k\u0101 21. gadsimta m\u016bzi\u0137e, kas mirdz Latvijas pras\u012bgaj\u0101 m\u016bzikas vid\u0113.<\/p>\n<p>Person\u012bg\u0101s p\u0101rdomas un pateic\u012bba<\/p>\n<p>Neskatoties uz da\u017ebr\u012bd\u012b izteikto ne visai optimistisko skat\u012bjumu uz dz\u012bvi, Diona sevi raksturo k\u0101 optimisti, par ko vi\u0146a ir \u013coti pateic\u012bga. Vi\u0146a pau\u017e dzi\u013cu pateic\u012bbu savai m\u0101tei par doto unik\u0101lo v\u0101rdu \u201cDiona\u201d, kas neliedz vi\u0146as individualit\u0101ti, un par savu talantu, ko vi\u0146a d\u0113v\u0113 par \u201ckosmosa d\u0101vanu\u201d. Diona ir pateic\u012bga par savu kr\u0101saino dz\u012bves ce\u013cu, kas bag\u0101ts ar piedz\u012bvojumiem, p\u0101rdz\u012bvojumiem un emocij\u0101m, kas visas atspogu\u013cojas vi\u0146as dziesm\u0101s. Vi\u0146a atz\u012bst, ka pat nepat\u012bkamie notikumi laika gait\u0101 ieg\u016bst jaunu, v\u0113rt\u012bgu noz\u012bmi. Vi\u0146as attiec\u012bbas ar m\u016bzi\u0137i Ivaru Krastu no grupas \u201cSingap\u016bras Sat\u012bns\u201d ir publiski zin\u0101mas, un p\u0101ris bie\u017ei kop\u0101 apmekl\u0113 pas\u0101kumus, apliecinot savas j\u016btas. Lai gan reiz\u0113m par\u0101d\u0101s baumas par \u0161\u0137ir\u0161anos, vi\u0146u attiec\u012bbas joproj\u0101m ir stabilas. Diona ir ar\u012b publiski run\u0101jusi par saviem person\u012bg\u0101s dz\u012bves izaicin\u0101jumiem, tostarp par attiec\u012bb\u0101m ar biolo\u0123isko t\u0113vu un saskarsmi ar negat\u012bv\u0101m dom\u0101m, kas liecina par vi\u0146as atkl\u0101t\u012bbu un gatav\u012bbu run\u0101t par sare\u017e\u0123\u012bt\u0101m t\u0113m\u0101m.<\/p>\n<p>Izaicin\u0101jumi un n\u0101kotnes perspekt\u012bvas<\/p>\n<p>Latvijas m\u016bzikas industrija, t\u0101pat k\u0101 daudzas citas pasaul\u0113, saskaras ar izaicin\u0101jumiem, \u012bpa\u0161i jauniem m\u0101ksliniekiem, kuriem nav pietiekama finans\u0113juma un atbalsta. P\u0113t\u012bjumi nor\u0101da, ka daudzi jaunie m\u0101kslinieki apsver karjeras mai\u0146u vai jau to ir dar\u012bju\u0161i, galvenok\u0101rt saist\u012bb\u0101 ar nenoteikt\u012bbu par ien\u0101kumu g\u016b\u0161anu un zemo sabiedr\u012bbas nov\u0113rt\u0113jumu m\u0101kslai. Lai gan \u0161\u012b situ\u0101cija ir vis\u0101 Eirop\u0101, Latvij\u0101 ir ar\u012b savas specifisk\u0101s nianses, piem\u0113ram, liela da\u013ca ie\u0146\u0113mumu no m\u016bzikas pat\u0113ri\u0146a non\u0101k pie lielaj\u0101m m\u016bzikas izdevniec\u012bb\u0101m vai \u0101rzemju autoru ties\u012bbu tur\u0113t\u0101jiem. Tom\u0113r, pateicoties iniciat\u012bv\u0101m k\u0101 \u201cMusic Export Latvia\u201d, tiek veicin\u0101ta Latvijas m\u016bzikas eksporta att\u012bst\u012bba. Diona Liepi\u0146a, ar savu talantu, neatlaid\u012bbu un sp\u0113ju p\u0101rvar\u0113t gr\u016bt\u012bbas, ir spilgts piem\u0113rs tam, ka ar\u012b Latvijas m\u016bzikas industrij\u0101 ir iesp\u0113jams sasniegt virsotnes, radot kvalitat\u012bvu un emocion\u0101li pies\u0101tin\u0101tu m\u016bziku.<\/p>\n","protected":false},"excerpt":{"rendered":"No R\u0113zeknes l\u012bdz &#8220;M\u0101ko\u0146iem&#8221;: Dionas muzik\u0101lais ce\u013c\u0161 caur \u0113rk\u0161\u0137iem Diona Liepi\u0146a, m\u016bsdien\u0101s paz\u012bstama vienk\u0101r\u0161i k\u0101 Diona, ir spo\u017ea&hellip;\n","protected":false},"author":2,"featured_media":50365,"comment_status":"","ping_status":"","sticky":false,"template":"","format":"standard","meta":{"footnotes":""},"categories":[19],"tags":[6269,89,90,35,39,38,36,37,34,355,40,13765,3702,1111],"class_list":{"0":"post-50364","1":"post","2":"type-post","3":"status-publish","4":"format-standard","5":"has-post-thumbnail","7":"category-izklaide","8":"tag-diona-liepina","9":"tag-entertainment","10":"tag-izklaide","11":"tag-latvia","12":"tag-latvian","13":"tag-latviesu","14":"tag-latviesu-valoda","15":"tag-latviesuvaloda","16":"tag-latvija","17":"tag-latvijas-muzika","18":"tag-lv","19":"tag-makoni","20":"tag-muzikas-karjera","21":"tag-x-faktors"},"share_on_mastodon":{"url":"https:\/\/pubeurope.com\/@lv\/115556442675679217","error":""},"_links":{"self":[{"href":"https:\/\/www.europesays.com\/lv\/wp-json\/wp\/v2\/posts\/50364","targetHints":{"allow":["GET"]}}],"collection":[{"href":"https:\/\/www.europesays.com\/lv\/wp-json\/wp\/v2\/posts"}],"about":[{"href":"https:\/\/www.europesays.com\/lv\/wp-json\/wp\/v2\/types\/post"}],"author":[{"embeddable":true,"href":"https:\/\/www.europesays.com\/lv\/wp-json\/wp\/v2\/users\/2"}],"replies":[{"embeddable":true,"href":"https:\/\/www.europesays.com\/lv\/wp-json\/wp\/v2\/comments?post=50364"}],"version-history":[{"count":0,"href":"https:\/\/www.europesays.com\/lv\/wp-json\/wp\/v2\/posts\/50364\/revisions"}],"wp:featuredmedia":[{"embeddable":true,"href":"https:\/\/www.europesays.com\/lv\/wp-json\/wp\/v2\/media\/50365"}],"wp:attachment":[{"href":"https:\/\/www.europesays.com\/lv\/wp-json\/wp\/v2\/media?parent=50364"}],"wp:term":[{"taxonomy":"category","embeddable":true,"href":"https:\/\/www.europesays.com\/lv\/wp-json\/wp\/v2\/categories?post=50364"},{"taxonomy":"post_tag","embeddable":true,"href":"https:\/\/www.europesays.com\/lv\/wp-json\/wp\/v2\/tags?post=50364"}],"curies":[{"name":"wp","href":"https:\/\/api.w.org\/{rel}","templated":true}]}}