{"id":50368,"date":"2025-11-16T01:49:14","date_gmt":"2025-11-16T01:49:14","guid":{"rendered":"https:\/\/www.europesays.com\/lv\/50368\/"},"modified":"2025-11-16T01:49:14","modified_gmt":"2025-11-16T01:49:14","slug":"tris-sitieni-pirms-katras-izrades-lente-lv-2","status":"publish","type":"post","link":"https:\/\/www.europesays.com\/lv\/50368\/","title":{"rendered":"tr\u012bs sitieni pirms katras izr\u0101des\u00a0\u2014\u00a0Lente.lv"},"content":{"rendered":"<p>Aktiera Andra Bu\u013ca skatuves ritu\u0101ls: Tr\u012bs sitieni pirms izr\u0101des<\/p>\n<p>Aktieris Andris Bulis, kur\u0161 ikdien\u0101 mirdz Dailes te\u0101tra skatuv\u0113, atkl\u0101jis savu person\u012bgo, r\u016bp\u012bgi nosl\u0113ptu ritu\u0101lu, ko veic pirms katras uzst\u0101\u0161an\u0101s. \u0160is ritu\u0101ls, lai gan vienk\u0101r\u0161s, nes sev\u012b dzi\u013cu noz\u012bmi un pal\u012bdz aktierim noska\u0146oties uz gaid\u0101mo izr\u0101di.<\/p>\n<p>Ieskats aiz Dailes te\u0101tra priek\u0161kara<\/p>\n<p>Nesen\u0101 raid\u012bjuma &#8220;Slaven\u012bbas. Bez filtra&#8221; rubrik\u0101 &#8220;Aktu\u0101li. Bez filtra&#8221; Andris Bulis sniedza unik\u0101lu iesp\u0113ju radio person\u012bbai Sandai Dejus iel\u016bkoties Dailes te\u0101tra aizkulis\u0113s. Sanda, kura pati sap\u0146o par aktierm\u0101kslas apg\u016b\u0161anu un uzst\u0101\u0161anos uz liel\u0101s skatuves, bija saj\u016bsmin\u0101ta par iesp\u0113ju iepaz\u012bt te\u0101tra pasauli no citas perspekt\u012bvas. Pati Sanda nesp\u0113ja sl\u0113pt savas emocijas, ieraugot te\u0101tra telpas dienas gaism\u0101, atz\u012bstot: &#8220;Ak, dievs, cik skaisti! Es nekad neesmu bijusi \u0161eit dienas laik\u0101.&#8221;<\/p>\n<p>M\u0101\u0146tic\u012bba un trad\u012bcijas te\u0101tr\u012b<\/p>\n<p>Bulis, pavadot Deju pa te\u0101tra telp\u0101m, dal\u012bj\u0101s ieskat\u0101 par te\u0101tra \u013cau\u017eu izteikto m\u0101\u0146tic\u012bbu un trad\u012bcij\u0101m, kas bie\u017ei vien vijas cauri ikviena m\u0101kslinieka ikdienai. Vi\u0146\u0161 uzsv\u0113ra, ka katram aktierim ir savi person\u012bgie ritu\u0101li, kas pal\u012bdz sagatavoties un iek\u0161\u0113ji uz\u0146emt skatuves ener\u0123iju. \u0160\u012bs neliel\u0101s, bet noz\u012bm\u012bg\u0101s darb\u012bbas bie\u017ei vien k\u013c\u016bst par neat\u0146emamu sast\u0101vda\u013cu pirms izr\u0101des.<\/p>\n<p>Andra Bu\u013ca \u012bpa\u0161ais ritu\u0101ls<\/p>\n<p>Atkl\u0101jot savu nosl\u0113pumu, Andris Bulis sac\u012bja: &#8220;Piem\u0113ram, pirms katras izr\u0101des es tr\u012bs reizes piesitu pie skatuves gr\u012bdas&#8230;&#8221; \u0160is vienk\u0101r\u0161ais \u017eests, tr\u012bs reizes piesitot pie skatuves gr\u012bdas, ir k\u013cuvis par vi\u0146a person\u012bgo veiksmes un noska\u0146o\u0161an\u0101s simbolu. Lai gan prec\u012bza \u0161\u012b ritu\u0101la izcelsme un dzi\u013c\u0101k\u0101 noz\u012bme netiek atkl\u0101ta, t\u0101 kl\u0101tb\u016btne pirms katras uzst\u0101\u0161an\u0101s liecina par aktiera v\u0113lmi rad\u012bt sev \u012bpa\u0161u piesk\u0101rienu pirms do\u0161an\u0101s skat\u012bt\u0101ju priek\u0161\u0101.<\/p>\n<p>Aktiera karjera un talants<\/p>\n<p>Andris Bulis ir paz\u012bstams latvie\u0161u aktieris, kur\u0161 kop\u0161 2018. gada ir Dailes te\u0101tra aktieris. Pirms tam vi\u0146\u0161 ieguvis aktiera pieredzi ar\u012b citos te\u0101tros, piem\u0113ram, Liep\u0101jas te\u0101tr\u012b, Latvijas Nacion\u0101laj\u0101 te\u0101tr\u012b un Daugavpils te\u0101tr\u012b. Vi\u0146a talants nav palicis nepaman\u012bts \u2013 Bulis ir sa\u0146\u0113mis vair\u0101kas &#8220;Sp\u0113lma\u0146u nakts&#8221; nomin\u0101cijas par spilgtu aktiersp\u0113li. Aktieris ir paz\u012bstams ar\u012b ar lom\u0101m kino un telev\u012bzij\u0101, tostarp ar M\u0101ra lomu seri\u0101l\u0101 &#8220;Vi\u0146as melo lab\u0101k&#8221;. Papildus aktierm\u0101kslai Bulis ir ar\u012b dzejnieks, izdevis \u010detrus dzejo\u013cu kr\u0101jumus, no kuriem jaun\u0101kais ir &#8220;Erot\u0113rika&#8221;.<\/p>\n<p>Pla\u0161\u0101ka publik\u0101cijas konteksts<\/p>\n<p>\u0160is atkl\u0101jums par Andra Bu\u013ca ritu\u0101lu izskan\u0113jis raid\u012bjum\u0101 &#8220;Slaven\u012bbas. Bez filtra&#8221;, kur\u0101 aktieris kop\u0161 2025. gada ir viens no rubrikas &#8220;Aktu\u0101li. Bez filtra&#8221; vad\u012bt\u0101jiem. Raid\u012bjum\u0101 Bulis interv\u0113 sabiedr\u012bb\u0101 zin\u0101mus cilv\u0113kus, \u013caujot skat\u012bt\u0101jiem iepaz\u012bt vi\u0146us no jauna un cit\u0101 gaism\u0101. Vi\u0146a uzdevums ir pan\u0101kt uztic\u012bbu un atkl\u0101t lietas, ko cit\u0101di m\u0113s nekad nedzird\u0113tu, iedzi\u013cinoties cilv\u0113kos un vi\u0146u dz\u012bvesst\u0101stos.<\/p>\n","protected":false},"excerpt":{"rendered":"Aktiera Andra Bu\u013ca skatuves ritu\u0101ls: Tr\u012bs sitieni pirms izr\u0101des Aktieris Andris Bulis, kur\u0161 ikdien\u0101 mirdz Dailes te\u0101tra skatuv\u0113,&hellip;\n","protected":false},"author":2,"featured_media":50369,"comment_status":"","ping_status":"","sticky":false,"template":"","format":"standard","meta":{"footnotes":""},"categories":[19],"tags":[13730,5903,454,89,90,35,39,38,36,37,34,40,95,13731],"class_list":{"0":"post-50368","1":"post","2":"type-post","3":"status-publish","4":"format-standard","5":"has-post-thumbnail","7":"category-izklaide","8":"tag-aktiera-rituals","9":"tag-andris-bulis","10":"tag-dailes-teatris","11":"tag-entertainment","12":"tag-izklaide","13":"tag-latvia","14":"tag-latvian","15":"tag-latviesu","16":"tag-latviesu-valoda","17":"tag-latviesuvaloda","18":"tag-latvija","19":"tag-lv","20":"tag-slavenibas-bez-filtra","21":"tag-teatra-aizkulises"},"share_on_mastodon":{"url":"https:\/\/pubeurope.com\/@lv\/115556867375402077","error":""},"_links":{"self":[{"href":"https:\/\/www.europesays.com\/lv\/wp-json\/wp\/v2\/posts\/50368","targetHints":{"allow":["GET"]}}],"collection":[{"href":"https:\/\/www.europesays.com\/lv\/wp-json\/wp\/v2\/posts"}],"about":[{"href":"https:\/\/www.europesays.com\/lv\/wp-json\/wp\/v2\/types\/post"}],"author":[{"embeddable":true,"href":"https:\/\/www.europesays.com\/lv\/wp-json\/wp\/v2\/users\/2"}],"replies":[{"embeddable":true,"href":"https:\/\/www.europesays.com\/lv\/wp-json\/wp\/v2\/comments?post=50368"}],"version-history":[{"count":0,"href":"https:\/\/www.europesays.com\/lv\/wp-json\/wp\/v2\/posts\/50368\/revisions"}],"wp:featuredmedia":[{"embeddable":true,"href":"https:\/\/www.europesays.com\/lv\/wp-json\/wp\/v2\/media\/50369"}],"wp:attachment":[{"href":"https:\/\/www.europesays.com\/lv\/wp-json\/wp\/v2\/media?parent=50368"}],"wp:term":[{"taxonomy":"category","embeddable":true,"href":"https:\/\/www.europesays.com\/lv\/wp-json\/wp\/v2\/categories?post=50368"},{"taxonomy":"post_tag","embeddable":true,"href":"https:\/\/www.europesays.com\/lv\/wp-json\/wp\/v2\/tags?post=50368"}],"curies":[{"name":"wp","href":"https:\/\/api.w.org\/{rel}","templated":true}]}}